{"id":77772,"date":"2016-04-14T18:28:48","date_gmt":"2016-04-14T16:28:48","guid":{"rendered":"http:\/\/gazdasagportal.hu\/?p=77772"},"modified":"2016-04-14T17:43:07","modified_gmt":"2016-04-14T15:43:07","slug":"brit-eu-nepszavazas-londoni-elemzok-kelet-europa-nem-szenvedne-meg-nagyon-a-brexitet","status":"publish","type":"post","link":"https:\/\/gazdasagportal.hu\/index.php\/brit-eu-nepszavazas-londoni-elemzok-kelet-europa-nem-szenvedne-meg-nagyon-a-brexitet\/","title":{"rendered":"Brit EU-n\u00e9pszavaz\u00e1s &#8211; Londoni elemz\u0151k: Kelet-Eur\u00f3pa nem szenvedn\u00e9 meg nagyon a Brexitet"},"content":{"rendered":"<p><strong>Londoni p\u00e9nz\u00fcgyi elemz\u0151k szerint K\u00f6z\u00e9p- \u00e9s Kelet-Eur\u00f3pa EU-gazdas\u00e1gai nem s\u00ednylen\u00e9k meg t\u00fals\u00e1gosan, ha a j\u00faniusra ki\u00edrt n\u00e9pszavaz\u00e1s eredm\u00e9nyek\u00e9nt Nagy-Britannia t\u00e1vozna az Eur\u00f3pai Uni\u00f3b\u00f3l.<\/strong><!--more--><\/p>\n<div class=\"ads-in-post1\"><div id=\"gazdasagportal.hu_fullbanner_wideboard\"><\/div>\r\n<\/div>\n<p>    A Bank of America-Merrill Lynch bankcsoport londoni elemz\u0151r\u00e9szleg\u00e9nek (BofA Merrill Lynch Global Research) cs\u00fct\u00f6rt\u00f6k\u00f6n ismertetett tanulm\u00e1nya szerint j\u00f3llehet Nagy-Britannia jelent\u0151s felvev\u0151piaca a magyar, a lengyel, a cseh \u00e9s a rom\u00e1n exportnak, az eur\u00f3\u00f6vezet azonban sokkal fontosabb e n\u00e9gy gazdas\u00e1g sz\u00e1m\u00e1ra.<br \/>\n    Nagy-Britannia a n\u00e9gyek t\u00edz legnagyobb exportpiaca k\u00f6z\u00f6tt szerepel, e gazdas\u00e1gok teljes \u00e1ru- \u00e9s szolg\u00e1ltat\u00e1sexportj\u00e1b\u00f3l 4-6,5 sz\u00e1zal\u00e9k k\u00f6z\u00f6tti h\u00e1nyad jut a brit piacra, N\u00e9metorsz\u00e1g r\u00e9szesed\u00e9se azonban 20-30 sz\u00e1zal\u00e9k, az eg\u00e9sz eur\u00f3\u00f6vezet\u00e9 50-60 sz\u00e1zal\u00e9k &#8211; hangs\u00falyozz\u00e1k a Bank of America-Merrill Lynch elemz\u0151i.<br \/>\n    A h\u00e1z szerint Brexit eset\u00e9n &#8211; vagyis ha Nagy-Britannia kil\u00e9p az EU-b\u00f3l &#8211; a brit gazdas\u00e1g teljes\u00edtm\u00e9ny\u00e9nek nagyon nagy m\u00e9rt\u00e9kben kellene visszaesnie ahhoz, hogy a n\u00e9gy k\u00f6z\u00e9p- \u00e9s kelet-eur\u00f3pai EU-gazdas\u00e1gra ez komoly hat\u00e1st gyakoroljon.<br \/>\n    A c\u00e9g elemz\u0151i alapesetk\u00e9nt a brit export 10 sz\u00e1zal\u00e9kos cs\u00f6kken\u00e9s\u00e9t modellezt\u00e9k, azzal a felt\u00e9telez\u00e9ssel, hogy ennek nem lenne \u00e1tsz\u0171r\u0151d\u0151 hat\u00e1sa az eur\u00f3\u00f6vezeti keresletre. Sz\u00e1m\u00edt\u00e1saik szerint egy ilyen forgat\u00f3k\u00f6nyv k\u00f6zvetlen hat\u00e1sk\u00e9nt a hazai \u00f6sszterm\u00e9k (GDP) 0,2-0,4 sz\u00e1zal\u00e9k\u00e1val egyenl\u0151 m\u00e9rt\u00e9kben cs\u00f6kkenne a vizsg\u00e1lt n\u00e9gy k\u00f6z\u00e9p- \u00e9s kelet-eur\u00f3pai EU-gazdas\u00e1g \u00e1ru- \u00e9s szolg\u00e1ltat\u00e1sexportja.<br \/>\n    A Bank of America-Merrill Lynch kidolgozott egy olyan forgat\u00f3k\u00f6nyvet is, amely a brit piacra a n\u00e9met besz\u00e1ll\u00edt\u00f3i h\u00e1l\u00f3zaton kereszt\u00fcl ir\u00e1nyul\u00f3 k\u00f6zvetett exportot is figyelembe veszi, emellett a n\u00e9gy orsz\u00e1g Nagy-Britanni\u00e1ban dolgoz\u00f3 munkav\u00e1llal\u00f3i \u00e1ltal hazautalt megtakar\u00edt\u00e1sok 50 sz\u00e1zal\u00e9kos visszaes\u00e9s\u00e9vel sz\u00e1mol. A h\u00e1z e sz\u00e1m\u00edt\u00e1si modellje is azt mutatja, hogy &#8222;kezelhet\u0151k&#8221; lenn\u00e9nek a Brexit k\u00f6vetkezm\u00e9nyei a n\u00e9gyek k\u00fcls\u0151 fizet\u00e9si egyens\u00falyi helyzet\u00e9re.<br \/>\n    A c\u00e9g szerint e forgat\u00f3k\u00f6nyv a GDP ar\u00e1ny\u00e1ban m\u00e9rve 0,4-0,5 sz\u00e1zal\u00e9kos potenci\u00e1lis hat\u00e1st gyakorolna a magyar, a cseh \u00e9s a lengyel foly\u00f3m\u00e9rleg-egyenlegre, Rom\u00e1nia eset\u00e9ben pedig 0,2 sz\u00e1zal\u00e9k lenne ez a hat\u00e1s.<br \/>\n    A Bank of America-Merrill Lynch szerint legal\u00e1bb 2019-ig nem val\u00f3sz\u00edn\u0171 az sem, hogy Nagy-Britannia esetleges kil\u00e9p\u00e9se az EU-b\u00f3l negat\u00edv hat\u00e1st gyakorolna a n\u00e9gy keleti EU-gazdas\u00e1gnak j\u00e1r\u00f3 uni\u00f3s felz\u00e1rk\u00f3ztat\u00e1si foly\u00f3s\u00edt\u00e1sokra, mivel az EU-jogszab\u00e1lyok tov\u00e1bbra is vonatkozn\u00e1nak Nagy-Britanni\u00e1ra a kil\u00e9p\u00e9s napj\u00e1ig, vagy a t\u00e1voz\u00e1si sz\u00e1nd\u00e9k bejelent\u00e9s\u00e9t\u0151l sz\u00e1m\u00edtott k\u00e9t \u00e9v letelt\u00e9ig, f\u00fcgg\u0151en att\u00f3l, hogy melyik id\u0151pont lenne el\u0151bb.<br \/>\n    A h\u00e1z szerint Brexit eset\u00e9n felmer\u00fclhetne az a k\u00e9rd\u00e9s, hogy &#8222;ki lesz a k\u00f6vetkez\u0151&#8221;. A c\u00e9g elemz\u0151i azonban nem tartj\u00e1k val\u00f3sz\u00edn\u0171nek, hogy a n\u00e9gy k\u00f6z\u00e9p- \u00e9s kelet-eur\u00f3pai EU-orsz\u00e1g a k\u00f6vetkez\u0151 \u00f6t \u00e9vben komolyan fontol\u00f3ra venn\u00e9 a kil\u00e9p\u00e9st. Az EU-tags\u00e1g lakoss\u00e1gi t\u00e1mogatotts\u00e1ga ezekben az orsz\u00e1gokban egyr\u00e9szt v\u00e1ltozatlanul magas, s\u0151t meghaladja az uni\u00f3s \u00e1tlagot, m\u00e1sr\u00e9szt egyszer\u0171en t\u00fal nagy a n\u00e9gyek kereskedelmi \u00e9s p\u00e9nz\u00fcgyi f\u00fcgg\u0151s\u00e9ge az EU-t\u00f3l, f\u0151leg N\u00e9metorsz\u00e1gt\u00f3l ahhoz, hogy megszak\u00edts\u00e1k kapcsolataikat az EU egys\u00e9ges piac\u00e1val &#8211; v\u00e9lekedtek tanulm\u00e1nyukban a Bank of America-Merrill Lynch londoni elemz\u0151i.<br \/>\n    M\u00e1s nagy londoni h\u00e1zak vizsg\u00e1latai szerint ink\u00e1bb a brit gazdas\u00e1got \u00e9rinten\u00e9 \u00e9rz\u00e9kenyen, ha Brexit eset\u00e9n sz\u0171k\u00fclne Nagy-Britannia hozz\u00e1f\u00e9r\u00e9se a k\u00f6z\u00e9p- \u00e9s kelet-eur\u00f3pai EU-t\u00e9rs\u00e9g munkaerej\u00e9hez.<br \/>\n    Az Oxfordi Egyetem Londonban m\u0171k\u00f6d\u0151 gazdas\u00e1gi kutat\u00f3int\u00e9zete, az Oxford Econmics becsl\u00e9se szerint a k\u00fclf\u00f6ldi EU-orsz\u00e1gokb\u00f3l betelep\u00fclt munkav\u00e1llal\u00f3k be\u00e1raml\u00e1sa a 2005 \u00e9s 2015 k\u00f6z\u00f6tti \u00e9vtizedben \u00e9vente \u00e1tlagosan 0,5 sz\u00e1zal\u00e9kpontot adott hozz\u00e1 a brit gazdas\u00e1g potenci\u00e1lis n\u00f6veked\u00e9si r\u00e1t\u00e1j\u00e1hoz, els\u0151sorban azzal, hogy a j\u00f3r\u00e9szt fiatal k\u00fclf\u00f6ldi EU-munkav\u00e1llal\u00f3k \u00e9rkez\u00e9se ellent\u00e9telezte a brit t\u00e1rsadalom id\u0151s\u00f6d\u00e9s\u00e9nek negat\u00edv munkapiaci hat\u00e1sait.<br \/>\n    Az Oxford Economics elemz\u0151i modellsz\u00e1m\u00edt\u00e1sok alapj\u00e1n arra jutottak, hogy ha a brit korm\u00e1ny az elm\u00falt t\u00edz \u00e9v 104 ezer f\u0151s \u00e9ves \u00e1tlagos nett\u00f3 be\u00e1raml\u00e1s\u00e1hoz k\u00e9pest \u00e9vente p\u00e9ld\u00e1ul 60 ezerrel kevesebb munkav\u00e1llal\u00f3t engedne be az Eur\u00f3pai Uni\u00f3b\u00f3l, az \u00f6nmag\u00e1ban &#8211; a brit kil\u00e9p\u00e9s egy\u00e9b hat\u00e1saival nem is sz\u00e1molva &#8211; 2030-ra 1,1 sz\u00e1zal\u00e9kkal cs\u00f6kkenten\u00e9 a brit hazai \u00f6sszterm\u00e9k nomin\u00e1lis \u00e9rt\u00e9k\u00e9t ahhoz a szinthez k\u00e9pest, amelyet a brit gazdas\u00e1g abban az \u00e9vben EU-tagk\u00e9nt \u00e9s a szabad munkaer\u0151-be\u00e1raml\u00e1st fenntartva el\u00e9rhetne.(MTI)<\/p>\n","protected":false},"excerpt":{"rendered":"<p>Londoni p\u00e9nz\u00fcgyi elemz\u0151k szerint K\u00f6z\u00e9p- \u00e9s Kelet-Eur\u00f3pa EU-gazdas\u00e1gai nem s\u00ednylen\u00e9k meg t\u00fals\u00e1gosan, ha a j\u00faniusra ki\u00edrt n\u00e9pszavaz\u00e1s eredm\u00e9nyek\u00e9nt Nagy-Britannia t\u00e1vozna az Eur\u00f3pai Uni\u00f3b\u00f3l.<\/p>\n","protected":false},"author":1,"featured_media":0,"comment_status":"open","ping_status":"closed","sticky":false,"template":"","format":"standard","meta":[],"categories":[246],"tags":[],"_links":{"self":[{"href":"https:\/\/gazdasagportal.hu\/index.php\/wp-json\/wp\/v2\/posts\/77772"}],"collection":[{"href":"https:\/\/gazdasagportal.hu\/index.php\/wp-json\/wp\/v2\/posts"}],"about":[{"href":"https:\/\/gazdasagportal.hu\/index.php\/wp-json\/wp\/v2\/types\/post"}],"author":[{"embeddable":true,"href":"https:\/\/gazdasagportal.hu\/index.php\/wp-json\/wp\/v2\/users\/1"}],"replies":[{"embeddable":true,"href":"https:\/\/gazdasagportal.hu\/index.php\/wp-json\/wp\/v2\/comments?post=77772"}],"version-history":[{"count":1,"href":"https:\/\/gazdasagportal.hu\/index.php\/wp-json\/wp\/v2\/posts\/77772\/revisions"}],"predecessor-version":[{"id":77773,"href":"https:\/\/gazdasagportal.hu\/index.php\/wp-json\/wp\/v2\/posts\/77772\/revisions\/77773"}],"wp:attachment":[{"href":"https:\/\/gazdasagportal.hu\/index.php\/wp-json\/wp\/v2\/media?parent=77772"}],"wp:term":[{"taxonomy":"category","embeddable":true,"href":"https:\/\/gazdasagportal.hu\/index.php\/wp-json\/wp\/v2\/categories?post=77772"},{"taxonomy":"post_tag","embeddable":true,"href":"https:\/\/gazdasagportal.hu\/index.php\/wp-json\/wp\/v2\/tags?post=77772"}],"curies":[{"name":"wp","href":"https:\/\/api.w.org\/{rel}","templated":true}]}}