{"id":77764,"date":"2016-04-14T14:53:49","date_gmt":"2016-04-14T12:53:49","guid":{"rendered":"http:\/\/gazdasagportal.hu\/?p=77764"},"modified":"2016-04-14T14:53:49","modified_gmt":"2016-04-14T12:53:49","slug":"tobb-evtizedes-melypontra-csokkent-az-elso-alkalommal-munkanelkuli-segelyt-kerok-szama-az-egyesult-allamokban","status":"publish","type":"post","link":"https:\/\/gazdasagportal.hu\/index.php\/tobb-evtizedes-melypontra-csokkent-az-elso-alkalommal-munkanelkuli-segelyt-kerok-szama-az-egyesult-allamokban\/","title":{"rendered":"T\u00f6bb \u00e9vtizedes m\u00e9lypontra cs\u00f6kkent az els\u0151 alkalommal munkan\u00e9lk\u00fcli seg\u00e9lyt k\u00e9r\u0151k sz\u00e1ma az Egyes\u00fclt \u00c1llamokban"},"content":{"rendered":"<p><strong>T\u00f6bb \u00e9vtizedes m\u00e9lypontra cs\u00f6kkent az els\u0151 alkalommal munkan\u00e9lk\u00fcli seg\u00e9ly\u00e9rt folyamod\u00f3k sz\u00e1ma a m\u00falt h\u00e9ten az Egyes\u00fclt \u00c1llamokban.<\/strong><!--more--><\/p>\n<div class=\"ads-in-post1\"><div id=\"gazdasagportal.hu_fullbanner_wideboard\"><\/div>\r\n<\/div>\n<p>    Az amerikai munka\u00fcgyi miniszt\u00e9rium cs\u00fct\u00f6rt\u00f6k\u00f6n k\u00f6z\u00f6lte, hogy az \u00e1prilis 9-\u00e9n z\u00e1rult h\u00e9ten a szezon\u00e1lisan kiigaz\u00edtott adatok szerint a seg\u00e9lyk\u00e9relmek sz\u00e1ma 13 ezerrel, az el\u0151z\u0151 heti 266 ezerr\u0151l 253 ezerre s\u00fcllyedt. Elemz\u0151k kis m\u00e9rt\u00e9k\u0171 emelked\u00e9sre, 270 ezres adatra sz\u00e1m\u00edtottak.<br \/>\n    Utolj\u00e1ra 1973 november\u00e9ben \u00e1llt ilyen alacsony szinten ez a sz\u00e1m. R\u00e1ad\u00e1sul az els\u0151 alkalommal munkan\u00e9lk\u00fcli seg\u00e9ly\u00e9rt folyamod\u00f3k sz\u00e1ma m\u00e1r az 58. egym\u00e1st k\u00f6vet\u0151 h\u00e9ten maradt 300 ezer alatt, \u00e9s ilyen hossz\u00fa egybef\u00fcgg\u0151 id\u0151szakra 1973 \u00f3ta nem volt p\u00e9lda.<br \/>\n    A 300 ezer alatti \u00e9rt\u00e9ket a munkaer\u0151piac robusztus er\u0151s\u00f6d\u00e9s\u00e9nek jelek\u00e9nt \u00e9rtelmezik az elemz\u0151k. Utolj\u00e1ra a tavaly febru\u00e1r 28-\u00e1n v\u00e9gz\u0151d\u0151 h\u00e9tr\u0151l jelentettek 300 ezer feletti \u00e9rt\u00e9ket, akkor 327 ezret.<br \/>\n    A seg\u00e9lyk\u00e9relmek sz\u00e1m\u00e1t m\u00e9r\u0151 n\u00e9gyhetes mozg\u00f3\u00e1tlag 1500-zal, 265 ezerre s\u00fcllyedt.<br \/>\n    A tart\u00f3san munkan\u00e9lk\u00fcli seg\u00e9lyt k\u00e9r\u0151k sz\u00e1ma 18 ezerrel, 2 milli\u00f3 171 ezerre cs\u00f6kkent az \u00e1prilis 2-\u00e1n z\u00e1rult h\u00e9ten. A tart\u00f3san munkan\u00e9lk\u00fcli seg\u00e9lyt k\u00e9r\u0151k sz\u00e1m\u00e1t m\u00e9r\u0151 n\u00e9gyhetes mozg\u00f3\u00e1tlag 1 250-nel, 2 milli\u00f3 178 ezerre esett.<br \/>\n    Az adatok tov\u00e1bbra is azt mutatj\u00e1k, hogy a munkaer\u0151-piaci helyzet stabil, a munkan\u00e9lk\u00fcliek sz\u00e1ma tart\u00f3san a t\u00f6rt\u00e9nelmi m\u00e9lypontok k\u00f6r\u00fcl mozog.<br \/>\n    Sz\u00e1mos v\u00e1llalkoz\u00e1s m\u00e1r arra panaszkodik, hogy nehezen tal\u00e1l megfelel\u0151en k\u00e9pzett \u00e9s tapasztalt munkav\u00e1llal\u00f3t, ami hozz\u00e1j\u00e1rulhat ahhoz, hogy vonakodnak elbocs\u00e1tani b\u00e1rkit is alkalmazottaik k\u00f6z\u00fcl.(MTI)<\/p>\n","protected":false},"excerpt":{"rendered":"<p>T\u00f6bb \u00e9vtizedes m\u00e9lypontra cs\u00f6kkent az els\u0151 alkalommal munkan\u00e9lk\u00fcli seg\u00e9ly\u00e9rt folyamod\u00f3k sz\u00e1ma a m\u00falt h\u00e9ten az Egyes\u00fclt \u00c1llamokban.<\/p>\n","protected":false},"author":1,"featured_media":0,"comment_status":"open","ping_status":"closed","sticky":false,"template":"","format":"standard","meta":[],"categories":[246],"tags":[],"_links":{"self":[{"href":"https:\/\/gazdasagportal.hu\/index.php\/wp-json\/wp\/v2\/posts\/77764"}],"collection":[{"href":"https:\/\/gazdasagportal.hu\/index.php\/wp-json\/wp\/v2\/posts"}],"about":[{"href":"https:\/\/gazdasagportal.hu\/index.php\/wp-json\/wp\/v2\/types\/post"}],"author":[{"embeddable":true,"href":"https:\/\/gazdasagportal.hu\/index.php\/wp-json\/wp\/v2\/users\/1"}],"replies":[{"embeddable":true,"href":"https:\/\/gazdasagportal.hu\/index.php\/wp-json\/wp\/v2\/comments?post=77764"}],"version-history":[{"count":1,"href":"https:\/\/gazdasagportal.hu\/index.php\/wp-json\/wp\/v2\/posts\/77764\/revisions"}],"predecessor-version":[{"id":77765,"href":"https:\/\/gazdasagportal.hu\/index.php\/wp-json\/wp\/v2\/posts\/77764\/revisions\/77765"}],"wp:attachment":[{"href":"https:\/\/gazdasagportal.hu\/index.php\/wp-json\/wp\/v2\/media?parent=77764"}],"wp:term":[{"taxonomy":"category","embeddable":true,"href":"https:\/\/gazdasagportal.hu\/index.php\/wp-json\/wp\/v2\/categories?post=77764"},{"taxonomy":"post_tag","embeddable":true,"href":"https:\/\/gazdasagportal.hu\/index.php\/wp-json\/wp\/v2\/tags?post=77764"}],"curies":[{"name":"wp","href":"https:\/\/api.w.org\/{rel}","templated":true}]}}