{"id":77756,"date":"2016-04-14T13:31:07","date_gmt":"2016-04-14T11:31:07","guid":{"rendered":"http:\/\/gazdasagportal.hu\/?p=77756"},"modified":"2016-04-14T13:31:07","modified_gmt":"2016-04-14T11:31:07","slug":"uj-adatvedelmi-szabalyokat-fogadott-el-az-ep","status":"publish","type":"post","link":"https:\/\/gazdasagportal.hu\/index.php\/uj-adatvedelmi-szabalyokat-fogadott-el-az-ep\/","title":{"rendered":"\u00daj adatv\u00e9delmi szab\u00e1lyokat fogadott el az EP"},"content":{"rendered":"<p><strong>\u00daj adatv\u00e9delmi szab\u00e1lyokat szavazott meg az Eur\u00f3pai Parlament (EP) cs\u00fct\u00f6rt\u00f6k\u00f6n, amelyek c\u00e9lja, hogy az internetez\u0151knek nagyobb ellen\u0151rz\u00e9st biztos\u00edtson saj\u00e1t adataik felett, m\u00e1sr\u00e9szt korszer\u0171 \u00e9s egys\u00e9ges uni\u00f3s adatv\u00e9delem j\u00f6jj\u00f6n l\u00e9tre.<\/strong><strong><!--more--><\/p>\n<div class=\"ads-in-post1\"><div id=\"gazdasagportal.hu_fullbanner_wideboard\"><\/div>\r\n<\/div>\n<p>    Az Eur\u00f3pai Parlament t\u00e1j\u00e9koztat\u00e1sa szerint az \u00faj adatv\u00e9delmi szab\u00e1lyokkal olyan egys\u00e9ges uni\u00f3s rendszer sz\u00fcletik, amely lehet\u0151s\u00e9get biztos\u00edt az internetez\u0151knek arra, hogy \u00f6nmaguk d\u00f6ntessenek arr\u00f3l, milyen szem\u00e9lyes adatokat akarnak megosztani magukr\u00f3l.<br \/>\n    Az egys\u00e9ges uni\u00f3s szab\u00e1lyoz\u00e1s az \u00fczleti szf\u00e9ra sz\u00e1m\u00e1ra is egy\u00e9rtelm\u0171 \u00e9s vil\u00e1gos helyzetet teremt, amely n\u00f6veli a jogbiztons\u00e1got, a bizalmat, \u00e9s tisztess\u00e9gesebb\u00e9 teszi a versenyt &#8211; fogalmazott k\u00f6zlem\u00e9ny\u00e9ben az uni\u00f3s parlament.<br \/>\n    A szab\u00e1lyoz\u00e1s jogot biztos\u00edt a szem\u00e9lyes adatok t\u00f6rl\u00e9s\u00e9hez, biztons\u00e1gos adathordoz\u00e1shoz. Kimondja, hogy az \u00e9rintettek vil\u00e1gos \u00e9s egy\u00e9rtelm\u0171 hozz\u00e1j\u00e1rul\u00e1sa kell a szem\u00e9lyes adatok feldolgoz\u00e1s\u00e1hoz, a szolg\u00e1ltat\u00f3knak pedig k\u00f6telez\u0151 \u00e9rtes\u00edt\u00e9st \u00edr el\u0151 az esetleges adatv\u00e9delmi probl\u00e9m\u00e1kr\u00f3l. Emellett k\u00f6zigazgat\u00e1si b\u00edrs\u00e1got is kil\u00e1t\u00e1sba helyez ezek elmulaszt\u00e1sa eset\u00e9n.<br \/>\n    Az adatv\u00e9delmi csomag r\u00e9sz\u00e9t k\u00e9pezi az uni\u00f3n bel\u00fcli rend\u0151rs\u00e9gi \u00e9s b\u00edr\u00f3s\u00e1gi c\u00e9l\u00fa adattov\u00e1bb\u00edt\u00e1sra vonatkoz\u00f3 ir\u00e1nyelv is.<br \/>\n    Az \u00faj szab\u00e1lyok a felhaszn\u00e1l\u00f3k adatainak v\u00e9delm\u00e9t szolg\u00e1lj\u00e1k az\u00e1ltal, hogy vil\u00e1gos jogokat \u00e9s kereteket hat\u00e1roznak meg az adatok b\u0171nmegel\u0151z\u00e9si, nyomoz\u00e1si, felder\u00edt\u00e9si, b\u00edr\u00f3s\u00e1g el\u00e9 \u00e1ll\u00edt\u00e1si \u00e9s b\u00fcntet\u00e9si c\u00e9l\u00fa tov\u00e1bb\u00edt\u00e1sa eset\u00e9n, egy\u00fattal megk\u00f6nny\u00edtik a hat\u00e9kony egy\u00fcttm\u0171k\u00f6d\u00e9st a b\u0171n\u00fcld\u00f6z\u0151 szervek k\u00f6z\u00f6tt.<br \/>\n    Az uni\u00f3s parlament t\u00e1j\u00e9koztat\u00e1sa szerint a cs\u00fct\u00f6rt\u00f6ki d\u00f6nt\u00e9st k\u00f6vet\u0151en a tagorsz\u00e1goknak k\u00e9t \u00e9v\u00fck van arra, hogy az ir\u00e1nyelvet \u00e1t\u00fcltess\u00e9k saj\u00e1t jogrendj\u00fckbe.(MTI)<\/strong><\/p>\n","protected":false},"excerpt":{"rendered":"<p>\u00daj adatv\u00e9delmi szab\u00e1lyokat szavazott meg az Eur\u00f3pai Parlament (EP) cs\u00fct\u00f6rt\u00f6k\u00f6n, amelyek c\u00e9lja, hogy az internetez\u0151knek nagyobb ellen\u0151rz\u00e9st biztos\u00edtson saj\u00e1t adataik felett, m\u00e1sr\u00e9szt korszer\u0171 \u00e9s egys\u00e9ges uni\u00f3s adatv\u00e9delem j\u00f6jj\u00f6n l\u00e9tre.<\/p>\n","protected":false},"author":1,"featured_media":0,"comment_status":"open","ping_status":"closed","sticky":false,"template":"","format":"standard","meta":[],"categories":[12],"tags":[],"_links":{"self":[{"href":"https:\/\/gazdasagportal.hu\/index.php\/wp-json\/wp\/v2\/posts\/77756"}],"collection":[{"href":"https:\/\/gazdasagportal.hu\/index.php\/wp-json\/wp\/v2\/posts"}],"about":[{"href":"https:\/\/gazdasagportal.hu\/index.php\/wp-json\/wp\/v2\/types\/post"}],"author":[{"embeddable":true,"href":"https:\/\/gazdasagportal.hu\/index.php\/wp-json\/wp\/v2\/users\/1"}],"replies":[{"embeddable":true,"href":"https:\/\/gazdasagportal.hu\/index.php\/wp-json\/wp\/v2\/comments?post=77756"}],"version-history":[{"count":1,"href":"https:\/\/gazdasagportal.hu\/index.php\/wp-json\/wp\/v2\/posts\/77756\/revisions"}],"predecessor-version":[{"id":77757,"href":"https:\/\/gazdasagportal.hu\/index.php\/wp-json\/wp\/v2\/posts\/77756\/revisions\/77757"}],"wp:attachment":[{"href":"https:\/\/gazdasagportal.hu\/index.php\/wp-json\/wp\/v2\/media?parent=77756"}],"wp:term":[{"taxonomy":"category","embeddable":true,"href":"https:\/\/gazdasagportal.hu\/index.php\/wp-json\/wp\/v2\/categories?post=77756"},{"taxonomy":"post_tag","embeddable":true,"href":"https:\/\/gazdasagportal.hu\/index.php\/wp-json\/wp\/v2\/tags?post=77756"}],"curies":[{"name":"wp","href":"https:\/\/api.w.org\/{rel}","templated":true}]}}