{"id":77752,"date":"2016-04-14T12:32:08","date_gmt":"2016-04-14T10:32:08","guid":{"rendered":"http:\/\/gazdasagportal.hu\/?p=77752"},"modified":"2016-04-14T12:32:08","modified_gmt":"2016-04-14T10:32:08","slug":"terrorizmus-nemet-lapertesules-szerint-abdeslamnal-egy-nemet-kutatointezetrol-szolo-dokumentumokat-talaltak","status":"publish","type":"post","link":"https:\/\/gazdasagportal.hu\/index.php\/terrorizmus-nemet-lapertesules-szerint-abdeslamnal-egy-nemet-kutatointezetrol-szolo-dokumentumokat-talaltak\/","title":{"rendered":"Terrorizmus &#8211; N\u00e9met lap\u00e9rtes\u00fcl\u00e9s szerint Abdeslamn\u00e1l egy n\u00e9met kutat\u00f3int\u00e9zetr\u0151l sz\u00f3l\u00f3 dokumentumokat tal\u00e1ltak"},"content":{"rendered":"<p><strong>Egy atomenergi\u00e1val is foglalkoz\u00f3 n\u00e9metorsz\u00e1gi kutat\u00f3int\u00e9zettel kapcsolatos dokumentumokat tal\u00e1ltak a p\u00e1rizsi terrormer\u00e9nyletek legf\u0151bb gyan\u00fas\u00edtottja, Salah Abdeslam br\u00fcsszeli lak\u00e1s\u00e1ban &#8211; jelentett\u00e9k cs\u00fct\u00f6rt\u00f6k\u00f6n n\u00e9met lapok.<\/strong><!--more--><\/p>\n<div class=\"ads-in-post1\"><div id=\"gazdasagportal.hu_fullbanner_wideboard\"><\/div>\r\n<\/div>\n<p>    A Madsack m\u00e9diacsoport region\u00e1lis lapjai k\u00f6z\u00f6s szerkeszt\u0151s\u00e9g\u00e9nek (RedaktionsNetzwerks Deutschland &#8211; RND) \u00e9rtes\u00fcl\u00e9se szerint a j\u00fclichi kutat\u00f3int\u00e9zetr\u0151l (Forschungszentrums J\u00fclich &#8211; FZJ) sz\u00f3l\u00f3 cikkeket \u00e9s az int\u00e9zet vezet\u0151j\u00e9r\u0151l, Wolfgang Marquardtr\u00f3l k\u00e9sz\u00fclt f\u00e9nyk\u00e9peket is tal\u00e1ltak az Iszl\u00e1m \u00c1llam terrorszervezethez sorolt belga \u00e1llampolg\u00e1r lak\u00e1s\u00e1ban.<br \/>\n    Az RND szerint err\u0151l a sz\u00f6vets\u00e9gi alkotm\u00e1nyv\u00e9delmi hivatal (BfV) vezet\u0151je, Hans-Georg Maassen t\u00e1j\u00e9koztatta a nemzetbiztons\u00e1gi szolg\u00e1latokat fel\u00fcgyel\u0151 parlamenti test\u00fclet t\u00f6bb tagj\u00e1t m\u00e1rcius v\u00e9g\u00e9n, n\u00e9gyszemk\u00f6zti besz\u00e9lget\u00e9seken.<br \/>\n    A BfV egy sz\u00f3viv\u0151je n\u00e9met h\u00edrport\u00e1lokon id\u00e9zett nyilatkozat\u00e1ban elmondta, a szolg\u00e1latnak nincs \u00e9rtes\u00fcl\u00e9se arr\u00f3l, hogy Salah Abdeslam lak\u00e1s\u00e1ban tal\u00e1ltak dokumentumokat az FZJ egykori nukle\u00e1ris l\u00e9tes\u00edtm\u00e9ny\u00e9r\u0151l. Hozz\u00e1tette, hogy Hans-Georg Maassen nem folytatott ebben az \u00fcgyben megbesz\u00e9l\u00e9seket a parlamenti test\u00fclet tagjaival.<br \/>\n    Az FZJ a honlapj\u00e1n k\u00f6z\u00f6lte: a BfV hivatalosan meger\u0151s\u00edtette, hogy nincsenek \u00e9rtes\u00fcl\u00e9sei a kutat\u00f3int\u00e9zet esetleges fenyegetetts\u00e9g\u00e9r\u0151l. Hozz\u00e1tett\u00e9k, hogy maga az int\u00e9zet sem tud ilyesmir\u0151l. A k\u00f6zlem\u00e9ny szerint az int\u00e9zm\u00e9ny kapcsolatban \u00e1ll a biztons\u00e1gi szervekkel \u00e9s a nukle\u00e1ris l\u00e9tes\u00edtm\u00e9nyeket fel\u00fcgyel\u0151 hat\u00f3s\u00e1ggal.<br \/>\n    Az FZJ kor\u00e1bban \u00fczemeltetett k\u00e9t kutat\u00f3reaktort, \u00e9s ter\u00fclet\u00e9n t\u00e1rolnak nukle\u00e1ris hullad\u00e9kot.(MTI)<\/p>\n","protected":false},"excerpt":{"rendered":"<p>Egy atomenergi\u00e1val is foglalkoz\u00f3 n\u00e9metorsz\u00e1gi kutat\u00f3int\u00e9zettel kapcsolatos dokumentumokat tal\u00e1ltak a p\u00e1rizsi terrormer\u00e9nyletek legf\u0151bb gyan\u00fas\u00edtottja, Salah Abdeslam br\u00fcsszeli lak\u00e1s\u00e1ban &#8211; jelentett\u00e9k cs\u00fct\u00f6rt\u00f6k\u00f6n n\u00e9met lapok.<\/p>\n","protected":false},"author":1,"featured_media":0,"comment_status":"open","ping_status":"closed","sticky":false,"template":"","format":"standard","meta":[],"categories":[12],"tags":[],"_links":{"self":[{"href":"https:\/\/gazdasagportal.hu\/index.php\/wp-json\/wp\/v2\/posts\/77752"}],"collection":[{"href":"https:\/\/gazdasagportal.hu\/index.php\/wp-json\/wp\/v2\/posts"}],"about":[{"href":"https:\/\/gazdasagportal.hu\/index.php\/wp-json\/wp\/v2\/types\/post"}],"author":[{"embeddable":true,"href":"https:\/\/gazdasagportal.hu\/index.php\/wp-json\/wp\/v2\/users\/1"}],"replies":[{"embeddable":true,"href":"https:\/\/gazdasagportal.hu\/index.php\/wp-json\/wp\/v2\/comments?post=77752"}],"version-history":[{"count":1,"href":"https:\/\/gazdasagportal.hu\/index.php\/wp-json\/wp\/v2\/posts\/77752\/revisions"}],"predecessor-version":[{"id":77753,"href":"https:\/\/gazdasagportal.hu\/index.php\/wp-json\/wp\/v2\/posts\/77752\/revisions\/77753"}],"wp:attachment":[{"href":"https:\/\/gazdasagportal.hu\/index.php\/wp-json\/wp\/v2\/media?parent=77752"}],"wp:term":[{"taxonomy":"category","embeddable":true,"href":"https:\/\/gazdasagportal.hu\/index.php\/wp-json\/wp\/v2\/categories?post=77752"},{"taxonomy":"post_tag","embeddable":true,"href":"https:\/\/gazdasagportal.hu\/index.php\/wp-json\/wp\/v2\/tags?post=77752"}],"curies":[{"name":"wp","href":"https:\/\/api.w.org\/{rel}","templated":true}]}}