{"id":77712,"date":"2016-04-13T16:50:11","date_gmt":"2016-04-13T14:50:11","guid":{"rendered":"http:\/\/gazdasagportal.hu\/?p=77712"},"modified":"2016-04-13T16:50:11","modified_gmt":"2016-04-13T14:50:11","slug":"ujabb-100-millio-euro-eu-penz-megy-a-belso-menekultkrizisre","status":"publish","type":"post","link":"https:\/\/gazdasagportal.hu\/index.php\/ujabb-100-millio-euro-eu-penz-megy-a-belso-menekultkrizisre\/","title":{"rendered":"\u00dajabb 100 milli\u00f3 eur\u00f3 EU p\u00e9nz megy a bels\u0151 menek\u00fcltkr\u00edzisre"},"content":{"rendered":"<p><strong>Megszavazta az Eur\u00f3pai Parlament az extra kieg\u00e9sz\u00edt\u00e9st a m\u00e1rcius elej\u00e9n elfogadott m\u00e1r 700 milli\u00f3 eur\u00f3s keret felett. Az idei els\u0151 k\u00f6lts\u00e9gvet\u00e9si m\u00f3dos\u00edt\u00f3 javaslatr\u00f3l a k\u00e9pvisel\u0151k gyors\u00edtott elj\u00e1r\u00e1sban, egy h\u00f3nap alatt d\u00f6nt\u00f6ttek. Sok k\u00e9pvisel\u0151 morgol\u00f3dik a t\u00f6r\u00f6k\u00f6k miatt.<\/strong><!--more--><\/p>\n<div class=\"ads-in-post1\"><div id=\"gazdasagportal.hu_fullbanner_wideboard\"><\/div>\r\n<\/div>\n<p>Az Eur\u00f3pai Parlament szerd\u00e1n megszavazta, hogy plusz 100 milli\u00f3 eur\u00f3t k\u00fcl\u00f6n\u00edtsenek el a menek\u00fcltek Uni\u00f3n bel\u00fcli ell\u00e1t\u00e1s\u00e1ra \u00e9s 2 milli\u00f3 eur\u00f3t arra, hogy az Eur\u00f3pai Terrorelh\u00e1r\u00edt\u00f3 K\u00f6zpont (ECTC) \u00faj munkat\u00e1rsakat vegyen fel. Az idei els\u0151 k\u00f6lts\u00e9gvet\u00e9si m\u00f3dos\u00edt\u00f3 javaslatr\u00f3l a k\u00e9pvisel\u0151k gyors\u00edtott elj\u00e1r\u00e1sban, egy h\u00f3nap alatt d\u00f6nt\u00f6ttek. Az Eur\u00f3pai Bizotts\u00e1g m\u00e9g m\u00e1rcius elej\u00e9n javasolt 700 milli\u00f3s s\u00fcrg\u0151ss\u00e9gi humanit\u00e1rius csomagot, ehhez extra a most megszavazott 100 milli\u00f3 eur\u00f3. A p\u00e9nzt t\u00f6bbek k\u00f6z\u00f6tt \u00e9lelmiszerre, s\u00fcrg\u0151s eg\u00e9szs\u00e9g\u00fcgyi ell\u00e1t\u00e1sra, s\u00e1trakra, higi\u00e9ni\u00e1s eszk\u00f6z\u00f6kre vagy oktat\u00e1sra lehet ford\u00edtani.<\/p>\n<p><a href=\"https:\/\/gazdasagportal.hu\/wp-content\/uploads\/2016\/04\/menekulttabor.jpg\"><img decoding=\"async\" loading=\"lazy\" src=\"https:\/\/gazdasagportal.hu\/wp-content\/uploads\/2016\/04\/menekulttabor-300x168.jpg\" alt=\"menekulttabor\" width=\"300\" height=\"168\" class=\"alignleft size-medium wp-image-77713\" srcset=\"https:\/\/gazdasagportal.hu\/wp-content\/uploads\/2016\/04\/menekulttabor-300x168.jpg 300w, https:\/\/gazdasagportal.hu\/wp-content\/uploads\/2016\/04\/menekulttabor-1024x576.jpg 1024w, https:\/\/gazdasagportal.hu\/wp-content\/uploads\/2016\/04\/menekulttabor.jpg 1280w\" sizes=\"(max-width: 300px) 100vw, 300px\" \/><\/a>A menek\u00fcltek \u00e9s migr\u00e1nsok G\u00f6r\u00f6gorsz\u00e1gb\u00f3l T\u00f6r\u00f6korsz\u00e1gba t\u00f6rt\u00e9n\u0151 visszak\u00fcld\u00e9s\u00e9r\u0151l sz\u00fcletett m\u00e1rcius 18-i, br\u00fcsszeli meg\u00e1llapod\u00e1s volt a t\u00e9m\u00e1ja annak a vit\u00e1nak, amit Donald Tusk \u00e9s Jean-Claude Juncker eln\u00f6k\u00f6kkel szerda reggel folytattak a k\u00e9pvisel\u0151k. A k\u00e9pvisel\u0151k nagy t\u00f6bbs\u00e9ge aggodalm\u00e1t fejezte ki az EU \u00e9s T\u00f6r\u00f6korsz\u00e1g k\u00f6z\u00f6tti migr\u00e1ci\u00f3s meg\u00e1llapod\u00e1s miatt. Felsz\u00f3l\u00edtott\u00e1k a Bizotts\u00e1got \u00e9s a Tan\u00e1csot, hogy k\u00f6vess\u00e9k szoros figyelemmel az emberi jogok \u00e9s sz\u00f3l\u00e1sszabads\u00e1g t\u00f6r\u00f6korsz\u00e1gi helyzet\u00e9t \u00e9s vizsg\u00e1lj\u00e1k meg azokat a v\u00e1dakat, amelyek szerint a t\u00f6r\u00f6k hat\u00f3s\u00e1gok Sz\u00edri\u00e1ba toloncolnak vissza sz\u00edr mened\u00e9kk\u00e9r\u0151ket. Megk\u00e9rd\u0151jelezt\u00e9k, hogy a menek\u00fcltek sz\u00e1m\u00e1ra T\u00f6r\u00f6korsz\u00e1g biztons\u00e1gos orsz\u00e1gnak tekinthet\u0151-e.<\/p><div id=\"gazda-2709427919\" class=\"gazda-tartalomban gazda-entity-placement\"><script async src=\"https:\/\/pagead2.googlesyndication.com\/pagead\/js\/adsbygoogle.js\"><\/script>\r\n<ins class=\"adsbygoogle\"\r\n     style=\"display:block\"\r\n     data-ad-format=\"fluid\"\r\n     data-ad-layout-key=\"-6t+ed+2i-1n-4w\"\r\n     data-ad-client=\"ca-pub-1959107119989764\"\r\n     data-ad-slot=\"4008251320\"><\/ins>\r\n<script>\r\n     (adsbygoogle = window.adsbygoogle || []).push({});\r\n<\/script><\/div>\n<p>Sz\u00e1mos EP k\u00e9pvisel\u0151 k\u00e9rd\u0151jelezte meg az eg\u00e9sz meg\u00e1llapod\u00e1s \u00e9rtelm\u00e9t is, szerint\u00fck ugyanis a csemp\u00e9szek nemsok\u00e1ra egyszer\u0171en \u00faj \u00fatvonalakat fognak tal\u00e1lni. M\u00e1sok a mened\u00e9kk\u00e9r\u0151k g\u00f6r\u00f6gorsz\u00e1gi helyzete \u00e9s az ottani szakemberek hi\u00e1nya miatt agg\u00f3dtak. Megint m\u00e1s k\u00e9pvisel\u0151k arra h\u00edvt\u00e1k fel a figyelmet, hogy noha a meg\u00e1llapod\u00e1s nem t\u00f6k\u00e9letes, viszont m\u00e9g ez a mostani helyzet kezel\u00e9s\u00e9re legink\u00e1bb alkalmas eszk\u00f6z.<\/p>\n<p>A m\u00e1rciusban megsz\u00fcletett megegyez\u00e9s l\u00e9nyege, hogy az EU visszak\u00fcldheti a nem sz\u00edr illeg\u00e1lis menek\u00fclteket a sz\u00edrek\u00e9rt cser\u00e9be. A meg\u00e1llapod\u00e1s fej\u00e9ben az Uni\u00f3 hatmilli\u00e1rd eur\u00f3t \u00edg\u00e9rt Ankar\u00e1nak. A G\u00f6r\u00f6gorsz\u00e1gb\u00f3l T\u00f6r\u00f6korsz\u00e1gba val\u00f3 visszatoloncol\u00e1sokat fel is f\u00fcggesztett\u00e9k, mert hirtelenj\u00e9ben igen sok mened\u00e9kk\u00e9relem \u00e9rkezett a g\u00f6r\u00f6g hat\u00f3s\u00e1gokhoz. A t\u00f6r\u00f6k eln\u00f6k legut\u00f3bb el\u00e9gedetlens\u00e9g\u00e9t fejezte ki az al\u00e1\u00edrt meg\u00e1llapod\u00e1s eddigi megval\u00f3s\u00edt\u00e1sa kapcs\u00e1n. \u201eEddig csak \u00edg\u00e9retek hangzottak el, de semmi sem t\u00f6rt\u00e9nt\u201d \u2013 jelentette ki. Az orsz\u00e1g\u00e1ban tart\u00f3zkod\u00f3 sz\u00edriai menek\u00fcltekkel kapcsolatban \u00fagy fogalmazott, \u201eh\u00e1rommilli\u00f3 embert l\u00e1tunk el a k\u00f6lts\u00e9gvet\u00e9s\u00fcnkb\u0151l\u201d<\/p>\n","protected":false},"excerpt":{"rendered":"<p>Megszavazta az Eur\u00f3pai Parlament az extra kieg\u00e9sz\u00edt\u00e9st a m\u00e1rcius elej\u00e9n elfogadott m\u00e1r 700 milli\u00f3 eur\u00f3s keret felett. Az idei els\u0151 k\u00f6lts\u00e9gvet\u00e9si m\u00f3dos\u00edt\u00f3 javaslatr\u00f3l a k\u00e9pvisel\u0151k gyors\u00edtott elj\u00e1r\u00e1sban, egy h\u00f3nap alatt d\u00f6nt\u00f6ttek. Sok k\u00e9pvisel\u0151 morgol\u00f3dik a t\u00f6r\u00f6k\u00f6k miatt.<\/p>\n","protected":false},"author":1,"featured_media":77713,"comment_status":"open","ping_status":"closed","sticky":false,"template":"","format":"standard","meta":[],"categories":[403,146,12,246],"tags":[],"_links":{"self":[{"href":"https:\/\/gazdasagportal.hu\/index.php\/wp-json\/wp\/v2\/posts\/77712"}],"collection":[{"href":"https:\/\/gazdasagportal.hu\/index.php\/wp-json\/wp\/v2\/posts"}],"about":[{"href":"https:\/\/gazdasagportal.hu\/index.php\/wp-json\/wp\/v2\/types\/post"}],"author":[{"embeddable":true,"href":"https:\/\/gazdasagportal.hu\/index.php\/wp-json\/wp\/v2\/users\/1"}],"replies":[{"embeddable":true,"href":"https:\/\/gazdasagportal.hu\/index.php\/wp-json\/wp\/v2\/comments?post=77712"}],"version-history":[{"count":1,"href":"https:\/\/gazdasagportal.hu\/index.php\/wp-json\/wp\/v2\/posts\/77712\/revisions"}],"predecessor-version":[{"id":77714,"href":"https:\/\/gazdasagportal.hu\/index.php\/wp-json\/wp\/v2\/posts\/77712\/revisions\/77714"}],"wp:featuredmedia":[{"embeddable":true,"href":"https:\/\/gazdasagportal.hu\/index.php\/wp-json\/wp\/v2\/media\/77713"}],"wp:attachment":[{"href":"https:\/\/gazdasagportal.hu\/index.php\/wp-json\/wp\/v2\/media?parent=77712"}],"wp:term":[{"taxonomy":"category","embeddable":true,"href":"https:\/\/gazdasagportal.hu\/index.php\/wp-json\/wp\/v2\/categories?post=77712"},{"taxonomy":"post_tag","embeddable":true,"href":"https:\/\/gazdasagportal.hu\/index.php\/wp-json\/wp\/v2\/tags?post=77712"}],"curies":[{"name":"wp","href":"https:\/\/api.w.org\/{rel}","templated":true}]}}