{"id":77702,"date":"2016-04-13T14:43:03","date_gmt":"2016-04-13T12:43:03","guid":{"rendered":"http:\/\/gazdasagportal.hu\/?p=77702"},"modified":"2016-04-13T14:43:03","modified_gmt":"2016-04-13T12:43:03","slug":"koltsegvetes-a-koltsegvetesi-tanacs-tiznapos-hatarido-alatt-vizsgalja-meg-a-jovo-evi-budzset","status":"publish","type":"post","link":"https:\/\/gazdasagportal.hu\/index.php\/koltsegvetes-a-koltsegvetesi-tanacs-tiznapos-hatarido-alatt-vizsgalja-meg-a-jovo-evi-budzset\/","title":{"rendered":"K\u00f6lts\u00e9gvet\u00e9s &#8211; A K\u00f6lts\u00e9gvet\u00e9si Tan\u00e1cs t\u00edznapos hat\u00e1rid\u0151 alatt vizsg\u00e1lja meg a j\u00f6v\u0151 \u00e9vi b\u00fcdzs\u00e9t"},"content":{"rendered":"<p><strong>A K\u00f6lts\u00e9gvet\u00e9si Tan\u00e1cs (KT) a t\u00f6rv\u00e9nyes, t\u00edznapos hat\u00e1rid\u0151 alatt vizsg\u00e1lja meg a j\u00f6v\u0151 \u00e9vi b\u00fcdzs\u00e9t, ezt k\u00f6vet\u0151en hozza nyilv\u00e1noss\u00e1gra v\u00e9lem\u00e9ny\u00e9t &#8211; mondta Kov\u00e1cs \u00c1rp\u00e1d, a KT eln\u00f6ke az MTI-nek szerd\u00e1n.<\/strong><!--more--><\/p>\n<div class=\"ads-in-post1\"><div id=\"gazdasagportal.hu_fullbanner_wideboard\"><\/div>\r\n<\/div>\n<p>    Kov\u00e1cs \u00c1rp\u00e1d azt k\u00f6vet\u0151en nyilatkozott, hogy Varga Mih\u00e1ly nemzetgazdas\u00e1gi miniszter azt mondta az MTI-nek: a b\u00fcdzs\u00e9 tervezet\u00e9t szerd\u00e1n juttatja el a t\u00e1rca a K\u00f6lts\u00e9gvet\u00e9si Tan\u00e1csnak.<br \/>\n    A KT eln\u00f6ke elmondta: az el\u0151k\u00e9sz\u00edt\u0151 tanulm\u00e1nyok elk\u00e9sz\u00fcltek. A KT a v\u00e9lem\u00e9ny\u00e9nek kialak\u00edt\u00e1s\u00e1hoz emellett felhaszn\u00e1lja, ig\u00e9nybe veszi az \u00c1llami Sz\u00e1mvev\u0151sz\u00e9k vizsg\u00e1latait, illetve a Magyar Nemzeti Bank makrogazdas\u00e1gi elemz\u00e9seit &#8211; f\u0171zte hozz\u00e1.<br \/>\n    Ezeket a tanulm\u00e1nyokat, elemz\u00e9seket felhaszn\u00e1lva fogalmazza meg a sokoldal\u00faan kialak\u00edtott, magalapozott v\u00e9lem\u00e9ny\u00e9t &#8211; mondta Kov\u00e1cs \u00c1rp\u00e1d.<br \/>\n    Varga Mih\u00e1ly az MTI-nek nyilatkozva az ad\u00f3cs\u00f6kkent\u00e9s \u00e9s az otthonteremt\u00e9s k\u00f6lts\u00e9gvet\u00e9s\u00e9nek nevezte a j\u00f6v\u0151 \u00e9vi b\u00fcdzs\u00e9t szerd\u00e1n. Kiemelte: a sert\u00e9sh\u00fas mellett a tej, a toj\u00e1s \u00e9s a baromfi \u00e1f\u00e1ja cs\u00f6kkenhet j\u00f6v\u0151re 5 sz\u00e1zal\u00e9kra, de m\u00e9rs\u00e9kl\u0151dik az internethaszn\u00e1lat \u00e9s az \u00e9ttermi szolg\u00e1ltat\u00e1sok forgalmi ad\u00f3ja is. Az \u00e1llam m\u0171k\u00f6d\u00e9si b\u00fcdzs\u00e9je nullszald\u00f3s lesz &#8211; f\u0171zte hozz\u00e1.<br \/>\n    &#8222;A j\u00f6v\u0151 \u00e9vi k\u00f6lts\u00e9gvet\u00e9s biztos\u00edtja, hogy mindenki l\u00e9phessen egyet el\u0151re, a b\u00fcdzs\u00e9 nagyobb biztons\u00e1got ny\u00fajt a magyar \u00e1llampolg\u00e1rok sz\u00e1m\u00e1ra&#8221; &#8211; hangs\u00falyozta a miniszter. Az ad\u00f3cs\u00f6kkent\u00e9s miatt kies\u0151 bev\u00e9telekre, illetve az otthonteremt\u00e9si t\u00e1mogat\u00e1sok n\u00f6vel\u00e9se miatt emelked\u0151 kiad\u00e1sokra fedezetet jelentenek a gyorsul\u00f3 gazdas\u00e1gi n\u00f6veked\u00e9s \u00e9s a feh\u00e9red\u0151 gazdas\u00e1gnak k\u00f6sz\u00f6nhet\u0151 pluszbev\u00e9telek, az idei 2,5 sz\u00e1zal\u00e9k ut\u00e1n j\u00f6v\u0151re 3,1 sz\u00e1zal\u00e9kkal b\u0151v\u00fclhet a gazdas\u00e1g &#8211; mondta a miniszter. A b\u00fcdzs\u00e9ben 2,4 sz\u00e1zal\u00e9kos GDP-ar\u00e1nyos hi\u00e1ny mellett az \u00e1llamad\u00f3ss\u00e1g is tov\u00e1bb cs\u00f6kken &#8211; tette hozz\u00e1.<br \/>\n    Az alapvet\u0151 \u00e9lelmiszerek \u00e1f\u00e1j\u00e1nak cs\u00f6kkent\u00e9se mellett a korm\u00e1ny arra k\u00e9sz\u00fcl, hogy az \u00e9ttermi szolg\u00e1ltat\u00e1sok \u00e1f\u00e1j\u00e1t 27 sz\u00e1zal\u00e9kr\u00f3l 18 sz\u00e1zal\u00e9kra m\u00e9rs\u00e9kelje, amely 2018-ban tov\u00e1bb cs\u00f6kkenhet 5 sz\u00e1zal\u00e9kra &#8211; ismertette a nemzetgazdas\u00e1gi miniszter.<br \/>\n    A Nemzetgazdas\u00e1gi Miniszt\u00e9rium (NGM) kor\u00e1bban honlapj\u00e1n k\u00f6z\u00f6lte, hogy a 2017. \u00e9vi k\u00f6lts\u00e9gvet\u00e9si t\u00f6rv\u00e9nyjavaslatot \u00e1prilis 26-\u00e1n ny\u00fajtja be a korm\u00e1ny az Orsz\u00e1ggy\u0171l\u00e9snek, hogy azt legk\u00e9s\u0151bb a tavaszi \u00fcl\u00e9sszak utols\u00f3 napj\u00e1n el lehessen fogadni.(MTI)<\/p>\n","protected":false},"excerpt":{"rendered":"<p>A K\u00f6lts\u00e9gvet\u00e9si Tan\u00e1cs (KT) a t\u00f6rv\u00e9nyes, t\u00edznapos hat\u00e1rid\u0151 alatt vizsg\u00e1lja meg a j\u00f6v\u0151 \u00e9vi b\u00fcdzs\u00e9t, ezt k\u00f6vet\u0151en hozza nyilv\u00e1noss\u00e1gra v\u00e9lem\u00e9ny\u00e9t &#8211; mondta Kov\u00e1cs \u00c1rp\u00e1d, a KT eln\u00f6ke az MTI-nek szerd\u00e1n.<\/p>\n","protected":false},"author":1,"featured_media":0,"comment_status":"open","ping_status":"closed","sticky":false,"template":"","format":"standard","meta":[],"categories":[19],"tags":[],"_links":{"self":[{"href":"https:\/\/gazdasagportal.hu\/index.php\/wp-json\/wp\/v2\/posts\/77702"}],"collection":[{"href":"https:\/\/gazdasagportal.hu\/index.php\/wp-json\/wp\/v2\/posts"}],"about":[{"href":"https:\/\/gazdasagportal.hu\/index.php\/wp-json\/wp\/v2\/types\/post"}],"author":[{"embeddable":true,"href":"https:\/\/gazdasagportal.hu\/index.php\/wp-json\/wp\/v2\/users\/1"}],"replies":[{"embeddable":true,"href":"https:\/\/gazdasagportal.hu\/index.php\/wp-json\/wp\/v2\/comments?post=77702"}],"version-history":[{"count":1,"href":"https:\/\/gazdasagportal.hu\/index.php\/wp-json\/wp\/v2\/posts\/77702\/revisions"}],"predecessor-version":[{"id":77703,"href":"https:\/\/gazdasagportal.hu\/index.php\/wp-json\/wp\/v2\/posts\/77702\/revisions\/77703"}],"wp:attachment":[{"href":"https:\/\/gazdasagportal.hu\/index.php\/wp-json\/wp\/v2\/media?parent=77702"}],"wp:term":[{"taxonomy":"category","embeddable":true,"href":"https:\/\/gazdasagportal.hu\/index.php\/wp-json\/wp\/v2\/categories?post=77702"},{"taxonomy":"post_tag","embeddable":true,"href":"https:\/\/gazdasagportal.hu\/index.php\/wp-json\/wp\/v2\/tags?post=77702"}],"curies":[{"name":"wp","href":"https:\/\/api.w.org\/{rel}","templated":true}]}}