{"id":77698,"date":"2016-04-13T13:44:47","date_gmt":"2016-04-13T11:44:47","guid":{"rendered":"http:\/\/gazdasagportal.hu\/?p=77698"},"modified":"2016-04-13T13:15:38","modified_gmt":"2016-04-13T11:15:38","slug":"otvenegy-autot-rongalt-meg-egyszerre-egy-ittasan-vezeto-rendor","status":"publish","type":"post","link":"https:\/\/gazdasagportal.hu\/index.php\/otvenegy-autot-rongalt-meg-egyszerre-egy-ittasan-vezeto-rendor\/","title":{"rendered":"\u00d6tvenegy aut\u00f3t rong\u00e1lt meg egyszerre egy ittasan vezet\u0151 rend\u0151r"},"content":{"rendered":"<p><strong>\u00d6sszesen 51 szem\u00e9lyg\u00e9pkocsit rong\u00e1lt meg kedden d\u00e9lut\u00e1n aut\u00f3j\u00e1val Pr\u00e1g\u00e1ban egy ittasan vezet\u0151 cseh rend\u0151rtiszt.<\/strong><!--more--><\/p>\n<div class=\"ads-in-post1\"><div id=\"gazdasagportal.hu_fullbanner_wideboard\"><\/div>\r\n<\/div>\n<p>    A k\u00e1r meghaladja a h\u00e1rommilli\u00f3 koron\u00e1t (35 milli\u00f3 forint) &#8211; k\u00f6z\u00f6lte Andrea Zoulov\u00e1 pr\u00e1gai rend\u0151rs\u00e9gi sz\u00f3viv\u0151.<br \/>\n    A tettes, Karel Kadlec kor\u00e1bban a pr\u00e1gai orsz\u00e1gos rend\u0151rakad\u00e9mia tan\u00e1ra \u00e9s magas rang\u00fa vezet\u0151je volt, akit \u00e9ppen egy m\u00e1sik, ittasan okozott baleset miatt t\u00e1vol\u00edtott el tavaly kar\u00e1csony el\u0151tt a rend\u0151rakad\u00e9mi\u00e1r\u00f3l Milan Chovanec bel\u00fcgyminiszter.<br \/>\n    A rend\u0151rtisztet ittas \u00e1llapotban elk\u00f6vetett k\u00e1rokoz\u00e1ssal v\u00e1dolj\u00e1k, ami\u00e9rt ak\u00e1r t\u00f6bb\u00e9ves b\u00f6rt\u00f6nb\u00fcntet\u00e9st is kaphat.<br \/>\n    Karel Kadlec kedden d\u00e9lut\u00e1n a Vinohrady negyed sz\u0171k utc\u00e1in hajtott v\u00e9gig, mik\u00f6zben terepj\u00e1r\u00f3j\u00e1val jobbr\u00f3l \u00e9s balr\u00f3l is folyamatosan neki\u00fctk\u00f6z\u00f6tt az aut\u00f3knak, \u00e9s 51 g\u00e9pj\u00e1rm\u0171ben okozott k\u00e1rt.<br \/>\n    Miut\u00e1n a rend\u0151rs\u00e9gnek siker\u00fclt elfognia, kider\u00fclt, hogy ittass\u00e1g miatt m\u00e1r kor\u00e1bban elvett\u00e9k a hajt\u00e1si enged\u00e9ly\u00e9t, \u00edgy tulajdonk\u00e9ppen nem is lett volna szabad a vol\u00e1n m\u00f6g\u00e9 \u00fclnie. A k\u00f3rh\u00e1zi orvosi vizsg\u00e1lat t\u00f6bb mint egy ezrel\u00e9knyi alkoholt \u00e1llap\u00edtott meg v\u00e9r\u00e9ben.(MTI) <\/p>\n","protected":false},"excerpt":{"rendered":"<p>\u00d6sszesen 51 szem\u00e9lyg\u00e9pkocsit rong\u00e1lt meg kedden d\u00e9lut\u00e1n aut\u00f3j\u00e1val Pr\u00e1g\u00e1ban egy ittasan vezet\u0151 cseh rend\u0151rtiszt.<\/p>\n","protected":false},"author":1,"featured_media":0,"comment_status":"open","ping_status":"closed","sticky":false,"template":"","format":"standard","meta":[],"categories":[12],"tags":[],"_links":{"self":[{"href":"https:\/\/gazdasagportal.hu\/index.php\/wp-json\/wp\/v2\/posts\/77698"}],"collection":[{"href":"https:\/\/gazdasagportal.hu\/index.php\/wp-json\/wp\/v2\/posts"}],"about":[{"href":"https:\/\/gazdasagportal.hu\/index.php\/wp-json\/wp\/v2\/types\/post"}],"author":[{"embeddable":true,"href":"https:\/\/gazdasagportal.hu\/index.php\/wp-json\/wp\/v2\/users\/1"}],"replies":[{"embeddable":true,"href":"https:\/\/gazdasagportal.hu\/index.php\/wp-json\/wp\/v2\/comments?post=77698"}],"version-history":[{"count":1,"href":"https:\/\/gazdasagportal.hu\/index.php\/wp-json\/wp\/v2\/posts\/77698\/revisions"}],"predecessor-version":[{"id":77699,"href":"https:\/\/gazdasagportal.hu\/index.php\/wp-json\/wp\/v2\/posts\/77698\/revisions\/77699"}],"wp:attachment":[{"href":"https:\/\/gazdasagportal.hu\/index.php\/wp-json\/wp\/v2\/media?parent=77698"}],"wp:term":[{"taxonomy":"category","embeddable":true,"href":"https:\/\/gazdasagportal.hu\/index.php\/wp-json\/wp\/v2\/categories?post=77698"},{"taxonomy":"post_tag","embeddable":true,"href":"https:\/\/gazdasagportal.hu\/index.php\/wp-json\/wp\/v2\/tags?post=77698"}],"curies":[{"name":"wp","href":"https:\/\/api.w.org\/{rel}","templated":true}]}}