{"id":77693,"date":"2016-04-13T12:45:42","date_gmt":"2016-04-13T10:45:42","guid":{"rendered":"http:\/\/gazdasagportal.hu\/?p=77693"},"modified":"2016-04-13T13:10:55","modified_gmt":"2016-04-13T11:10:55","slug":"a-telenor-megujitja-feltoltokartyas-csomagjait","status":"publish","type":"post","link":"https:\/\/gazdasagportal.hu\/index.php\/a-telenor-megujitja-feltoltokartyas-csomagjait\/","title":{"rendered":"A Telenor meg\u00faj\u00edtja felt\u00f6lt\u0151k\u00e1rty\u00e1s csomagjait"},"content":{"rendered":"<p><strong>A Telenor meg\u00faj\u00edtja felt\u00f6lt\u0151k\u00e1rty\u00e1s d\u00edjcsomagjait, a mobilszolg\u00e1ltat\u00f3 t\u00e1rsas\u00e1g sz\u00e1nd\u00e9ka szerint az eddigiekn\u00e9l kedvez\u0151bb csomagok jobban alkalmazkodnak az \u00e1talakul\u00f3 mobilhaszn\u00e1lati szok\u00e1sokhoz \u00e9s a v\u00e1ltoz\u00f3 \u00fcgyf\u00e9lig\u00e9nyekhez &#8211; jelentette be a c\u00e9g szerd\u00e1n, a t\u00f6r\u00f6kb\u00e1linti sz\u00e9khely\u00e9n tartott sajt\u00f3t\u00e1j\u00e9koztat\u00f3n.<\/strong><!--more--><\/p>\n<div class=\"ads-in-post1\"><div id=\"gazdasagportal.hu_fullbanner_wideboard\"><\/div>\r\n<\/div>\n    A Telenor lakoss\u00e1gi \u00fcgyfelei k\u00f6z\u00f6tt m\u00e9g mindig t\u00f6bbs\u00e9gben vannak a k\u00e1rty\u00e1s el\u0151fizet\u0151k. A t\u00e1rsas\u00e1g saj\u00e1t \u00fcgyfelei k\u00f6r\u00e9ben v\u00e9gzett kutat\u00e1s szerint a felt\u00f6lt\u0151k\u00e1rty\u00e1t azok r\u00e9szes\u00edtik el\u0151nyben, akik szeretik el\u0151re tervezni a kommunik\u00e1ci\u00f3ra ford\u00edtott k\u00f6lts\u00e9geiket. A kontroll\u00e1lt k\u00f6lts\u00e9gtervez\u00e9s mellett ugyanakkor az okostelefonok t\u00e9rh\u00f3d\u00edt\u00e1s\u00e1val &#8211; 2015-ben m\u00e1r csak ilyeneket adott el a t\u00e1rsas\u00e1g &#8211; a mobilinternet haszn\u00e1lat\u00e1ra is egyre nagyobb az ig\u00e9ny.<br \/>\n    Az \u00fcgyf\u00e9lig\u00e9nyekhez alkalmazkodva a n\u00e9gy \u00faj tarifacsomagb\u00f3l kett\u0151 1 Gigab\u00e1jt (GB) adatmennyis\u00e9get is tartalmaz, tov\u00e1bb\u00e1 korl\u00e1tlan haszn\u00e1latot a legn\u00e9pszer\u0171bb k\u00f6z\u00f6ss\u00e9gi m\u00e9dia \u00e9s cseveg\u0151 alkalmaz\u00e1sokhoz &#8211; ismertette Tak\u00e1cs Tamara, a felt\u00f6lt\u0151k\u00e1rty\u00e1s szegmens vezet\u0151je. A havi 1 GB adatforgalom \u00e1tlagos mobilinternet fogyaszt\u00e1snak felel meg a t\u00e1rsas\u00e1g \u00fcgyfelei k\u00f6r\u00e9ben.<br \/>\n    A Telenor t\u00e1j\u00e9koztat\u00e1sa szerint az \u00fczleti el\u0151fizet\u0151ket is belesz\u00e1m\u00edtva t\u00f6bbs\u00e9gben vannak a sz\u00e1ml\u00e1s el\u0151fizet\u00e9sek a t\u00e1rsas\u00e1g \u00fcgyfelei k\u00f6z\u00f6tt. Az \u00fczleti el\u0151fizet\u0151k jellemz\u0151en sz\u00e1ml\u00e1s el\u0151fizet\u00e9ssel rendelkeznek. Az \u00e1rbev\u00e9tel nagyobb r\u00e9sze is a sz\u00e1ml\u00e1s el\u0151fizet\u00e9sekb\u0151l sz\u00e1rmazik.<br \/>\n    A Telenor Magyarorsz\u00e1g 2015-ben 155,4 milli\u00e1rd forint nett\u00f3 \u00e1rbev\u00e9telt \u00e9rt el a nemzetk\u00f6zi sz\u00e1mviteli szab\u00e1lyok (IFRS) szerint. A norv\u00e9g Telenor-csoporthoz tartoz\u00f3 mobilszolg\u00e1ltat\u00f3nak Magyarorsz\u00e1gon mintegy 30 sz\u00e1zal\u00e9kos piaci r\u00e9szesed\u00e9se \u00e9s 3,5 milli\u00f3 egy\u00e9ni \u00e9s v\u00e1llalati el\u0151fizet\u0151je van. A t\u00e1rsas\u00e1g 1100 munkav\u00e1llal\u00f3t foglalkoztat.(MTI)<\/p>\n","protected":false},"excerpt":{"rendered":"<p>A Telenor meg\u00faj\u00edtja felt\u00f6lt\u0151k\u00e1rty\u00e1s d\u00edjcsomagjait, a mobilszolg\u00e1ltat\u00f3 t\u00e1rsas\u00e1g sz\u00e1nd\u00e9ka szerint az eddigiekn\u00e9l kedvez\u0151bb csomagok jobban alkalmazkodnak az \u00e1talakul\u00f3 mobilhaszn\u00e1lati szok\u00e1sokhoz \u00e9s a v\u00e1ltoz\u00f3 \u00fcgyf\u00e9lig\u00e9nyekhez &#8211; jelentette be a c\u00e9g szerd\u00e1n, a t\u00f6r\u00f6kb\u00e1linti sz\u00e9khely\u00e9n tartott sajt\u00f3t\u00e1j\u00e9koztat\u00f3n.<\/p>\n","protected":false},"author":1,"featured_media":0,"comment_status":"open","ping_status":"closed","sticky":false,"template":"","format":"standard","meta":[],"categories":[4,49],"tags":[],"_links":{"self":[{"href":"https:\/\/gazdasagportal.hu\/index.php\/wp-json\/wp\/v2\/posts\/77693"}],"collection":[{"href":"https:\/\/gazdasagportal.hu\/index.php\/wp-json\/wp\/v2\/posts"}],"about":[{"href":"https:\/\/gazdasagportal.hu\/index.php\/wp-json\/wp\/v2\/types\/post"}],"author":[{"embeddable":true,"href":"https:\/\/gazdasagportal.hu\/index.php\/wp-json\/wp\/v2\/users\/1"}],"replies":[{"embeddable":true,"href":"https:\/\/gazdasagportal.hu\/index.php\/wp-json\/wp\/v2\/comments?post=77693"}],"version-history":[{"count":2,"href":"https:\/\/gazdasagportal.hu\/index.php\/wp-json\/wp\/v2\/posts\/77693\/revisions"}],"predecessor-version":[{"id":77697,"href":"https:\/\/gazdasagportal.hu\/index.php\/wp-json\/wp\/v2\/posts\/77693\/revisions\/77697"}],"wp:attachment":[{"href":"https:\/\/gazdasagportal.hu\/index.php\/wp-json\/wp\/v2\/media?parent=77693"}],"wp:term":[{"taxonomy":"category","embeddable":true,"href":"https:\/\/gazdasagportal.hu\/index.php\/wp-json\/wp\/v2\/categories?post=77693"},{"taxonomy":"post_tag","embeddable":true,"href":"https:\/\/gazdasagportal.hu\/index.php\/wp-json\/wp\/v2\/tags?post=77693"}],"curies":[{"name":"wp","href":"https:\/\/api.w.org\/{rel}","templated":true}]}}