{"id":77691,"date":"2016-04-13T12:24:50","date_gmt":"2016-04-13T10:24:50","guid":{"rendered":"http:\/\/gazdasagportal.hu\/?p=77691"},"modified":"2016-04-13T12:24:50","modified_gmt":"2016-04-13T10:24:50","slug":"franciaorszag-a-kiadasok-csokkentese-mellett-tartja-a-gazdasagi-celszamokat","status":"publish","type":"post","link":"https:\/\/gazdasagportal.hu\/index.php\/franciaorszag-a-kiadasok-csokkentese-mellett-tartja-a-gazdasagi-celszamokat\/","title":{"rendered":"Franciaorsz\u00e1g a kiad\u00e1sok cs\u00f6kkent\u00e9se mellett tartja a gazdas\u00e1gi c\u00e9lsz\u00e1mokat"},"content":{"rendered":"<p><strong>A francia korm\u00e1ny szerd\u00e1n bejelentette, hogy a v\u00e1rtn\u00e1l kisebb infl\u00e1ci\u00f3 miatt visszafogja a kiad\u00e1sokat, de a nemzetk\u00f6zi szervezetek pesszimist\u00e1bb progn\u00f3zisai ellen\u00e9re sem v\u00e1ltoztat a 2017-ig sz\u00f3l\u00f3 makrogazdas\u00e1gi el\u0151rejelz\u00e9sein.<\/strong><!--more--><\/p>\n<div class=\"ads-in-post1\"><div id=\"gazdasagportal.hu_fullbanner_wideboard\"><\/div>\r\n<\/div>\n<p>    Strat\u00e9gia a k\u00f6telezetts\u00e9gv\u00e1llal\u00e1saink tarthat\u00f3s\u00e1ga \u00e9rdek\u00e9ben c\u00edmmel mutatta be Michel Sapin p\u00e9nz\u00fcgyminiszter szerd\u00e1n Franciaorsz\u00e1g t\u00f6bb \u00e9vre sz\u00f3l\u00f3 stabilit\u00e1si programj\u00e1t, amelyet a korm\u00e1ny \u00e1prilis v\u00e9ge el\u0151tt k\u00fcld el az Eur\u00f3pai Bizotts\u00e1gnak.<br \/>\n    P\u00e1rizs ebben id\u00e9n \u00e9s j\u00f6v\u0151re is a GDP 1,5 sz\u00e1zal\u00e9kos n\u00f6veked\u00e9s\u00e9vel sz\u00e1mol, m\u00edg Br\u00fcsszel id\u00e9n csak 1,3 sz\u00e1zal\u00e9kkal, a Nemzetk\u00f6zi Valutalap (IMF) pedig a k\u00f6zelm\u00faltban cs\u00f6kkentette a v\u00e1rt n\u00f6veked\u00e9st id\u00e9nre 1,1, 2017-re pedig 1,3 sz\u00e1zal\u00e9kra.<br \/>\n    A francia p\u00e9nz\u00fcgyminiszter meger\u0151s\u00edtette, hogy a korm\u00e1nyzat folytatja az \u00e1llami kiad\u00e1sok cs\u00f6kkent\u00e9s\u00e9t, id\u00e9n GDP-ar\u00e1nyosan 3,3, j\u00f6v\u0151re pedig 2,7 sz\u00e1zal\u00e9kos deficittel sz\u00e1mol, a Br\u00fcsszelnek tett k\u00f6telezetts\u00e9gv\u00e1llal\u00e1soknak megfelel\u0151en. Az infl\u00e1ci\u00f3s el\u0151jelz\u00e9seket viszont, ahogy azt m\u00e1r kor\u00e1bban is jelezte, id\u00e9n 0,1 sz\u00e1zal\u00e9ka cs\u00f6kkentette a 2016-os k\u00f6lts\u00e9gvet\u00e9si t\u00f6rv\u00e9nyben szerepl\u0151 1 sz\u00e1zal\u00e9kr\u00f3l, j\u00f6v\u0151re pedig 1 sz\u00e1zal\u00e9kra sz\u00e1m\u00edt az alacsony olaj\u00e1rak miatt.<br \/>\n    Az alacsony infl\u00e1ci\u00f3 a forgalmi ad\u00f3b\u00f3l sz\u00e1rmaz\u00f3 bev\u00e9teleken is meg fog \u00e9rz\u0151dni, ez\u00e9rt P\u00e1rizsnak id\u00e9n tov\u00e1bbi 3,8 milli\u00e1rd eur\u00f3, j\u00f6v\u0151re pedig 5 milli\u00e1rd eur\u00f3 megtakar\u00edt\u00e1st kell el\u0151ir\u00e1nyoznia ahhoz, hogy tartani tudja a deficit c\u00e9lsz\u00e1mait.<br \/>\n    A korm\u00e1nynak az id\u00e9n bejelentett rendk\u00edv\u00fcli int\u00e9zked\u00e9sek finansz\u00edroz\u00e1s\u00e1ra is meg kell m\u00e9g tal\u00e1lnia a forr\u00e1sokat, \u00edgy a k\u00f6zalkalmazotti fizet\u00e9sek befagyaszt\u00e1s\u00e1nak felold\u00e1s\u00e1hoz, valamint a fiataloknak, a gazd\u00e1knak a t\u00e1mogat\u00e1s\u00e1hoz, valamint az \u00edg\u00e9rt munkahelyteremt\u00e9sre.<br \/>\n    &#8222;Tartjuk azt a c\u00e9lt, hogy a deficit 2017-ben 3 sz\u00e1zal\u00e9k alatt maradjon&#8221; &#8211; hangs\u00falyozza a p\u00e9nz\u00fcgyminiszt\u00e9rium a stabilit\u00e1si programban.<br \/>\n    A p\u00e9nz\u00fcgyminiszter jelezte, hogy folytat\u00f3dik az \u00e1llami kiad\u00e1sok cs\u00f6kkent\u00e9se, a tavaly a GDP 55,3 sz\u00e1zal\u00e9k\u00e1t kitev\u0151 \u00f6sszeg az id\u00e9n 54,6, j\u00f6v\u0151re pedig 54 sz\u00e1zal\u00e9k lesz.<br \/>\n    Franciaorsz\u00e1gban az \u00e1llamad\u00f3ss\u00e1g a 2008-as v\u00e1ls\u00e1g \u00f3ta jelent\u0151sen n\u00f6vekedett \u00e9s el\u00e9rte a 2100 milli\u00e1rd eur\u00f3t, amely m\u00e9g id\u00e9n \u00e9s j\u00f6v\u0151re is n\u00f6vekedni fog, de a v\u00e1rt\u00e1l kisebb m\u00e9rt\u00e9kben. Az el\u0151rejelz\u00e9s szerint 2016-ban a GDP 96,2, 2017-ben pedig 96,5 sz\u00e1zal\u00e9k\u00e1t fogja el\u00e9rni, m\u00edg az el\u0151z\u0151 el\u0151rejelz\u00e9sekben m\u00e9g 96,5, illetve 96,9 sz\u00e1zal\u00e9k szerepelt. A cs\u00f6kken\u00e9s az ad\u00f3emel\u00e9seknek \u00e9s a k\u00f6telez\u0151 j\u00e1rul\u00e9koknak k\u00f6sz\u00f6nhet\u0151, amelyek id\u00e9n a GDP 44,2, j\u00f6v\u0151re pedig 44 sz\u00e1zal\u00e9k\u00e1nak felelnek meg.<br \/>\n    A lakoss\u00e1gi fogyaszt\u00e1s id\u00e9n \u00e9s j\u00f6v\u0151re is 1,6 sz\u00e1zal\u00e9kkal emelkedhet a korm\u00e1ny progn\u00f3zisa szerint.<br \/>\n    A programot \u00e1rpilis 26-\u00e1n vitatja meg a nemzetgy\u0171l\u00e9s, m\u00e1snap pedig a szen\u00e1tus.(MTI)<\/p>\n","protected":false},"excerpt":{"rendered":"<p>A francia korm\u00e1ny szerd\u00e1n bejelentette, hogy a v\u00e1rtn\u00e1l kisebb infl\u00e1ci\u00f3 miatt visszafogja a kiad\u00e1sokat, de a nemzetk\u00f6zi szervezetek pesszimist\u00e1bb progn\u00f3zisai ellen\u00e9re sem v\u00e1ltoztat a 2017-ig sz\u00f3l\u00f3 makrogazdas\u00e1gi el\u0151rejelz\u00e9sein.<\/p>\n","protected":false},"author":1,"featured_media":0,"comment_status":"open","ping_status":"closed","sticky":false,"template":"","format":"standard","meta":[],"categories":[12],"tags":[],"_links":{"self":[{"href":"https:\/\/gazdasagportal.hu\/index.php\/wp-json\/wp\/v2\/posts\/77691"}],"collection":[{"href":"https:\/\/gazdasagportal.hu\/index.php\/wp-json\/wp\/v2\/posts"}],"about":[{"href":"https:\/\/gazdasagportal.hu\/index.php\/wp-json\/wp\/v2\/types\/post"}],"author":[{"embeddable":true,"href":"https:\/\/gazdasagportal.hu\/index.php\/wp-json\/wp\/v2\/users\/1"}],"replies":[{"embeddable":true,"href":"https:\/\/gazdasagportal.hu\/index.php\/wp-json\/wp\/v2\/comments?post=77691"}],"version-history":[{"count":1,"href":"https:\/\/gazdasagportal.hu\/index.php\/wp-json\/wp\/v2\/posts\/77691\/revisions"}],"predecessor-version":[{"id":77692,"href":"https:\/\/gazdasagportal.hu\/index.php\/wp-json\/wp\/v2\/posts\/77691\/revisions\/77692"}],"wp:attachment":[{"href":"https:\/\/gazdasagportal.hu\/index.php\/wp-json\/wp\/v2\/media?parent=77691"}],"wp:term":[{"taxonomy":"category","embeddable":true,"href":"https:\/\/gazdasagportal.hu\/index.php\/wp-json\/wp\/v2\/categories?post=77691"},{"taxonomy":"post_tag","embeddable":true,"href":"https:\/\/gazdasagportal.hu\/index.php\/wp-json\/wp\/v2\/tags?post=77691"}],"curies":[{"name":"wp","href":"https:\/\/api.w.org\/{rel}","templated":true}]}}