{"id":77683,"date":"2016-04-13T10:00:47","date_gmt":"2016-04-13T08:00:47","guid":{"rendered":"http:\/\/gazdasagportal.hu\/?p=77683"},"modified":"2016-04-13T10:00:47","modified_gmt":"2016-04-13T08:00:47","slug":"a-charleroi-i-repter-mukodese-zavartalan-brusszelben-sok-jaratot-toroltek","status":"publish","type":"post","link":"https:\/\/gazdasagportal.hu\/index.php\/a-charleroi-i-repter-mukodese-zavartalan-brusszelben-sok-jaratot-toroltek\/","title":{"rendered":"A Charleroi-i rept\u00e9r m\u0171k\u00f6d\u00e9se zavartalan, Br\u00fcsszelben sok j\u00e1ratot t\u00f6r\u00f6ltek"},"content":{"rendered":"<p><strong>A belgiumi Charleroi rep\u00fcl\u0151ter\u00e9n helyre\u00e1llt a l\u00e9gik\u00f6zleked\u00e9s, a l\u00e9tes\u00edtm\u00e9ny zavartalanul \u00fczemel, de Br\u00fcsszel nemzetk\u00f6zi rep\u00fcl\u0151ter\u00e9n folytat\u00f3dik a munkabesz\u00fcntet\u00e9s &#8211; t\u00e1j\u00e9koztatott a Belgocontrol l\u00e9gi ir\u00e1ny\u00edt\u00f3 v\u00e1llalt sz\u00f3viv\u0151je szerd\u00e1n.<\/strong><!--more--><\/p>\n<div class=\"ads-in-post1\"><div id=\"gazdasagportal.hu_fullbanner_wideboard\"><\/div>\r\n<\/div>\n<p>    Dominique Dehaene elmondta, hogy reggelre helyre\u00e1llt a legt\u00f6bb fapados l\u00e9git\u00e1rsas\u00e1g \u00e1ltal haszn\u00e1lt, vall\u00f3niai Charleroi rep\u00fcl\u0151ter\u00e9nek l\u00e9gik\u00f6zleked\u00e9se, valamint a Li\u00e9ge-i rep\u00fcl\u0151t\u00e9r forgalma is zavartalan. A l\u00e9gikik\u00f6t\u0151k valamennyi menetrend szerinti j\u00e1ratot ind\u00edtani \u00e9s fogadni tudj\u00e1k.<br \/>\n    A sz\u00f3viv\u0151 arr\u00f3l t\u00e1j\u00e9koztatott, hogy a kedd d\u00e9lut\u00e1n kezd\u0151d\u00f6tt munkabesz\u00fcntet\u00e9s ugyanakkor folytat\u00f3dik Br\u00fcsszel nemzetk\u00f6zi rep\u00fcl\u0151ter\u00e9n, ahol a l\u00e9gir\u00e1ny\u00edt\u00f3k k\u00f6z\u00fcl a legt\u00f6bben ma reggel sem vett\u00e9k fel a munk\u00e1t.<br \/>\n    A d\u00e9lel\u0151tti \u00f3r\u00e1kban 15 rep\u00fcl\u0151g\u00e9p indulhat a szok\u00e1sos 76 helyett, valamint eddig 50 j\u00e1ratot t\u00f6r\u00f6lni kellett, amelyek k\u00f6z\u00f6tt van Magyarorsz\u00e1gra indul\u00f3 is. A szerd\u00e1n t\u00f6r\u00f6lt j\u00e1ratokra sz\u00f3l\u00f3 jegyek j\u00falius 13-ig bev\u00e1lhat\u00f3k &#8211; tette hozz\u00e1.<br \/>\n    Dominique Dehaene elmondta, hogy kedd reggel a v\u00e1llalat vezet\u00e9se \u00e9s a szakszervezet k\u00f6z\u00f6tt megegyez\u00e9s sz\u00fcletett a l\u00e9gi ir\u00e1ny\u00edt\u00f3k korkedvezm\u00e9nyes nyugd\u00edjba vonul\u00e1s\u00e1r\u00f3l. A megegyez\u00e9s azonban nem volt elfogadhat\u00f3 a dolgoz\u00f3knak, akik beteget jelentve munkabesz\u00fcntet\u0151 akci\u00f3ba kezdtek, ami miatt a dolgoz\u00f3k k\u00e9tharmada nem vett r\u00e9szt l\u00e9gi ir\u00e1ny\u00edt\u00e1sban, ellehetetlen\u00edtve ezzel a m\u0171k\u00f6d\u00e9st.<br \/>\n    A Budapest Airport j\u00e1ratinform\u00e1ci\u00f3s rendszere szerint a szerdai, Br\u00fcsszelbe indul\u00f3 vagy onnan \u00e9rkez\u0151 j\u00e1ratok k\u00f6zleked\u00e9s\u00e9ben a nap folyam\u00e1n nem v\u00e1rhat\u00f3 fennakad\u00e1s, csak a kora reggeli, Budapestr\u0151l indul\u00f3 Brussels Airlines j\u00e1ratot t\u00f6r\u00f6lt\u00e9k.(MTI)<\/p>\n","protected":false},"excerpt":{"rendered":"<p>A belgiumi Charleroi rep\u00fcl\u0151ter\u00e9n helyre\u00e1llt a l\u00e9gik\u00f6zleked\u00e9s, a l\u00e9tes\u00edtm\u00e9ny zavartalanul \u00fczemel, de Br\u00fcsszel nemzetk\u00f6zi rep\u00fcl\u0151ter\u00e9n folytat\u00f3dik a munkabesz\u00fcntet\u00e9s &#8211; t\u00e1j\u00e9koztatott a Belgocontrol l\u00e9gi ir\u00e1ny\u00edt\u00f3 v\u00e1llalt sz\u00f3viv\u0151je szerd\u00e1n.<\/p>\n","protected":false},"author":1,"featured_media":0,"comment_status":"open","ping_status":"closed","sticky":false,"template":"","format":"standard","meta":[],"categories":[12],"tags":[],"_links":{"self":[{"href":"https:\/\/gazdasagportal.hu\/index.php\/wp-json\/wp\/v2\/posts\/77683"}],"collection":[{"href":"https:\/\/gazdasagportal.hu\/index.php\/wp-json\/wp\/v2\/posts"}],"about":[{"href":"https:\/\/gazdasagportal.hu\/index.php\/wp-json\/wp\/v2\/types\/post"}],"author":[{"embeddable":true,"href":"https:\/\/gazdasagportal.hu\/index.php\/wp-json\/wp\/v2\/users\/1"}],"replies":[{"embeddable":true,"href":"https:\/\/gazdasagportal.hu\/index.php\/wp-json\/wp\/v2\/comments?post=77683"}],"version-history":[{"count":1,"href":"https:\/\/gazdasagportal.hu\/index.php\/wp-json\/wp\/v2\/posts\/77683\/revisions"}],"predecessor-version":[{"id":77684,"href":"https:\/\/gazdasagportal.hu\/index.php\/wp-json\/wp\/v2\/posts\/77683\/revisions\/77684"}],"wp:attachment":[{"href":"https:\/\/gazdasagportal.hu\/index.php\/wp-json\/wp\/v2\/media?parent=77683"}],"wp:term":[{"taxonomy":"category","embeddable":true,"href":"https:\/\/gazdasagportal.hu\/index.php\/wp-json\/wp\/v2\/categories?post=77683"},{"taxonomy":"post_tag","embeddable":true,"href":"https:\/\/gazdasagportal.hu\/index.php\/wp-json\/wp\/v2\/tags?post=77683"}],"curies":[{"name":"wp","href":"https:\/\/api.w.org\/{rel}","templated":true}]}}