{"id":77664,"date":"2016-04-12T18:18:12","date_gmt":"2016-04-12T16:18:12","guid":{"rendered":"http:\/\/gazdasagportal.hu\/?p=77664"},"modified":"2016-04-12T17:39:28","modified_gmt":"2016-04-12T15:39:28","slug":"ukran-valsag-kozel-ket-ev-utan-ismet-osszeul-a-nato-oroszorszag-tanacs","status":"publish","type":"post","link":"https:\/\/gazdasagportal.hu\/index.php\/ukran-valsag-kozel-ket-ev-utan-ismet-osszeul-a-nato-oroszorszag-tanacs\/","title":{"rendered":"Ukr\u00e1n v\u00e1ls\u00e1g &#8211; K\u00f6zel k\u00e9t \u00e9v ut\u00e1n ism\u00e9t \u00f6ssze\u00fcl a NATO-Oroszorsz\u00e1g Tan\u00e1cs"},"content":{"rendered":"<p><strong>K\u00f6zel k\u00e9t \u00e9v ut\u00e1n \u00e1prilis 20-\u00e1n ism\u00e9t \u00f6ssze\u00fcl a NATO-Oroszorsz\u00e1g Tan\u00e1cs, amely Moszkva ukrajnai beavatkoz\u00e1sa miatt utolj\u00e1ra 2014 nyar\u00e1n \u00fcl\u00e9sezett &#8211; jelentette be az \u00e9szak-atlanti sz\u00f6vets\u00e9g kedden.<\/strong><!--more--><\/p>\n<div class=\"ads-in-post1\"><div id=\"gazdasagportal.hu_fullbanner_wideboard\"><\/div>\r\n<\/div>\n<p>    A Br\u00fcsszelben megrendezett, nagyk\u00f6veti szint\u0171 tan\u00e1cskoz\u00e1snak az ukr\u00e1n v\u00e1ls\u00e1g, az afganiszt\u00e1ni helyzet \u00e9s a terrorizmus elleni harc k\u00e9rd\u00e9se lesz a k\u00f6z\u00e9ppontj\u00e1ban. A r\u00e9sztvev\u0151k emellett a katonai tev\u00e9kenys\u00e9gek \u00e1tl\u00e1that\u00f3s\u00e1g\u00e1t \u00e9s kock\u00e1zatcs\u00f6kkent\u00e9s\u00e9t is megvitatj\u00e1k majd.<br \/>\n    &#8222;Ez nem visszat\u00e9r\u00e9s a norm\u00e1lis \u00fcgymenethez, de p\u00e1rbesz\u00e9dre van sz\u00fcks\u00e9g\u00fcnk&#8221; &#8211; mondta a NATO egyik sz\u00f3viv\u0151je.<br \/>\n    Jens Stoltenberg NATO-f\u0151titk\u00e1r pedig p\u00e9nteken k\u00f6z\u00f6lte, a sz\u00f6vets\u00e9g nem hajland\u00f3 &#8222;visszat\u00e9rni a Moszkv\u00e1val folytatand\u00f3 egy\u00fcttm\u0171k\u00f6d\u00e9shez, mint ha mi sem t\u00f6rt\u00e9nt volna, am\u00edg Oroszorsz\u00e1g nem kezdi el betartani a nemzetk\u00f6zi szab\u00e1lyokat&#8221;.<br \/>\n    Mik\u00f6zben a Nyugat \u00e9s Oroszorsz\u00e1g tov\u00e1bbra is szemben \u00e1llnak egym\u00e1ssal Ukrajn\u00e1t illet\u0151en, a tal\u00e1lkoz\u00f3 szak\u00e9rt\u0151k szerint azt jelentheti, hogy a felek hajland\u00f3s\u00e1got mutatnak a viszony jav\u00edt\u00e1s\u00e1ra.<br \/>\n    A NATO-Oroszorsz\u00e1g Tan\u00e1csot 2002-ben hozt\u00e1k l\u00e9tre az egykori hidegh\u00e1bor\u00fas ellens\u00e9gek k\u00f6z\u00f6tti bizalom\u00e9p\u00edt\u00e9s \u00e9rdek\u00e9ben. A test\u00fclet 2014 j\u00fanius\u00e1ban \u00fcl\u00e9sezett utolj\u00e1ra, a NATO ugyanis befagyasztott minden gyakorlati egy\u00fcttm\u0171k\u00f6d\u00e9st Moszkv\u00e1val 2014 \u00e1prilis\u00e1t k\u00f6vet\u0151en, amikor Oroszorsz\u00e1g mag\u00e1hoz csatolta a Kr\u00edm f\u00e9lszigetet.<br \/>\n    A Nyugat azzal v\u00e1dolja Moszkv\u00e1t, hogy a Kr\u00edm f\u00e9lszigetet a nemzetk\u00f6zi jog megs\u00e9rt\u00e9s\u00e9vel csatolta el Ukrajn\u00e1t\u00f3l, illetve hogy Oroszorsz\u00e1g szeparatista er\u0151ket t\u00e1mogat Kelet-Ukrajn\u00e1ban.(MTI)<\/p>\n","protected":false},"excerpt":{"rendered":"<p>K\u00f6zel k\u00e9t \u00e9v ut\u00e1n \u00e1prilis 20-\u00e1n ism\u00e9t \u00f6ssze\u00fcl a NATO-Oroszorsz\u00e1g Tan\u00e1cs, amely Moszkva ukrajnai beavatkoz\u00e1sa miatt utolj\u00e1ra 2014 nyar\u00e1n \u00fcl\u00e9sezett &#8211; jelentette be az \u00e9szak-atlanti sz\u00f6vets\u00e9g kedden.<\/p>\n","protected":false},"author":1,"featured_media":0,"comment_status":"open","ping_status":"closed","sticky":false,"template":"","format":"standard","meta":[],"categories":[139],"tags":[],"_links":{"self":[{"href":"https:\/\/gazdasagportal.hu\/index.php\/wp-json\/wp\/v2\/posts\/77664"}],"collection":[{"href":"https:\/\/gazdasagportal.hu\/index.php\/wp-json\/wp\/v2\/posts"}],"about":[{"href":"https:\/\/gazdasagportal.hu\/index.php\/wp-json\/wp\/v2\/types\/post"}],"author":[{"embeddable":true,"href":"https:\/\/gazdasagportal.hu\/index.php\/wp-json\/wp\/v2\/users\/1"}],"replies":[{"embeddable":true,"href":"https:\/\/gazdasagportal.hu\/index.php\/wp-json\/wp\/v2\/comments?post=77664"}],"version-history":[{"count":1,"href":"https:\/\/gazdasagportal.hu\/index.php\/wp-json\/wp\/v2\/posts\/77664\/revisions"}],"predecessor-version":[{"id":77665,"href":"https:\/\/gazdasagportal.hu\/index.php\/wp-json\/wp\/v2\/posts\/77664\/revisions\/77665"}],"wp:attachment":[{"href":"https:\/\/gazdasagportal.hu\/index.php\/wp-json\/wp\/v2\/media?parent=77664"}],"wp:term":[{"taxonomy":"category","embeddable":true,"href":"https:\/\/gazdasagportal.hu\/index.php\/wp-json\/wp\/v2\/categories?post=77664"},{"taxonomy":"post_tag","embeddable":true,"href":"https:\/\/gazdasagportal.hu\/index.php\/wp-json\/wp\/v2\/tags?post=77664"}],"curies":[{"name":"wp","href":"https:\/\/api.w.org\/{rel}","templated":true}]}}