{"id":77634,"date":"2016-04-12T11:01:27","date_gmt":"2016-04-12T09:01:27","guid":{"rendered":"http:\/\/gazdasagportal.hu\/?p=77634"},"modified":"2016-04-12T11:01:27","modified_gmt":"2016-04-12T09:01:27","slug":"mol-ina-ugy-horvat-gazdasagi-miniszter-folytatodik-a-dontobirosagi-eljaras","status":"publish","type":"post","link":"https:\/\/gazdasagportal.hu\/index.php\/mol-ina-ugy-horvat-gazdasagi-miniszter-folytatodik-a-dontobirosagi-eljaras\/","title":{"rendered":"Mol-INA-\u00fcgy &#8211; Horv\u00e1t gazdas\u00e1gi miniszter: folytat\u00f3dik a d\u00f6nt\u0151b\u00edr\u00f3s\u00e1gi elj\u00e1r\u00e1s"},"content":{"rendered":"<p><strong>Folytat\u00f3dik a d\u00f6nt\u0151b\u00edr\u00f3s\u00e1gi elj\u00e1r\u00e1s Mol-INA-\u00fcgyben, a horv\u00e1t korm\u00e1ny azt is k\u00e9rni fogja, hogy az INA fektessen be a finom\u00edt\u00f3kba &#8211; mondta Tomislav Panenic horv\u00e1t gazdas\u00e1gi miniszter a Vecernji List horv\u00e1t napilapban kedden megjelent interj\u00faj\u00e1ban.<\/strong><!--more--><\/p>\n<div class=\"ads-in-post1\"><div id=\"gazdasagportal.hu_fullbanner_wideboard\"><\/div>\r\n<\/div>\n<p>    Kijelentette: a d\u00f6nt\u0151b\u00edr\u00f3s\u00e1gi elj\u00e1r\u00e1sra az\u00e9rt volt sz\u00fcks\u00e9g, mert a k\u00e9t f\u0151r\u00e9szv\u00e9nyes, a Mol Nyrt. \u00e9s a horv\u00e1t \u00e1llam nem tudtak k\u00f6z\u00f6s nevez\u0151re jutni a horv\u00e1t olajipari v\u00e1llalat ir\u00e1ny\u00edt\u00e1s\u00e1t \u00e9s fejl\u0151d\u00e9s\u00e9t illet\u0151en. Az INA 49,08 sz\u00e1zal\u00e9ka a Mol\u00e9, \u00e9s rendelkezik az olajt\u00e1rsas\u00e1g ir\u00e1ny\u00edt\u00f3i jogaival is, 44,84 sz\u00e1zal\u00e9ka pedig a horv\u00e1t \u00e1llam\u00e9.<br \/>\n    Figyelembe v\u00e9ve, hogy a Molt\u00f3l id\u00e1ig nem \u00e9rkezett olyan javaslat, amely elfogadhat\u00f3 lett volna a horv\u00e1t korm\u00e1ny sz\u00e1m\u00e1ra, vagyis &#8222;amely v\u00e9den\u00e9 a horv\u00e1t nemzeti \u00e9rdekeket&#8221;, a d\u00f6nt\u0151b\u00edr\u00f3s\u00e1gi elj\u00e1r\u00e1s folytat\u00f3dik &#8211; hangs\u00falyozta. &#8222;A bizonytalan politikai k\u00f6rnyezet, amely k\u00f6r\u00fclvesz minket, \u00fagy v\u00e9lem, indokolja a k\u00f6vetel\u00e9seinket&#8221; &#8211; tette hozz\u00e1.<br \/>\n    A gazdas\u00e1gi miniszter szerint a v\u00e1lasztottb\u00edr\u00f3s\u00e1gi elj\u00e1r\u00e1s k\u00fcl\u00f6n\u00f6sen indokolt olyan esetben, &#8222;amikor bizony\u00edtottan korrupt \u00e9s manipulat\u00edv int\u00e9zked\u00e9sek hozt\u00e1k az INA-t a jelenlegi helyzetbe&#8221;.<br \/>\n    A per lefolytat\u00e1shoz az anyagiakat biztos\u00edtotta a korm\u00e1ny a k\u00f6lts\u00e9gvet\u00e9sben, a parlament pedig elfogadta &#8211; monda Panenic.<br \/>\n    A lap az\u00e9rt k\u00e9sz\u00edtett interj\u00fat a gazdas\u00e1gi miniszterrel, mert az Mol-INA-\u00fcgyben az elm\u00falt hetekben egym\u00e1snak ellentmond\u00f3 inform\u00e1ci\u00f3 l\u00e1ttak napvil\u00e1got. Sajt\u00f3\u00e9rtes\u00fcl\u00e9sek szerint a k\u00e9t koal\u00edci\u00f3s partner, a jobboldali Horv\u00e1t Demokratikus K\u00f6z\u00f6ss\u00e9g (HDZ) \u00e9s f\u00fcggetlen H\u00edd p\u00e1rt k\u00f6z\u00f6tt vita d\u00fal az INA sors\u00e1r\u00f3l.<br \/>\n    Korm\u00e1nyk\u00f6zeli forr\u00e1sok szerint a korm\u00e1ny eladn\u00e1 a Molnak a r\u00e9szv\u00e9nyek 19 sz\u00e1zal\u00e9k\u00e1t, amivel a magyar v\u00e1llalat t\u00f6bbs\u00e9gi r\u00e9szv\u00e9nyess\u00e9 v\u00e1lhatna az INA-ban. Tihomir Oreskovic korm\u00e1nyf\u0151 ugyanakkor c\u00e1folta a h\u00edrt. Egy hetilapnak kor\u00e1bban \u00fagy nyilatkozott: az INA-r\u00e9szv\u00e9nyek elad\u00e1sa jelen pillanatban nem opci\u00f3.<br \/>\n    Darko Horvat (HDZ) a kis- \u00e9s k\u00f6z\u00e9pv\u00e1llalkoz\u00e1si \u00fcgyek minisztere t\u00f6bbsz\u00f6r is kijelentette, hogy nincs sz\u00fcks\u00e9g d\u00f6nt\u0151b\u00edr\u00f3s\u00e1gi elj\u00e1r\u00e1sra a Mol-INA-\u00fcgyben. Tomislav Panenic (H\u00edd) a Vecernji Listnek ugyanakkor azt mondta, hogy a korm\u00e1ny energiapolitik\u00e1j\u00e1t \u0151 k\u00e9pviseli, nem pedig Darko Horvat.(MTI)<\/p>\n","protected":false},"excerpt":{"rendered":"<p>Folytat\u00f3dik a d\u00f6nt\u0151b\u00edr\u00f3s\u00e1gi elj\u00e1r\u00e1s Mol-INA-\u00fcgyben, a horv\u00e1t korm\u00e1ny azt is k\u00e9rni fogja, hogy az INA fektessen be a finom\u00edt\u00f3kba &#8211; mondta Tomislav Panenic horv\u00e1t gazdas\u00e1gi miniszter a Vecernji List horv\u00e1t napilapban kedden megjelent interj\u00faj\u00e1ban.<\/p>\n","protected":false},"author":1,"featured_media":0,"comment_status":"open","ping_status":"closed","sticky":false,"template":"","format":"standard","meta":[],"categories":[7,140],"tags":[],"_links":{"self":[{"href":"https:\/\/gazdasagportal.hu\/index.php\/wp-json\/wp\/v2\/posts\/77634"}],"collection":[{"href":"https:\/\/gazdasagportal.hu\/index.php\/wp-json\/wp\/v2\/posts"}],"about":[{"href":"https:\/\/gazdasagportal.hu\/index.php\/wp-json\/wp\/v2\/types\/post"}],"author":[{"embeddable":true,"href":"https:\/\/gazdasagportal.hu\/index.php\/wp-json\/wp\/v2\/users\/1"}],"replies":[{"embeddable":true,"href":"https:\/\/gazdasagportal.hu\/index.php\/wp-json\/wp\/v2\/comments?post=77634"}],"version-history":[{"count":1,"href":"https:\/\/gazdasagportal.hu\/index.php\/wp-json\/wp\/v2\/posts\/77634\/revisions"}],"predecessor-version":[{"id":77635,"href":"https:\/\/gazdasagportal.hu\/index.php\/wp-json\/wp\/v2\/posts\/77634\/revisions\/77635"}],"wp:attachment":[{"href":"https:\/\/gazdasagportal.hu\/index.php\/wp-json\/wp\/v2\/media?parent=77634"}],"wp:term":[{"taxonomy":"category","embeddable":true,"href":"https:\/\/gazdasagportal.hu\/index.php\/wp-json\/wp\/v2\/categories?post=77634"},{"taxonomy":"post_tag","embeddable":true,"href":"https:\/\/gazdasagportal.hu\/index.php\/wp-json\/wp\/v2\/tags?post=77634"}],"curies":[{"name":"wp","href":"https:\/\/api.w.org\/{rel}","templated":true}]}}