{"id":77632,"date":"2016-04-12T10:24:23","date_gmt":"2016-04-12T08:24:23","guid":{"rendered":"http:\/\/gazdasagportal.hu\/?p=77632"},"modified":"2016-04-12T10:24:23","modified_gmt":"2016-04-12T08:24:23","slug":"erosodott-kisse-a-nemet-inflacio-marciusban","status":"publish","type":"post","link":"https:\/\/gazdasagportal.hu\/index.php\/erosodott-kisse-a-nemet-inflacio-marciusban\/","title":{"rendered":"Er\u0151s\u00f6d\u00f6tt kiss\u00e9 a n\u00e9met infl\u00e1ci\u00f3 m\u00e1rciusban"},"content":{"rendered":"<p><strong>M\u00e1rciusban emelkedett kiss\u00e9 a n\u00e9met infl\u00e1ci\u00f3 &#8211; k\u00f6z\u00f6lte kedden a n\u00e9met sz\u00f6vets\u00e9gi statisztikai hivatal, a Destatis.<\/strong><!--more--><\/p>\n<div class=\"ads-in-post1\"><div id=\"gazdasagportal.hu_fullbanner_wideboard\"><\/div>\r\n<\/div>\n<p>    M\u00e1rciusban a v\u00e9gleges adatok szerint 0,3 sz\u00e1zal\u00e9kkal haladt\u00e1k meg a fogyaszt\u00f3i \u00e1rak az egy \u00e9vvel kor\u00e1bbit, az infl\u00e1ci\u00f3 teh\u00e1t emelkedett a febru\u00e1rihoz k\u00e9pest, amikor nulla sz\u00e1zal\u00e9kos volt. Janu\u00e1rban 0,5 sz\u00e1zal\u00e9k volt az \u00e9ves \u00e1remelked\u00e9s.<br \/>\n    Az \u00e9ves fogyaszt\u00f3i \u00e1rindex m\u00e1rciusi emelked\u00e9s\u00e9t az energia\u00e1rak cs\u00f6kken\u00e9se f\u00e9kezte legink\u00e1bb. Az energia\u00e1rak az id\u00e9n m\u00e1rciusban 8,9 sz\u00e1zal\u00e9kkal maradtak el a tavaly m\u00e1rciusit\u00f3l. A legnagyobb m\u00e9rt\u00e9kben, 28,3 sz\u00e1zal\u00e9kkal a f\u0171t\u0151olaj, illetve 13,5 sz\u00e1zal\u00e9kkal az \u00fczemanyag \u00e1ra cs\u00f6kkent \u00e9ves \u00f6sszevet\u00e9sben, de m\u00e1s energiahordoz\u00f3k \u00e1ra is elmaradt az egy \u00e9vvel kor\u00e1bbit\u00f3l. A t\u00e1vh\u0151 \u00e1ra p\u00e9ld\u00e1ul 9,3 sz\u00e1zal\u00e9kkal, a f\u00f6ldg\u00e1z \u00e1ra 2,6 sz\u00e1zal\u00e9kkal cs\u00f6kkent. Az elektromos \u00e1ram \u00e1ra viszont 0,2 sz\u00e1zal\u00e9kkal emelkedett.<br \/>\n    Energia\u00e1rak n\u00e9lk\u00fcl a fogyaszt\u00f3i \u00e1rak \u00e9vi 1,4 sz\u00e1zal\u00e9kkal n\u00f6vekedtek m\u00e1rciusban.<br \/>\n    Az \u00e9lelmiszer\u00e1rak 1,3 sz\u00e1zal\u00e9kkal emelkedtek m\u00e1rciusban az egy \u00e9vvel kor\u00e1bbihoz k\u00e9pest, a szolg\u00e1ltat\u00e1sok \u00e1ra pedig 1,6 sz\u00e1zal\u00e9kkal.<br \/>\n    Mivel az id\u00e9n a h\u00fasv\u00e9t m\u00e1rciusra esett, a fogyaszt\u00f3i \u00e1rindexet 0,2 sz\u00e1zal\u00e9kponttal emelte meg az utaz\u00e1si irod\u00e1k \u00e1rainak 7,1 sz\u00e1zal\u00e9kos n\u00f6veked\u00e9se.<br \/>\n    Az uni\u00f3s m\u00f3dszertannal kalkul\u00e1lt harmoniz\u00e1lt fogyaszt\u00f3i \u00e1rindex (HICP) az id\u00e9n m\u00e1rciusban 0,1 sz\u00e1zal\u00e9kkal haladta meg a tavaly m\u00e1rciusit \u00e9s 0,8 sz\u00e1zal\u00e9kkal az idei febru\u00e1rit.<br \/>\n    A febru\u00e1ri \u00e1rszinthez k\u00e9pest m\u00e1rciusban 0,8 sz\u00e1zal\u00e9kkal emelkedtek a fogyaszt\u00f3i \u00e1rak, de j\u00f3r\u00e9szt szezon\u00e1lis hat\u00e1sok miatt. Az energia\u00e1rak 1,0 sz\u00e1zal\u00e9kkal, az \u00e9lelmiszer\u00e1rak 0,4 sz\u00e1zal\u00e9kkal, az utaz\u00e1si irod\u00e1k \u00e1rai 10,1 sz\u00e1zal\u00e9kkal emelkedtek.(MTI)<\/p>\n","protected":false},"excerpt":{"rendered":"<p>M\u00e1rciusban emelkedett kiss\u00e9 a n\u00e9met infl\u00e1ci\u00f3 &#8211; k\u00f6z\u00f6lte kedden a n\u00e9met sz\u00f6vets\u00e9gi statisztikai hivatal, a Destatis.<\/p>\n","protected":false},"author":1,"featured_media":0,"comment_status":"open","ping_status":"closed","sticky":false,"template":"","format":"standard","meta":[],"categories":[246],"tags":[],"_links":{"self":[{"href":"https:\/\/gazdasagportal.hu\/index.php\/wp-json\/wp\/v2\/posts\/77632"}],"collection":[{"href":"https:\/\/gazdasagportal.hu\/index.php\/wp-json\/wp\/v2\/posts"}],"about":[{"href":"https:\/\/gazdasagportal.hu\/index.php\/wp-json\/wp\/v2\/types\/post"}],"author":[{"embeddable":true,"href":"https:\/\/gazdasagportal.hu\/index.php\/wp-json\/wp\/v2\/users\/1"}],"replies":[{"embeddable":true,"href":"https:\/\/gazdasagportal.hu\/index.php\/wp-json\/wp\/v2\/comments?post=77632"}],"version-history":[{"count":1,"href":"https:\/\/gazdasagportal.hu\/index.php\/wp-json\/wp\/v2\/posts\/77632\/revisions"}],"predecessor-version":[{"id":77633,"href":"https:\/\/gazdasagportal.hu\/index.php\/wp-json\/wp\/v2\/posts\/77632\/revisions\/77633"}],"wp:attachment":[{"href":"https:\/\/gazdasagportal.hu\/index.php\/wp-json\/wp\/v2\/media?parent=77632"}],"wp:term":[{"taxonomy":"category","embeddable":true,"href":"https:\/\/gazdasagportal.hu\/index.php\/wp-json\/wp\/v2\/categories?post=77632"},{"taxonomy":"post_tag","embeddable":true,"href":"https:\/\/gazdasagportal.hu\/index.php\/wp-json\/wp\/v2\/tags?post=77632"}],"curies":[{"name":"wp","href":"https:\/\/api.w.org\/{rel}","templated":true}]}}