{"id":77622,"date":"2016-04-12T08:03:47","date_gmt":"2016-04-12T06:03:47","guid":{"rendered":"http:\/\/gazdasagportal.hu\/?p=77622"},"modified":"2016-04-12T06:54:30","modified_gmt":"2016-04-12T04:54:30","slug":"magyar-nemet-uzleti-forum-debrecenben","status":"publish","type":"post","link":"https:\/\/gazdasagportal.hu\/index.php\/magyar-nemet-uzleti-forum-debrecenben\/","title":{"rendered":"Magyar-n\u00e9met \u00fczleti f\u00f3rum Debrecenben"},"content":{"rendered":"<p><strong>Magyar-n\u00e9met \u00fczleti f\u00f3rumot tartottak h\u00e9tf\u0151n a hajd\u00fa-bihari kereskedelmi \u00e9s iparkamar\u00e1ban: a tal\u00e1lkoz\u00f3 bajor r\u00e9sztvev\u0151i a Lufthansa els\u0151 M\u00fcnchen-Debrecen j\u00e1rat\u00e1val \u00e9rkeztek a c\u00edvisv\u00e1rosba.<\/strong><!--more--><\/p>\n<div class=\"ads-in-post1\"><div id=\"gazdasagportal.hu_fullbanner_wideboard\"><\/div>\r\n<\/div>\n<p>    Mikl\u00f3ssy Ferenc kamarai eln\u00f6k szerint az, hogy az \u00faj j\u00e1rattal m\u00e1sf\u00e9l \u00f3ra alatt el\u00e9rhet\u0151v\u00e9 v\u00e1ltak egym\u00e1s r\u00e9gi\u00f3i, hozz\u00e1j\u00e1rulhat a bajor \u00e9s a Debrecen k\u00f6rny\u00e9ki kis- \u00e9s k\u00f6z\u00e9pv\u00e1llalkoz\u00e1sok (kkv-k) egy\u00fcttm\u0171k\u00f6d\u00e9s\u00e9hez, k\u00f6z\u00f6s v\u00e1llalatok alap\u00edt\u00e1s\u00e1hoz, de ak\u00e1r egy\u00fcttes megjelen\u00e9shez is a harmadik orsz\u00e1gok piacain.<br \/>\n    Gabriel A. Brennauer, a N\u00e9met-Magyar Ipari \u00e9s Kereskedelmi Kamara eln\u00f6ke szerint a M\u00fcnchen-Debrecen l\u00e9gij\u00e1rat \u00faj hidat jelent a bajor v\u00e1llalkoz\u00e1sok el\u0151tt, amelyeknek a k\u00e9tharmada mint befektet\u00e9si ter\u00fcletre tekint Magyarorsz\u00e1gra.<br \/>\n    Papp L\u00e1szl\u00f3 (Fidesz-KDNP), Debrecen polg\u00e1rmestere a v\u00e1ros, az egyetem \u00e9s a kamara egy\u00fcttm\u0171k\u00f6d\u00e9s\u00e9re alapul\u00f3 helyi innovat\u00edv szeml\u00e9letre, a rendelkez\u00e9sre \u00e1ll\u00f3 magasan k\u00e9pzett szakemberekre, a v\u00e1ros innov\u00e1ci\u00f3s terv\u00e9ben r\u00f6gz\u00edtett nagyar\u00e1ny\u00fa fejleszt\u00e9si elk\u00e9pzel\u00e9sekre h\u00edvta fel a figyelmet, amelyben sz\u00e1m\u00edtanak tov\u00e1bbi n\u00e9met befektet\u0151kre. Egyik \u00e9rvk\u00e9nt eml\u00edtette, hogy az idei \u00e9vt\u0151l ak\u00e1r 70 sz\u00e1zal\u00e9k helyi ad\u00f3kedvezm\u00e9nyt kaphatnak a kutat\u00e1s-fejleszt\u00e9ssel is foglalkoz\u00f3 c\u00e9gek.<br \/>\n    Pajna Zolt\u00e1n (Fidesz-KDNP), a hajd\u00fa-bihari k\u00f6zgy\u0171l\u00e9s eln\u00f6ke a megyei turisztika lehet\u0151s\u00e9geit mutatta be, majd a hagyom\u00e1nyokra is utalva megjegyezte: ma a Lufthansa k\u00f6zvetlen j\u00e1rat\u00e1val, r\u00e9gen a sz\u00fcrke marha hajt\u00f3\u00faton juthattak el Debrecenb\u0151l M\u00fcnchenbe.<br \/>\n    Szilv\u00e1ssy Zolt\u00e1n, a Debreceni Egyetem (DE) rektora az eg\u00e9szs\u00e9gipari fejleszt\u00e9sekre h\u00edvta fel a n\u00e9met befektet\u0151k figyelm\u00e9t. Az eg\u00e9szs\u00e9gipar teljes spektrum\u00e1t &#8211; gy\u00f3gyszeripar, biotechnol\u00f3gia, \u00e9lelmiszeripar, orvosi m\u0171szer-gy\u00e1rt\u00e1s \u00e9s eg\u00e9szs\u00e9gturizmus &#8211; fel\u00f6lel\u0151, orsz\u00e1gos kisug\u00e1rz\u00e1s\u00fa innov\u00e1ci\u00f3s l\u00e1ncban 300-350 ipari szerepl\u0151 t\u00f6m\u00f6r\u00fclt az \u00f6nkorm\u00e1nyzat \u00e9s az egyetem k\u00f6r\u00fcl &#8211; jegyezte meg.<br \/>\n    Hozz\u00e1tette: az egyetem kutat\u00e1s-harmoniz\u00e1ci\u00f3t alak\u00edtott ki az iparral, vagyis azt igyekeznek kutatni, amire az iparnak sz\u00fcks\u00e9ge van.<br \/>\n    Hans-Joachim Heusler, a Bayern International \u00e1llami befektet\u00e9si v\u00e1llalkoz\u00e1s \u00fcgyvezet\u0151 igazgat\u00f3j\u00e1nak \u00e9rt\u00e9kel\u00e9se szerint Debrecent \u00e9rdekli Bajororsz\u00e1g, a bajor v\u00e1llalkoz\u00f3k pedig oda mennek, ahol \u00e9rdekl\u0151d\u00e9st mutatnak ir\u00e1ntuk.<br \/>\n    Egyik projektc\u00e9g\u00fck, az InSITE Bavaria \u00fcgyvezet\u0151 igazgat\u00f3ja, Daniel A. Gottschald \u00f6n\u00e1ll\u00f3 alap l\u00e9trehoz\u00e1s\u00e1t vetette fel debreceni-bajor k\u00f6z\u00f6s fejleszt\u00e9sek t\u00e1mogat\u00e1s\u00e1ra.<br \/>\n    Csuk\u00e1s Endre, a Xanga c\u00e9gcsoport igazgat\u00f3ja elmondta: jelenleg a helyi ipari parkban k\u00e9t n\u00e9met c\u00e9g m\u0171k\u00f6dik: az FAG csap\u00e1gygy\u00e1r \u00e9s a Manz g\u00e9pgy\u00e1rt\u00f3 kft.<br \/>\n    A magyar-n\u00e9met \u00fczleti f\u00f3rum r\u00e9sztvev\u0151i h\u00e9tf\u0151 d\u00e9lut\u00e1n ell\u00e1togattak az FAG csap\u00e1gygy\u00e1rba, amely az ipari park egyik legnagyobb munk\u00e1ltat\u00f3ja.(MTI)<\/p>\n","protected":false},"excerpt":{"rendered":"<p>Magyar-n\u00e9met \u00fczleti f\u00f3rumot tartottak h\u00e9tf\u0151n a hajd\u00fa-bihari kereskedelmi \u00e9s iparkamar\u00e1ban: a tal\u00e1lkoz\u00f3 bajor r\u00e9sztvev\u0151i a Lufthansa els\u0151 M\u00fcnchen-Debrecen j\u00e1rat\u00e1val \u00e9rkeztek a c\u00edvisv\u00e1rosba.<\/p>\n","protected":false},"author":1,"featured_media":0,"comment_status":"open","ping_status":"closed","sticky":false,"template":"","format":"standard","meta":[],"categories":[19],"tags":[],"_links":{"self":[{"href":"https:\/\/gazdasagportal.hu\/index.php\/wp-json\/wp\/v2\/posts\/77622"}],"collection":[{"href":"https:\/\/gazdasagportal.hu\/index.php\/wp-json\/wp\/v2\/posts"}],"about":[{"href":"https:\/\/gazdasagportal.hu\/index.php\/wp-json\/wp\/v2\/types\/post"}],"author":[{"embeddable":true,"href":"https:\/\/gazdasagportal.hu\/index.php\/wp-json\/wp\/v2\/users\/1"}],"replies":[{"embeddable":true,"href":"https:\/\/gazdasagportal.hu\/index.php\/wp-json\/wp\/v2\/comments?post=77622"}],"version-history":[{"count":1,"href":"https:\/\/gazdasagportal.hu\/index.php\/wp-json\/wp\/v2\/posts\/77622\/revisions"}],"predecessor-version":[{"id":77623,"href":"https:\/\/gazdasagportal.hu\/index.php\/wp-json\/wp\/v2\/posts\/77622\/revisions\/77623"}],"wp:attachment":[{"href":"https:\/\/gazdasagportal.hu\/index.php\/wp-json\/wp\/v2\/media?parent=77622"}],"wp:term":[{"taxonomy":"category","embeddable":true,"href":"https:\/\/gazdasagportal.hu\/index.php\/wp-json\/wp\/v2\/categories?post=77622"},{"taxonomy":"post_tag","embeddable":true,"href":"https:\/\/gazdasagportal.hu\/index.php\/wp-json\/wp\/v2\/tags?post=77622"}],"curies":[{"name":"wp","href":"https:\/\/api.w.org\/{rel}","templated":true}]}}