{"id":77618,"date":"2016-04-12T06:40:53","date_gmt":"2016-04-12T04:40:53","guid":{"rendered":"http:\/\/gazdasagportal.hu\/?p=77618"},"modified":"2016-04-12T06:40:53","modified_gmt":"2016-04-12T04:40:53","slug":"ebrd-elnok-tobb-nemzedeknyi-ido-kell-a-szabadpiaci-atalakulashoz","status":"publish","type":"post","link":"https:\/\/gazdasagportal.hu\/index.php\/ebrd-elnok-tobb-nemzedeknyi-ido-kell-a-szabadpiaci-atalakulashoz\/","title":{"rendered":"EBRD-eln\u00f6k: t\u00f6bb nemzed\u00e9knyi id\u0151 kell a szabadpiaci \u00e1talakul\u00e1shoz"},"content":{"rendered":"<p><strong>T\u00f6bb nemzed\u00e9knyi id\u0151 kell a felt\u00f6rekv\u0151 eur\u00f3pai t\u00e9rs\u00e9g gazdas\u00e1gainak teljes szabadpiaci \u00e1talakul\u00e1s\u00e1hoz &#8211; mondta h\u00e9tf\u0151 este az Eur\u00f3pai \u00dajj\u00e1\u00e9p\u00edt\u00e9si \u00e9s Fejleszt\u00e9si Bank (EBRD) eln\u00f6ke.<\/strong><!--more--><\/p>\n<div class=\"ads-in-post1\"><div id=\"gazdasagportal.hu_fullbanner_wideboard\"><\/div>\r\n<\/div>\n<p>    Sir Suma Chakarabarti a k\u00f6z\u00e9p- \u00e9s kelet-eur\u00f3pai gazdas\u00e1gok, illetve az egykori szovjet t\u00e9rs\u00e9g \u00e1talakul\u00e1s\u00e1nak finansz\u00edroz\u00e1s\u00e1ra 1991 \u00e1prilis\u00e1ban alap\u00edtott bank fenn\u00e1ll\u00e1s\u00e1nak negyedsz\u00e1zados \u00e9vfordul\u00f3ja alkalm\u00e1b\u00f3l tartott el\u0151ad\u00e1st az EBRD londoni sz\u00e9khely\u00e9n. Kijelentette: az 1989 ut\u00e1ni id\u0151szakban divatos volt az a felt\u00e9telez\u00e9s, hogy egy \u00e9vtized alatt v\u00e9gbemehet az \u00e1tt\u00e9r\u00e9s a kommunizmusb\u00f3l a teljesen kifejlett szabadpiaci rendszerre.<br \/>\n     &#8222;Ma m\u00e1r mindannyian tudjuk, hogy ez (a felt\u00e9telez\u00e9s) rem\u00e9nytelen\u00fcl der\u0171l\u00e1t\u00f3 volt. (&#8230;) Egy ilyen \u00e1talakul\u00e1shoz gener\u00e1ci\u00f3k munk\u00e1ja sz\u00fcks\u00e9ges&#8221; &#8211; mondta az EBRD eln\u00f6ke,<br \/>\n    Sir Suma felid\u00e9zte, hogy az EBRD legut\u00f3bbi felm\u00e9r\u00e9se szerint az \u00e1talakul\u00f3 t\u00e9rs\u00e9gben \u00e1tlagosan mind\u00f6ssze 40 sz\u00e1zal\u00e9k, Nyugat-Eur\u00f3p\u00e1ban viszont 70 sz\u00e1zal\u00e9k azoknak az ar\u00e1nya, akik el\u00e9gedettek az \u00e9let\u00fckkel.<br \/>\n    Ennek a k\u00f6vetkezm\u00e9nye az, hogy gyeng\u00fcl a reformok t\u00e1mogatotts\u00e1ga az \u00e1talakul\u00f3 r\u00e9gi\u00f3ban, ezeken az orsz\u00e1gokon &#8222;reformf\u00e1radts\u00e1g lett \u00farr\u00e1&#8221; &#8211; tette hozz\u00e1.<br \/>\n    Az EBRD eln\u00f6ke r\u00f6vid id\u0151n bel\u00fcl m\u00e1sodszor eml\u00edti hangs\u00falyosan ezt a t\u00e9nyez\u0151t.<br \/>\n    M\u00e1rcius v\u00e9g\u00e9n, egy pekingi \u00fczleti f\u00f3rumon is kijelentette, hogy gyeng\u00fcl a reformok t\u00e1mogatotts\u00e1ga az \u00e1talakul\u00f3 t\u00e9rs\u00e9gben, \u00e9s ennek oka r\u00e9szben a n\u00e9ha &#8222;hihetetlen \u00fctem\u0171&#8221; \u00e1talakul\u00e1sb\u00f3l ered\u0151 reformf\u00e1radts\u00e1g, r\u00e9szben pedig az, hogy a sz\u00fcks\u00e9ges reformok legk\u00f6nnyebben v\u00e9grehajthat\u00f3 elemei m\u00e1r lezajlottak, a m\u00e9lyebben gy\u00f6kerez\u0151 szerkezeti probl\u00e9m\u00e1kat viszont m\u00e1r nehezebb kezelni, \u00e9s ezek a mai napig megold\u00e1sra v\u00e1rnak.<br \/>\n    Mindez azt is eredm\u00e9nyezi, hogy vil\u00e1gszerte visszat\u00e9r\u0151ben van a gazdas\u00e1gi protekcionizmus, s\u0151t a gazdas\u00e1gi nacionalizmus, els\u0151sorban a nem v\u00e1mjelleg\u0171 kereskedelmi akad\u00e1lyok visszaemel\u00e9s\u00e9nek form\u00e1j\u00e1ban, \u00e9s ezzel egy id\u0151ben, f\u0151leg az ut\u00f3bbi \u00f6t \u00e9vben mark\u00e1nsan lassult a felt\u00f6rekv\u0151 t\u00e9rs\u00e9g konvergencia-folyamata &#8211; mondta minapi pekingi besz\u00e9d\u00e9ben az EBRD eln\u00f6ke.<br \/>\n    Hozz\u00e1tette, hogy a 2008-2009-es glob\u00e1lis p\u00e9nz\u00fcgyi v\u00e1ls\u00e1g \u00f3ta a beruh\u00e1z\u00e1si aktivit\u00e1s is zuhan, m\u00e9gpedig sokkal meredekebb \u00fctemben, mint ahogy azt a gazdas\u00e1gi aktivit\u00e1s lanyhul\u00e1sa \u00f6nmag\u00e1ban indokoln\u00e1. Kijelentette: az EBRD &#8222;konzervat\u00edv becsl\u00e9se&#8221; szerint \u00e9vente 75 milli\u00e1rd doll\u00e1rral kevesebb a v\u00e9grehajtott beruh\u00e1z\u00e1sok \u00e9rt\u00e9ke a bank tev\u00e9kenys\u00e9gi ter\u00fclet\u00e9nek gazdas\u00e1gaiban a sz\u00fcks\u00e9gesn\u00e9l.<br \/>\n    H\u00e9tf\u0151 esti londoni el\u0151ad\u00e1s\u00e1ban Sir Suma Chakarabarti ugyanakkor hangs\u00falyozta: az \u00f6sszk\u00e9p mindezek ellen\u00e9re azt mutatja, hogy az EBRD m\u0171k\u00f6d\u00e9si ter\u00fclet\u00e9t alkot\u00f3 orsz\u00e1gcsoport m\u00e9giscsak \u00e1talakult az elm\u00falt 25 \u00e9vben. Ennek a folyamatnak az egyik m\u00e9rc\u00e9je az, hogy az eur\u00f3pai felt\u00f6rekv\u0151 gazdas\u00e1gokban \u00e9s K\u00f6z\u00e9p-\u00c1zsi\u00e1ban a fejenk\u00e9nti j\u00f6vedelem az 1990-es \u00e9vek elej\u00e9n &#8211; v\u00e1s\u00e1rl\u00f3er\u0151-parit\u00e1son sz\u00e1molva &#8211; hozz\u00e1vet\u0151leg a negyede volt a h\u00e9t vezet\u0151 ipari hatalom (G7) \u00e1tlag\u00e1nak, ma viszont el\u00e9ri a G7-csoport szintj\u00e9nek 45 sz\u00e1zal\u00e9k\u00e1t &#8211; mondta az EBRD eln\u00f6ke.<br \/>\n    Chakarabarti az EBRD ebben j\u00e1tszott szerep\u00e9t illusztr\u00e1land\u00f3 hangs\u00falyozta, hogy az alap\u00edt\u00e1sa \u00f3ta eltelt negyedsz\u00e1zadban a bank t\u00f6bb mint 100 milli\u00e1rd eur\u00f3 \u00e9rt\u00e9k\u0171 finansz\u00edroz\u00e1st ny\u00fajtott tev\u00e9kenys\u00e9gi ter\u00fclet\u00e9nek, \u00e9s minden egyes EBRD-eur\u00f3 \u00e1tlagosan k\u00e9t tov\u00e1bbit mozg\u00f3s\u00edtott k\u00fcls\u0151 t\u00e1rsfinansz\u00edroz\u00e1si forr\u00e1sokb\u00f3l.(MTI)<\/p>\n","protected":false},"excerpt":{"rendered":"<p>T\u00f6bb nemzed\u00e9knyi id\u0151 kell a felt\u00f6rekv\u0151 eur\u00f3pai t\u00e9rs\u00e9g gazdas\u00e1gainak teljes szabadpiaci \u00e1talakul\u00e1s\u00e1hoz &#8211; mondta h\u00e9tf\u0151 este az Eur\u00f3pai \u00dajj\u00e1\u00e9p\u00edt\u00e9si \u00e9s Fejleszt\u00e9si Bank (EBRD) eln\u00f6ke.<\/p>\n","protected":false},"author":1,"featured_media":0,"comment_status":"open","ping_status":"closed","sticky":false,"template":"","format":"standard","meta":[],"categories":[246],"tags":[],"_links":{"self":[{"href":"https:\/\/gazdasagportal.hu\/index.php\/wp-json\/wp\/v2\/posts\/77618"}],"collection":[{"href":"https:\/\/gazdasagportal.hu\/index.php\/wp-json\/wp\/v2\/posts"}],"about":[{"href":"https:\/\/gazdasagportal.hu\/index.php\/wp-json\/wp\/v2\/types\/post"}],"author":[{"embeddable":true,"href":"https:\/\/gazdasagportal.hu\/index.php\/wp-json\/wp\/v2\/users\/1"}],"replies":[{"embeddable":true,"href":"https:\/\/gazdasagportal.hu\/index.php\/wp-json\/wp\/v2\/comments?post=77618"}],"version-history":[{"count":1,"href":"https:\/\/gazdasagportal.hu\/index.php\/wp-json\/wp\/v2\/posts\/77618\/revisions"}],"predecessor-version":[{"id":77619,"href":"https:\/\/gazdasagportal.hu\/index.php\/wp-json\/wp\/v2\/posts\/77618\/revisions\/77619"}],"wp:attachment":[{"href":"https:\/\/gazdasagportal.hu\/index.php\/wp-json\/wp\/v2\/media?parent=77618"}],"wp:term":[{"taxonomy":"category","embeddable":true,"href":"https:\/\/gazdasagportal.hu\/index.php\/wp-json\/wp\/v2\/categories?post=77618"},{"taxonomy":"post_tag","embeddable":true,"href":"https:\/\/gazdasagportal.hu\/index.php\/wp-json\/wp\/v2\/tags?post=77618"}],"curies":[{"name":"wp","href":"https:\/\/api.w.org\/{rel}","templated":true}]}}