{"id":77596,"date":"2016-04-11T14:25:26","date_gmt":"2016-04-11T12:25:26","guid":{"rendered":"http:\/\/gazdasagportal.hu\/?p=77596"},"modified":"2016-04-11T14:25:26","modified_gmt":"2016-04-11T12:25:26","slug":"nielsen-egy-ev-alatt-5-szazalekkal-csokkent-az-elelmiszerboltok-szama","status":"publish","type":"post","link":"https:\/\/gazdasagportal.hu\/index.php\/nielsen-egy-ev-alatt-5-szazalekkal-csokkent-az-elelmiszerboltok-szama\/","title":{"rendered":"Nielsen: egy \u00e9v alatt 5 sz\u00e1zal\u00e9kkal cs\u00f6kkent az \u00e9lelmiszerboltok sz\u00e1ma"},"content":{"rendered":"<p><strong>Egy \u00e9v alatt 5 sz\u00e1zal\u00e9kkal cs\u00f6kkent az \u00e9lelmiszerboltok sz\u00e1ma Magyarorsz\u00e1gon, csak a d\u00e9li megy\u00e9kb\u0151l k\u00f6zel \u00f6tsz\u00e1z \u00fczlet t\u0171nt el &#8211; der\u00fcl ki a Nielsen \u00e9lelmiszer-kiskereskedelemr\u0151l k\u00e9sz\u00fclt felm\u00e9r\u00e9s\u00e9b\u0151l.<\/strong><!--more--><\/p>\n<div class=\"ads-in-post1\"><div id=\"gazdasagportal.hu_fullbanner_wideboard\"><\/div>\r\n<\/div>\n<p>    A piackutat\u00f3 c\u00e9g MTI-hez h\u00e9tf\u0151n eljuttatott k\u00f6zlem\u00e9nye szerint 2016 elej\u00e9n 16 869 \u00e1ltal\u00e1nos \u00e9lelmiszer\u00fczlet m\u0171k\u00f6d\u00f6tt Magyarorsz\u00e1gon, 5 sz\u00e1zal\u00e9kkal kevesebb, mint egy \u00e9vvel kor\u00e1bban. F\u0151leg a hagyom\u00e1nyos, 200 n\u00e9gyzetm\u00e9teres \u00e9s kisebb \u00fczletek sz\u00e1ma cs\u00f6kkent, a d\u00e9li megy\u00e9kben k\u00fcl\u00f6n\u00f6sen nagy ar\u00e1nyban.<br \/>\n    Az 51-200 n\u00e9gyzetm\u00e9teres boltok sz\u00e1ma 7, az 50 n\u00e9gyzetm\u00e9teres \u00e9s kisebbek\u00e9 pedig 4 sz\u00e1zal\u00e9kkal lett kevesebb egyik \u00e9vr\u0151l a m\u00e1sikra.<br \/>\n    Sz\u0171cs-Vill\u00e1nyi \u00c1gnes, a Nielsen oszt\u00e1lyvezet\u0151je ugyanakkor felh\u00edvja a figyelmet: az 51-200 n\u00e9gyzetm\u00e9teres boltok ezzel egyidej\u0171leg m\u00e9gis 7 sz\u00e1zal\u00e9kkal tudt\u00e1k n\u00f6velni forgalmukat a teljes \u00e9lelmiszer-kiskereskedelem 4 sz\u00e1zal\u00e9kos \u00e1tlag\u00e1val szemben.<br \/>\n    Az oszt\u00e1lyvezet\u0151 ezt azzal magyar\u00e1zza, hogy v\u00e1ltoznak a v\u00e1s\u00e1rl\u00e1si szok\u00e1sok, jobban sz\u00e1m\u00edt a k\u00e9nyelem. A fogyaszt\u00f3k egy r\u00e9sze sz\u00e1m\u00e1ra el\u0151t\u00e9rbe ker\u00fcltek a lak\u00f3hely k\u00f6zeli boltok. Az 50 n\u00e9gyzetm\u00e9teres \u00e9s kisebb \u00fczletekre azonban ez nem \u00e9rv\u00e9nyes, forgalmuk s\u00falya tov\u00e1bb cs\u00f6kkent.<br \/>\n    A d\u00e9lkeleti megy\u00e9kben 9, d\u00e9lnyugaton 8, \u00e9szaknyugaton pedig 5 sz\u00e1zal\u00e9kkal kevesebb \u00e9lelmiszer\u00fczletet regisztr\u00e1ltak egyik \u00e9vr\u0151l a m\u00e1sikra. A Budapestet \u00e9s Pest megy\u00e9t mag\u00e1ban foglal\u00f3 centrumban, valamint \u00e9szakkeleten 3, illetve 2 sz\u00e1zal\u00e9kkal kevesebb \u00e9lelmiszer\u00fczlet m\u0171k\u00f6dik.<br \/>\n    A bolth\u00e1l\u00f3zat viszonylag elapr\u00f3zott, m\u00edg Magyarorsz\u00e1gon 10 ezer lakosra tizenh\u00e9t \u00e9lelmiszerbolt jut, Ausztri\u00e1ban p\u00e9ld\u00e1ul h\u00e9t, N\u00e9metorsz\u00e1gban pedig \u00f6t. Csehorsz\u00e1gban viszont a 10 ezer lakosra jut\u00f3 \u00fczletek sz\u00e1ma tizenn\u00e9gy, Szlov\u00e1ki\u00e1ban huszon\u00f6t, Lengyelorsz\u00e1gban pedig huszonnyolc &#8211; ismerteti a Nielsen.(MTI)<\/p>\n","protected":false},"excerpt":{"rendered":"<p>Egy \u00e9v alatt 5 sz\u00e1zal\u00e9kkal cs\u00f6kkent az \u00e9lelmiszerboltok sz\u00e1ma Magyarorsz\u00e1gon, csak a d\u00e9li megy\u00e9kb\u0151l k\u00f6zel \u00f6tsz\u00e1z \u00fczlet t\u0171nt el &#8211; der\u00fcl ki a Nielsen \u00e9lelmiszer-kiskereskedelemr\u0151l k\u00e9sz\u00fclt felm\u00e9r\u00e9s\u00e9b\u0151l.<\/p>\n","protected":false},"author":1,"featured_media":0,"comment_status":"open","ping_status":"closed","sticky":false,"template":"","format":"standard","meta":[],"categories":[19],"tags":[],"_links":{"self":[{"href":"https:\/\/gazdasagportal.hu\/index.php\/wp-json\/wp\/v2\/posts\/77596"}],"collection":[{"href":"https:\/\/gazdasagportal.hu\/index.php\/wp-json\/wp\/v2\/posts"}],"about":[{"href":"https:\/\/gazdasagportal.hu\/index.php\/wp-json\/wp\/v2\/types\/post"}],"author":[{"embeddable":true,"href":"https:\/\/gazdasagportal.hu\/index.php\/wp-json\/wp\/v2\/users\/1"}],"replies":[{"embeddable":true,"href":"https:\/\/gazdasagportal.hu\/index.php\/wp-json\/wp\/v2\/comments?post=77596"}],"version-history":[{"count":1,"href":"https:\/\/gazdasagportal.hu\/index.php\/wp-json\/wp\/v2\/posts\/77596\/revisions"}],"predecessor-version":[{"id":77597,"href":"https:\/\/gazdasagportal.hu\/index.php\/wp-json\/wp\/v2\/posts\/77596\/revisions\/77597"}],"wp:attachment":[{"href":"https:\/\/gazdasagportal.hu\/index.php\/wp-json\/wp\/v2\/media?parent=77596"}],"wp:term":[{"taxonomy":"category","embeddable":true,"href":"https:\/\/gazdasagportal.hu\/index.php\/wp-json\/wp\/v2\/categories?post=77596"},{"taxonomy":"post_tag","embeddable":true,"href":"https:\/\/gazdasagportal.hu\/index.php\/wp-json\/wp\/v2\/tags?post=77596"}],"curies":[{"name":"wp","href":"https:\/\/api.w.org\/{rel}","templated":true}]}}