{"id":77584,"date":"2016-04-11T11:11:44","date_gmt":"2016-04-11T09:11:44","guid":{"rendered":"http:\/\/gazdasagportal.hu\/?p=77584"},"modified":"2016-04-11T11:11:44","modified_gmt":"2016-04-11T09:11:44","slug":"felmillio-eurot-biztosit-munkahelyteremtesre-az-europai-bizottsag","status":"publish","type":"post","link":"https:\/\/gazdasagportal.hu\/index.php\/felmillio-eurot-biztosit-munkahelyteremtesre-az-europai-bizottsag\/","title":{"rendered":"F\u00e9lmilli\u00f3 eur\u00f3t biztos\u00edt munkahelyteremt\u00e9sre az Eur\u00f3pai Bizotts\u00e1g"},"content":{"rendered":"<p><strong>Az Eur\u00f3pai Bizotts\u00e1g munkahelyteremt\u0151 programot hirdetett 500 ezer eur\u00f3s (nagyj\u00e1b\u00f3l 155 milli\u00f3 forintos) kerettel a huszonnyolc uni\u00f3s tag\u00e1llam turizmusban \u00e9rintett szervezetei \u00e9s v\u00e1llalkoz\u00e1sai sz\u00e1m\u00e1ra &#8211; t\u00e1j\u00e9koztatott Ujhelyi Istv\u00e1n, az MSZP eur\u00f3pai parlamenti k\u00e9pvisel\u0151je, az Eur\u00f3pai Parlament (EP) k\u00f6zleked\u00e9si \u00e9s turisztikai bizotts\u00e1g\u00e1nak turizmus\u00e9rt felel\u0151s aleln\u00f6ke h\u00e9tf\u0151n.<br \/>\n<\/strong><!--more--><\/p>\n<div class=\"ads-in-post1\"><div id=\"gazdasagportal.hu_fullbanner_wideboard\"><\/div>\r\n<\/div>\n    A k\u00e9pvisel\u0151 k\u00f6z\u00f6lte, hogy tavaly ny\u00fajtotta be a br\u00fcsszeli test\u00fclethez a Youth on the SPOT &#8211; Special Partnership On Tourism nevet visel\u0151 program terv\u00e9t, amely a turisztikai szektor munkahelyteremt\u0151 k\u00e9pess\u00e9g\u00e9re t\u00e1maszkodva k\u00edv\u00e1n enyh\u00edteni az eur\u00f3pai tag\u00e1llamokat egyre jobban s\u00fajt\u00f3 ifj\u00fas\u00e1gi munkan\u00e9lk\u00fclis\u00e9gen.<br \/>\n    Ujhelyi Istv\u00e1n t\u00e1j\u00e9koztat\u00e1sa szerint a p\u00e1ly\u00e1zatok beny\u00fajt\u00e1s\u00e1nak hat\u00e1rideje j\u00faniusban j\u00e1r le, az \u00e1gazati szerepl\u0151k \u00e1ltal v\u00e1llalt teljes\u00edt\u00e9sek id\u0151tartama pedig legfeljebb m\u00e1sf\u00e9l \u00e9v lehet.<br \/>\n    K\u00f6zl\u00e9se szerint 5,4 milli\u00f3 fiatal pr\u00f3b\u00e1l eredm\u00e9nytelen\u00fcl munk\u00e1hoz jutni Eur\u00f3p\u00e1ban. Magyarorsz\u00e1gon az \u00e1ltal\u00e1nos munkan\u00e9lk\u00fclis\u00e9ghez kiemelked\u0151en magas ifj\u00fas\u00e1gi munkan\u00e9lk\u00fclis\u00e9gi r\u00e1ta t\u00e1rsul, minden negyedik huszon\u00f6t \u00e9v alatti egyel\u0151re k\u00e9ptelen elhelyezkedni a munkaer\u0151piacon.<br \/>\n    A projekt az eur\u00f3pai d\u00f6nt\u00e9shoz\u00f3k \u00e9s a turisztikai szektor k\u00e9pvisel\u0151i k\u00f6z\u00f6tt kiemelt egy\u00fcttm\u0171k\u00f6d\u00e9st szorgalmaz, amely min\u0151s\u00e9gi \u00e9s fenntarthat\u00f3 munkahelyeket, szakmai k\u00e9pz\u00e9seket \u00e9s gyakornoki helyeket biztos\u00edt a turisztikai \u00e1gazatban a munkalehet\u0151s\u00e9g n\u00e9lk\u00fcl l\u00e9v\u0151 eur\u00f3pai fiatalok sz\u00e1m\u00e1ra, els\u0151sorban az \u00e1gazatban \u00e9rintett kis- \u00e9s k\u00f6z\u00e9pv\u00e1llalatokkal k\u00f6z\u00f6sen.<br \/>\n    Ujhelyi Istv\u00e1n a projekttel kapcsolatban hangs\u00falyozta, hogy a turizmus az egyetlen gazdas\u00e1gi szektor, amely a v\u00e1ls\u00e1g ellen\u00e9re is k\u00e9pes volt a n\u00f6veked\u00e9sre, \u00e9s amely Eur\u00f3p\u00e1ban \u00e9s Magyarorsz\u00e1gon is a GDP t\u00edz sz\u00e1zal\u00e9k\u00e1t biztos\u00edtja.<br \/>\n    Magyarorsz\u00e1gon t\u00f6bb mint n\u00e9gysz\u00e1zezer, Eur\u00f3p\u00e1ban pedig k\u00f6zvetlen m\u00f3don t\u00edzmilli\u00f3 munkahelyet garant\u00e1l \u00e9s majd k\u00e9tmilli\u00f3 v\u00e1llalkoz\u00e1snak ny\u00fajt meg\u00e9lhet\u00e9st &#8211; \u00edrta. A turizmust szerinte \u00e9ppen ez\u00e9rt seg\u00edteni, t\u00e1mogatni \u00e9s \u00f6szt\u00f6n\u00f6zni kell &#8211; tette hozz\u00e1 a szocialista EP-k\u00e9pvisel\u0151.(MTI)<\/p>\n","protected":false},"excerpt":{"rendered":"<p>Az Eur\u00f3pai Bizotts\u00e1g munkahelyteremt\u0151 programot hirdetett 500 ezer eur\u00f3s (nagyj\u00e1b\u00f3l 155 milli\u00f3 forintos) kerettel a huszonnyolc uni\u00f3s tag\u00e1llam turizmusban \u00e9rintett szervezetei \u00e9s v\u00e1llalkoz\u00e1sai sz\u00e1m\u00e1ra &#8211; t\u00e1j\u00e9koztatott Ujhelyi Istv\u00e1n, az MSZP eur\u00f3pai parlamenti k\u00e9pvisel\u0151je, az Eur\u00f3pai Parlament (EP) k\u00f6zleked\u00e9si \u00e9s turisztikai bizotts\u00e1g\u00e1nak turizmus\u00e9rt felel\u0151s aleln\u00f6ke h\u00e9tf\u0151n.<\/p>\n","protected":false},"author":1,"featured_media":0,"comment_status":"open","ping_status":"closed","sticky":false,"template":"","format":"standard","meta":[],"categories":[19],"tags":[],"_links":{"self":[{"href":"https:\/\/gazdasagportal.hu\/index.php\/wp-json\/wp\/v2\/posts\/77584"}],"collection":[{"href":"https:\/\/gazdasagportal.hu\/index.php\/wp-json\/wp\/v2\/posts"}],"about":[{"href":"https:\/\/gazdasagportal.hu\/index.php\/wp-json\/wp\/v2\/types\/post"}],"author":[{"embeddable":true,"href":"https:\/\/gazdasagportal.hu\/index.php\/wp-json\/wp\/v2\/users\/1"}],"replies":[{"embeddable":true,"href":"https:\/\/gazdasagportal.hu\/index.php\/wp-json\/wp\/v2\/comments?post=77584"}],"version-history":[{"count":1,"href":"https:\/\/gazdasagportal.hu\/index.php\/wp-json\/wp\/v2\/posts\/77584\/revisions"}],"predecessor-version":[{"id":77585,"href":"https:\/\/gazdasagportal.hu\/index.php\/wp-json\/wp\/v2\/posts\/77584\/revisions\/77585"}],"wp:attachment":[{"href":"https:\/\/gazdasagportal.hu\/index.php\/wp-json\/wp\/v2\/media?parent=77584"}],"wp:term":[{"taxonomy":"category","embeddable":true,"href":"https:\/\/gazdasagportal.hu\/index.php\/wp-json\/wp\/v2\/categories?post=77584"},{"taxonomy":"post_tag","embeddable":true,"href":"https:\/\/gazdasagportal.hu\/index.php\/wp-json\/wp\/v2\/tags?post=77584"}],"curies":[{"name":"wp","href":"https:\/\/api.w.org\/{rel}","templated":true}]}}