{"id":77571,"date":"2016-04-11T06:57:24","date_gmt":"2016-04-11T04:57:24","guid":{"rendered":"http:\/\/gazdasagportal.hu\/?p=77571"},"modified":"2016-04-11T06:57:24","modified_gmt":"2016-04-11T04:57:24","slug":"a-lufthansa-csoport-16-millio-utast-szallitott-tavaly-magyarorszagon","status":"publish","type":"post","link":"https:\/\/gazdasagportal.hu\/index.php\/a-lufthansa-csoport-16-millio-utast-szallitott-tavaly-magyarorszagon\/","title":{"rendered":"A Lufthansa-csoport 1,6 milli\u00f3 utast sz\u00e1ll\u00edtott tavaly Magyarorsz\u00e1gon"},"content":{"rendered":"<p><strong>Minden eddigin\u00e9l t\u00f6bb, 1,6 milli\u00f3 utast sz\u00e1ll\u00edtottak a Lufthansa-csoport l\u00e9git\u00e1rsas\u00e1gai 2015-ben Magyarorsz\u00e1gon, ami k\u00f6zel 12 sz\u00e1zal\u00e9kos utassz\u00e1mb\u0151v\u00fcl\u00e9st jelent &#8211; k\u00f6z\u00f6lte Antal G\u00e1bor, a csoport magyarorsz\u00e1gi vezet\u0151je vas\u00e1rnap k\u00e9s\u0151 este Debrecenben.<\/strong><!--more--><\/p>\n<div class=\"ads-in-post1\"><div id=\"gazdasagportal.hu_fullbanner_wideboard\"><\/div>\r\n<\/div>\n<p>    A csoporthoz tartoz\u00f3 l\u00e9git\u00e1rsas\u00e1gok k\u00f6z\u00fcl a Lufthansa mintegy 728 ezer, a SWISS 182 ezer, az Austrian Airlines 104 ezer, a Brussels Airlines 181 ezer, a Germanwings\/Eurowings pedig 386 ezer l\u00e9gi utast \u00fcdv\u00f6z\u00f6lhetett a Budapestr\u0151l indul\u00f3 vagy oda \u00e9rkez\u0151 j\u00e1ratok fed\u00e9lzet\u00e9n &#8211; sorolta az igazgat\u00f3 a Deutsche Lufthansa AG \u00e9v\u00e9rt\u00e9kel\u0151 debreceni sajt\u00f3esem\u00e9ny\u00e9n.<br \/>\n    Hozz\u00e1tette: a legnagyobb n\u00f6veked\u00e9st a Germanwings\/Eurowings \u00e9rte el: 38 sz\u00e1zal\u00e9kkal t\u00f6bb utas v\u00e1lasztotta a t\u00e1rsas\u00e1g j\u00e1ratait, ami r\u00e9szben annak is k\u00f6sz\u00f6nhet\u0151, hogy imm\u00e1r a Budapest \u00e9s Hamburg, illetve D\u00fcsseldorf k\u00f6z\u00f6tti l\u00e9gi kapcsolatot is ez a t\u00e1rsas\u00e1g biztos\u00edtja.<br \/>\n    Tov\u00e1bbra is k\u00e9tsz\u00e1mjegy\u0171 n\u00f6veked\u00e9st mondhat mag\u00e1\u00e9nak a Brussels Airlines: 22 sz\u00e1zal\u00e9kkal t\u00f6bb utas v\u00e1lasztotta j\u00e1ratait, de a Lufthansa g\u00e9pein is 5 sz\u00e1zal\u00e9kkal t\u00f6bb utas fordult meg &#8211; mondta.<br \/>\n    Antal G\u00e1bor t\u00e1j\u00e9koztat\u00e1sa szerint a Budapest Airport 2015. \u00e9vi 10,3 milli\u00f3 utasa k\u00f6z\u00fcl 1,6 milli\u00f3 utazott a Lufthansa-csoport j\u00e1ratain, \u00edgy a v\u00e1llalatcsoport \u0151rzi m\u00e1sodik hely\u00e9t a magyarorsz\u00e1gi l\u00e9gi sz\u00e1ll\u00edt\u00f3k k\u00f6z\u00f6tt.<br \/>\n    A hagyom\u00e1nyos, h\u00e1l\u00f3zati l\u00e9git\u00e1rsas\u00e1gokat figyelembe v\u00e9ve a Lufthansa-csoport tov\u00e1bbra is piacvezet\u0151, \u00e9s az egyes l\u00e9git\u00e1rsas\u00e1gok eredm\u00e9nyeit elemezve ism\u00e9t a Lufthans\u00e1\u00e9 az els\u0151 hely &#8211; magyar\u00e1zta, megjegyezve, hogy az \u00f6t l\u00e9git\u00e1rsas\u00e1g a 2016-os ny\u00e1ri menetrendben \u00f6sszesen heti 147 j\u00e1ratot \u00fczemeltet Budapest \u00e9s Frankfurt, M\u00fcnchen, D\u00fcsseldorf, Hamburg, K\u00f6ln\/Bonn, B\u00e9cs, Z\u00fcrich \u00e9s Br\u00fcsszel k\u00f6z\u00f6tt.<br \/>\n    Boris Ogursky, a Lufthansa eur\u00f3pai kommunik\u00e1ci\u00f3s vezet\u0151je elmondta: l\u00e9git\u00e1rsas\u00e1gaik tavaly 170 milli\u00f3 utast sz\u00e1ll\u00edtottak, a kor\u00e1bbi \u00e9vin\u00e9l 6,8 sz\u00e1zal\u00e9kkal nagyobb, \u00f6sszesen 32 milli\u00e1rd eur\u00f3 bev\u00e9telt, \u00e9s csaknem 1,8 milli\u00e1rd eur\u00f3 nyeres\u00e9get \u00e9rtek el.<br \/>\n    \u00dajdons\u00e1gk\u00e9nt \u00e9rt\u00e9kelte a Lufthansa \u00e9let\u00e9ben, hogy tavaly t\u00f6bb, nem csak \u00fczleti, hanem szabadid\u0151s c\u00e9l\u00fa j\u00e1ratot is ind\u00edtottak egyebek k\u00f6z\u00f6tt Florid\u00e1ba, a Mald\u00edv-szigetekre, Mauritiusra \u00e9s a Szil\u00edcium-v\u00f6lgybe, San Jos\u00e9 rep\u00fcl\u0151ter\u00e9re.<br \/>\n    Antal G\u00e1bor hozz\u00e1tette: hasonl\u00f3, vagyis az \u00fczleti mellett szabadid\u0151s c\u00e9l\u00fa utaz\u00e1sokra ind\u00edtj\u00e1k h\u00e9tf\u0151n az els\u0151 menetrendszer\u0171 Lufthansa-j\u00e1ratot Debrecen \u00e9s M\u00fcnchen k\u00f6z\u00f6tt, amely a ny\u00e1ri menetrendben heti h\u00e1rom alkalommal k\u00f6zlekedik.<br \/>\n    Magyarorsz\u00e1gon 49 \u00e9v m\u00falt\u00e1n a debreceni lesz az els\u0151 \u00faj, menetrend szerinti desztin\u00e1ci\u00f3ja a n\u00e9met l\u00e9git\u00e1rsas\u00e1gnak &#8211; jegyezte meg a Lufthansa-csoport magyarorsz\u00e1gi vezet\u0151je.(MTI)<\/p>\n","protected":false},"excerpt":{"rendered":"<p>Minden eddigin\u00e9l t\u00f6bb, 1,6 milli\u00f3 utast sz\u00e1ll\u00edtottak a Lufthansa-csoport l\u00e9git\u00e1rsas\u00e1gai 2015-ben Magyarorsz\u00e1gon, ami k\u00f6zel 12 sz\u00e1zal\u00e9kos utassz\u00e1mb\u0151v\u00fcl\u00e9st jelent &#8211; k\u00f6z\u00f6lte Antal G\u00e1bor, a csoport magyarorsz\u00e1gi vezet\u0151je vas\u00e1rnap k\u00e9s\u0151 este Debrecenben.<\/p>\n","protected":false},"author":1,"featured_media":0,"comment_status":"open","ping_status":"closed","sticky":false,"template":"","format":"standard","meta":[],"categories":[19],"tags":[],"_links":{"self":[{"href":"https:\/\/gazdasagportal.hu\/index.php\/wp-json\/wp\/v2\/posts\/77571"}],"collection":[{"href":"https:\/\/gazdasagportal.hu\/index.php\/wp-json\/wp\/v2\/posts"}],"about":[{"href":"https:\/\/gazdasagportal.hu\/index.php\/wp-json\/wp\/v2\/types\/post"}],"author":[{"embeddable":true,"href":"https:\/\/gazdasagportal.hu\/index.php\/wp-json\/wp\/v2\/users\/1"}],"replies":[{"embeddable":true,"href":"https:\/\/gazdasagportal.hu\/index.php\/wp-json\/wp\/v2\/comments?post=77571"}],"version-history":[{"count":1,"href":"https:\/\/gazdasagportal.hu\/index.php\/wp-json\/wp\/v2\/posts\/77571\/revisions"}],"predecessor-version":[{"id":77572,"href":"https:\/\/gazdasagportal.hu\/index.php\/wp-json\/wp\/v2\/posts\/77571\/revisions\/77572"}],"wp:attachment":[{"href":"https:\/\/gazdasagportal.hu\/index.php\/wp-json\/wp\/v2\/media?parent=77571"}],"wp:term":[{"taxonomy":"category","embeddable":true,"href":"https:\/\/gazdasagportal.hu\/index.php\/wp-json\/wp\/v2\/categories?post=77571"},{"taxonomy":"post_tag","embeddable":true,"href":"https:\/\/gazdasagportal.hu\/index.php\/wp-json\/wp\/v2\/tags?post=77571"}],"curies":[{"name":"wp","href":"https:\/\/api.w.org\/{rel}","templated":true}]}}