{"id":77567,"date":"2016-04-10T17:20:09","date_gmt":"2016-04-10T15:20:09","guid":{"rendered":"http:\/\/gazdasagportal.hu\/?p=77567"},"modified":"2016-04-10T17:20:09","modified_gmt":"2016-04-10T15:20:09","slug":"heti-makronaptar-csak-ipari-adatok-varhatok-a-jovo-heten","status":"publish","type":"post","link":"https:\/\/gazdasagportal.hu\/index.php\/heti-makronaptar-csak-ipari-adatok-varhatok-a-jovo-heten\/","title":{"rendered":"Heti makronapt\u00e1r &#8211; Csak ipari adatok v\u00e1rhat\u00f3k a j\u00f6v\u0151 h\u00e9ten"},"content":{"rendered":"<p><strong>Csaknem \u00fcres a j\u00f6v\u0151 heti makronapt\u00e1r Magyarorsz\u00e1gon, egyed\u00fcl a febru\u00e1ri ipari termel\u00e9si adatok v\u00e1rhat\u00f3k.<\/strong><!--more--><\/p>\n<div class=\"ads-in-post1\"><div id=\"gazdasagportal.hu_fullbanner_wideboard\"><\/div>\r\n<\/div>\n<p>    A K\u00f6zponti Statisztikai Hivatal (KSH) szerd\u00e1n publik\u00e1lja az ipari termel\u00e9s febru\u00e1ri v\u00e9gleges adatait. Az el\u0151zetes adatok szerint az ipari termel\u00e9s volumene 6,3 sz\u00e1zal\u00e9kkal haladta meg az egy \u00e9vvel kor\u00e1bbit febru\u00e1rban, m\u00edg az el\u0151z\u0151 h\u00f3naphoz viszony\u00edtva 0,8 sz\u00e1zal\u00e9kkal cs\u00f6kkent az ipar kibocs\u00e1t\u00e1sa febru\u00e1rban a szezon\u00e1lisan \u00e9s munkanapt\u00e9nyez\u0151vel kiigaz\u00edtott adatok szerint.<br \/>\n    Elemz\u0151k szerint az ipari termel\u00e9s idei jelent\u0151s n\u00f6veked\u00e9se m\u00e9g v\u00e1rat mag\u00e1ra, a tavalyi er\u0151s b\u00e1zis eleve m\u00e9rs\u00e9keltebb adatokat vet\u00edt el\u0151re. A szak\u00e9rt\u0151k eg\u00e9sz \u00e9vre vonatkoz\u00f3 v\u00e1rakoz\u00e1sa er\u0151s sz\u00f3r\u00e1st mutat 3 \u00e9s 5 sz\u00e1zal\u00e9k k\u00f6z\u00f6tt.<br \/>\n    Az eur\u00f3\u00f6vezetben is szinte teljesen \u00fcres a makrogazdas\u00e1gi napt\u00e1r a j\u00f6v\u0151 h\u00e9ten.<br \/>\n    Az Egyes\u00fclt \u00c1llamokban a legfrissebb fogyaszt\u00f3i bizalmi index mellett ipari \u00e9s infl\u00e1ci\u00f3s statisztik\u00e1kat publik\u00e1lnak. A konszenzus alapj\u00e1n m\u00e1rciusban az \u00e9ves maginfl\u00e1ci\u00f3s index 2,3 sz\u00e1zal\u00e9kon stagn\u00e1lt.(MTI)<\/p>\n","protected":false},"excerpt":{"rendered":"<p>Csaknem \u00fcres a j\u00f6v\u0151 heti makronapt\u00e1r Magyarorsz\u00e1gon, egyed\u00fcl a febru\u00e1ri ipari termel\u00e9si adatok v\u00e1rhat\u00f3k.<\/p>\n","protected":false},"author":1,"featured_media":0,"comment_status":"open","ping_status":"closed","sticky":false,"template":"","format":"standard","meta":[],"categories":[19],"tags":[],"_links":{"self":[{"href":"https:\/\/gazdasagportal.hu\/index.php\/wp-json\/wp\/v2\/posts\/77567"}],"collection":[{"href":"https:\/\/gazdasagportal.hu\/index.php\/wp-json\/wp\/v2\/posts"}],"about":[{"href":"https:\/\/gazdasagportal.hu\/index.php\/wp-json\/wp\/v2\/types\/post"}],"author":[{"embeddable":true,"href":"https:\/\/gazdasagportal.hu\/index.php\/wp-json\/wp\/v2\/users\/1"}],"replies":[{"embeddable":true,"href":"https:\/\/gazdasagportal.hu\/index.php\/wp-json\/wp\/v2\/comments?post=77567"}],"version-history":[{"count":1,"href":"https:\/\/gazdasagportal.hu\/index.php\/wp-json\/wp\/v2\/posts\/77567\/revisions"}],"predecessor-version":[{"id":77568,"href":"https:\/\/gazdasagportal.hu\/index.php\/wp-json\/wp\/v2\/posts\/77567\/revisions\/77568"}],"wp:attachment":[{"href":"https:\/\/gazdasagportal.hu\/index.php\/wp-json\/wp\/v2\/media?parent=77567"}],"wp:term":[{"taxonomy":"category","embeddable":true,"href":"https:\/\/gazdasagportal.hu\/index.php\/wp-json\/wp\/v2\/categories?post=77567"},{"taxonomy":"post_tag","embeddable":true,"href":"https:\/\/gazdasagportal.hu\/index.php\/wp-json\/wp\/v2\/tags?post=77567"}],"curies":[{"name":"wp","href":"https:\/\/api.w.org\/{rel}","templated":true}]}}