{"id":77561,"date":"2016-04-10T12:25:31","date_gmt":"2016-04-10T10:25:31","guid":{"rendered":"http:\/\/gazdasagportal.hu\/?p=77561"},"modified":"2016-04-10T10:49:24","modified_gmt":"2016-04-10T08:49:24","slug":"nogradi-gyorgy-az-iszlam-allam-megsemmisitesehez-foldi-ero-kell","status":"publish","type":"post","link":"https:\/\/gazdasagportal.hu\/index.php\/nogradi-gyorgy-az-iszlam-allam-megsemmisitesehez-foldi-ero-kell\/","title":{"rendered":"N\u00f3gr\u00e1di Gy\u00f6rgy: az Iszl\u00e1m \u00c1llam megsemmis\u00edt\u00e9s\u00e9hez f\u00f6ldi er\u0151 kell"},"content":{"rendered":"<p><strong>N\u00f3gr\u00e1di Gy\u00f6rgy biztons\u00e1gpolitikai szak\u00e9rt\u0151 szerint az Iszl\u00e1m \u00c1llam megsemmis\u00edt\u00e9s\u00e9hez f\u00f6ldi er\u0151re lenne sz\u00fcks\u00e9g, de az amerikai B52-es bomb\u00e1z\u00f3kb\u00f3l kil\u0151tt prec\u00edzi\u00f3s bomb\u00e1kkal is nagy k\u00e1rokat lehet okozni a szervezetnek.<\/strong><!--more--><\/p>\n<div class=\"ads-in-post1\"><div id=\"gazdasagportal.hu_fullbanner_wideboard\"><\/div>\r\n<\/div>\n<p>    A szak\u00e9rt\u0151 az M1 aktu\u00e1lis csatorna vas\u00e1rnap reggeli m\u0171sor\u00e1ban \u00fagy v\u00e9lekedett, hogy ezek a bomb\u00e1k az I\u00c1 &#8222;f\u0151v\u00e1rosa&#8221;, Rakka alatt l\u00e9v\u0151 bonyolult alag\u00fatrendszereket is k\u00e9pesek megsemmis\u00edteni, a k\u00e9rd\u00e9s csak az, hogy mikor kaphatnak felsz\u00e1ll\u00e1si enged\u00e9lyt a g\u00e9pek.<br \/>\n    N\u00f3gr\u00e1di Gy\u00f6rgy arr\u00f3l is besz\u00e9lt, hogy szerinte a korm\u00e1nyz\u00f3 p\u00e1rtoknak nincs t\u00f6bbs\u00e9ge N\u00e9metorsz\u00e1gban, mert az emberek elfordultak t\u0151l\u00fck, ez\u00e9rt k\u00e9rd\u00e9ses, hogy Angela Merkel n\u00e9met kancell\u00e1r \u00fajra elindul-e a v\u00e1laszt\u00e1son.(MTI)<\/p>\n","protected":false},"excerpt":{"rendered":"<p>N\u00f3gr\u00e1di Gy\u00f6rgy biztons\u00e1gpolitikai szak\u00e9rt\u0151 szerint az Iszl\u00e1m \u00c1llam megsemmis\u00edt\u00e9s\u00e9hez f\u00f6ldi er\u0151re lenne sz\u00fcks\u00e9g, de az amerikai B52-es bomb\u00e1z\u00f3kb\u00f3l kil\u0151tt prec\u00edzi\u00f3s bomb\u00e1kkal is nagy k\u00e1rokat lehet okozni a szervezetnek.<\/p>\n","protected":false},"author":1,"featured_media":0,"comment_status":"open","ping_status":"closed","sticky":false,"template":"","format":"standard","meta":[],"categories":[16],"tags":[],"_links":{"self":[{"href":"https:\/\/gazdasagportal.hu\/index.php\/wp-json\/wp\/v2\/posts\/77561"}],"collection":[{"href":"https:\/\/gazdasagportal.hu\/index.php\/wp-json\/wp\/v2\/posts"}],"about":[{"href":"https:\/\/gazdasagportal.hu\/index.php\/wp-json\/wp\/v2\/types\/post"}],"author":[{"embeddable":true,"href":"https:\/\/gazdasagportal.hu\/index.php\/wp-json\/wp\/v2\/users\/1"}],"replies":[{"embeddable":true,"href":"https:\/\/gazdasagportal.hu\/index.php\/wp-json\/wp\/v2\/comments?post=77561"}],"version-history":[{"count":1,"href":"https:\/\/gazdasagportal.hu\/index.php\/wp-json\/wp\/v2\/posts\/77561\/revisions"}],"predecessor-version":[{"id":77562,"href":"https:\/\/gazdasagportal.hu\/index.php\/wp-json\/wp\/v2\/posts\/77561\/revisions\/77562"}],"wp:attachment":[{"href":"https:\/\/gazdasagportal.hu\/index.php\/wp-json\/wp\/v2\/media?parent=77561"}],"wp:term":[{"taxonomy":"category","embeddable":true,"href":"https:\/\/gazdasagportal.hu\/index.php\/wp-json\/wp\/v2\/categories?post=77561"},{"taxonomy":"post_tag","embeddable":true,"href":"https:\/\/gazdasagportal.hu\/index.php\/wp-json\/wp\/v2\/tags?post=77561"}],"curies":[{"name":"wp","href":"https:\/\/api.w.org\/{rel}","templated":true}]}}