{"id":77546,"date":"2016-04-09T16:52:54","date_gmt":"2016-04-09T14:52:54","guid":{"rendered":"http:\/\/gazdasagportal.hu\/?p=77546"},"modified":"2016-04-09T09:53:54","modified_gmt":"2016-04-09T07:53:54","slug":"offshore-botrany-haromevi-melyponton-a-cameronnal-elegedett-brit-valasztok-aranya","status":"publish","type":"post","link":"https:\/\/gazdasagportal.hu\/index.php\/offshore-botrany-haromevi-melyponton-a-cameronnal-elegedett-brit-valasztok-aranya\/","title":{"rendered":"Offshore-botr\u00e1ny &#8211; H\u00e1rom\u00e9vi m\u00e9lyponton a Cameronnal el\u00e9gedett brit v\u00e1laszt\u00f3k ar\u00e1nya"},"content":{"rendered":"<p><strong>Csaknem h\u00e1rom\u00e9vi m\u00e9lypontra s\u00fcllyedt azoknak a brit v\u00e1laszt\u00f3knak az ar\u00e1nya, akik el\u00e9gedettek David Cameron minisztereln\u00f6k tev\u00e9kenys\u00e9g\u00e9vel, az ad\u00f3elker\u00fcl\u00e9s elleni fell\u00e9p\u00e9s \u00fcgy\u00e9ben pedig j\u00f3val kevesebben b\u00edznak meg benne, mint a legnagyobb ellenz\u00e9ki er\u0151, a Munk\u00e1sp\u00e1rt vezet\u0151j\u00e9ben &#8211; \u00e1ll a legnagyobb brit k\u00f6zv\u00e9lem\u00e9ny-kutat\u00f3 c\u00e9g p\u00e9ntek este ismertetett legfrissebb felm\u00e9r\u00e9s\u00e9ben.<\/strong><!--more--><\/p>\n<div class=\"ads-in-post1\"><div id=\"gazdasagportal.hu_fullbanner_wideboard\"><\/div>\r\n<\/div>\n<p>    A YouGov vizsg\u00e1lata, amely a panamai offshore-botr\u00e1ny kirobban\u00e1sa ut\u00e1n k\u00e9sz\u00fclt, kimutatta, hogy a konzervat\u00edv p\u00e1rti Cameron munk\u00e1j\u00e1t a v\u00e1laszt\u00f3k 34 sz\u00e1zal\u00e9ka tartja megfelel\u0151nek, az el\u00e9gedetlenek ar\u00e1nya viszont 58 sz\u00e1zal\u00e9k.<br \/>\n    Ez 2013 j\u00faliusa \u00f3ta nem m\u00e9rt t\u00e1mogatotts\u00e1gi m\u00e9lypont, \u00e9s most fordult el\u0151 els\u0151 \u00edzben, hogy a Cameron munk\u00e1j\u00e1val el\u00e9gedettek \u00e9s el\u00e9gedetlenek ar\u00e1ny\u00e1nak k\u00fcl\u00f6nbs\u00e9ge rosszabb meg\u00edt\u00e9l\u00e9st mutat, mint a Munk\u00e1sp\u00e1rt \u00e9l\u00e9n \u00e1ll\u00f3 Jeremy Corbyn eset\u00e9ben.<br \/>\n    A v\u00e1laszt\u00f3k 30 sz\u00e1zal\u00e9ka mondta azt, hogy v\u00e9lem\u00e9nye szerint Corbyn j\u00f3 munk\u00e1t v\u00e9gez, \u00e9s 52 sz\u00e1zal\u00e9k fejtett ki negat\u00edv v\u00e9lem\u00e9nyt.<br \/>\n    Ennek alapj\u00e1n Cameron &#8222;nett\u00f3 el\u00e9gedetts\u00e9gi mutat\u00f3ja&#8221; m\u00ednusz 24, Corbyn\u00e9 m\u00ednusz 22 &#8211; \u00e1ll a YouGov ismertet\u00e9s\u00e9ben.<br \/>\n    A c\u00e9g felm\u00e9r\u00e9se arra is kit\u00e9rt, hogy a v\u00e1laszt\u00f3k kit tartanak megb\u00edzhat\u00f3bbnak az ad\u00f3elker\u00fcl\u00e9s probl\u00e9m\u00e1j\u00e1nak kezel\u00e9s\u00e9ben, \u00e9s Cameron itt sokkal rosszabb eredm\u00e9nyt \u00e9rt el, mint munk\u00e1sp\u00e1rti riv\u00e1lisa.<br \/>\n    A brit korm\u00e1nyf\u0151t a v\u00e1laszad\u00f3k 23 sz\u00e1zal\u00e9ka, Jeremy Corbynt 39 sz\u00e1zal\u00e9kuk tartja megb\u00edzhat\u00f3nak ebben a k\u00e9rd\u00e9sben. A vizsg\u00e1latba bevont v\u00e1laszt\u00f3k 68 sz\u00e1zal\u00e9ka szerint Cameronban nem lehet megb\u00edzni az ad\u00f3elker\u00fcl\u00e9s kezel\u00e9s\u00e9ben; a munk\u00e1sp\u00e1rti vezet\u0151t e ter\u00fcleten megb\u00edzhatatlannak tart\u00f3k ar\u00e1nya 47 sz\u00e1zal\u00e9k.<br \/>\n    David Cameron n\u00e9hai \u00e9desapja \u00fczleti tev\u00e9kenys\u00e9ge r\u00e9v\u00e9n keveredett bele a panamai offshore-botr\u00e1nyba.<br \/>\n    A Mossack Fonseca panamai \u00fcgyv\u00e9di iroda offshore c\u00e9galap\u00edt\u00e1si tranzakci\u00f3ir\u00f3l minap kisziv\u00e1rogtatott milli\u00f3nyi bizalmas dokumentumokb\u00f3l kider\u00fclt ugyanis, hogy Ian Cameron, a korm\u00e1nyf\u0151 2010-ben elhunyt apja t\u00e1rstulajdonosa \u00e9s t\u00e1rsigazgat\u00f3ja volt egy offshore befektet\u00e9si c\u00e9gnek, amelyet bahamai \u00e9s sv\u00e1jci sz\u00e9khellyel hoztak l\u00e9tre, a Mossack Fonseca k\u00f6zrem\u0171k\u00f6d\u00e9s\u00e9vel.<br \/>\n    A brit sajt\u00f3ban a h\u00e9ten t\u00f6bb b\u00edr\u00e1l\u00f3 \u00edr\u00e1s is megjelent Cameron \u00e9desapj\u00e1nak c\u00e9g\u00e9r\u0151l.<br \/>\n    A The Guardian c\u00edm\u0171 vezet\u0151 baloldali brit napilap p\u00e9ld\u00e1ul azt \u00edrta, hogy az 1980-as \u00e9vek elej\u00e9n alap\u00edtott Blairmore Holdings nev\u0171 c\u00e9g h\u00e1rom \u00e9vtizeden \u00e1t &#8222;egyetlen penny&#8221; ad\u00f3t sem fizetett Nagy-Britanni\u00e1ban. A lap szerint a Blairmore igazgat\u00f3tan\u00e1csi szerkezet\u00e9t \u00fagy alak\u00edtott\u00e1k ki, hogy a c\u00e9g jogilag nem sz\u00e1m\u00edtott Nagy-Britanni\u00e1ban rezidens ad\u00f3alanynak, \u00e9s \u00edgy nem is ker\u00fclt a brit ad\u00f3hivatal l\u00e1t\u00f3k\u00f6r\u00e9be.<br \/>\n    David Cameron r\u00e1ad\u00e1sul csak a botr\u00e1ny kirobban\u00e1sa ut\u00e1n h\u00e1rom nappal &#8211; \u00e9s t\u00f6bb, meglehet\u0151sen bizonytalan hivatalos nyilatkozat ut\u00e1n &#8211; ismerte el, hogy neki is voltak r\u00e9szv\u00e9nyei n\u00e9hai \u00e9desapja offshore befektet\u00e9si v\u00e1llalkoz\u00e1s\u00e1ban. Hangs\u00falyozta ugyanakkor, hogy ezt az \u00e9rdekelts\u00e9g\u00e9t 2010-ben &#8211; m\u00e9g miel\u0151tt Nagy-Britannia minisztereln\u00f6ke lett volna &#8211; eladta.(MTI)<\/p>\n","protected":false},"excerpt":{"rendered":"<p>Csaknem h\u00e1rom\u00e9vi m\u00e9lypontra s\u00fcllyedt azoknak a brit v\u00e1laszt\u00f3knak az ar\u00e1nya, akik el\u00e9gedettek David Cameron minisztereln\u00f6k tev\u00e9kenys\u00e9g\u00e9vel, az ad\u00f3elker\u00fcl\u00e9s elleni fell\u00e9p\u00e9s \u00fcgy\u00e9ben pedig j\u00f3val kevesebben b\u00edznak meg benne, mint a legnagyobb ellenz\u00e9ki er\u0151, a Munk\u00e1sp\u00e1rt vezet\u0151j\u00e9ben &#8211; \u00e1ll a legnagyobb brit k\u00f6zv\u00e9lem\u00e9ny-kutat\u00f3 c\u00e9g p\u00e9ntek este ismertetett legfrissebb felm\u00e9r\u00e9s\u00e9ben.<\/p>\n","protected":false},"author":1,"featured_media":0,"comment_status":"open","ping_status":"closed","sticky":false,"template":"","format":"standard","meta":[],"categories":[246],"tags":[],"_links":{"self":[{"href":"https:\/\/gazdasagportal.hu\/index.php\/wp-json\/wp\/v2\/posts\/77546"}],"collection":[{"href":"https:\/\/gazdasagportal.hu\/index.php\/wp-json\/wp\/v2\/posts"}],"about":[{"href":"https:\/\/gazdasagportal.hu\/index.php\/wp-json\/wp\/v2\/types\/post"}],"author":[{"embeddable":true,"href":"https:\/\/gazdasagportal.hu\/index.php\/wp-json\/wp\/v2\/users\/1"}],"replies":[{"embeddable":true,"href":"https:\/\/gazdasagportal.hu\/index.php\/wp-json\/wp\/v2\/comments?post=77546"}],"version-history":[{"count":1,"href":"https:\/\/gazdasagportal.hu\/index.php\/wp-json\/wp\/v2\/posts\/77546\/revisions"}],"predecessor-version":[{"id":77547,"href":"https:\/\/gazdasagportal.hu\/index.php\/wp-json\/wp\/v2\/posts\/77546\/revisions\/77547"}],"wp:attachment":[{"href":"https:\/\/gazdasagportal.hu\/index.php\/wp-json\/wp\/v2\/media?parent=77546"}],"wp:term":[{"taxonomy":"category","embeddable":true,"href":"https:\/\/gazdasagportal.hu\/index.php\/wp-json\/wp\/v2\/categories?post=77546"},{"taxonomy":"post_tag","embeddable":true,"href":"https:\/\/gazdasagportal.hu\/index.php\/wp-json\/wp\/v2\/tags?post=77546"}],"curies":[{"name":"wp","href":"https:\/\/api.w.org\/{rel}","templated":true}]}}