{"id":77540,"date":"2016-04-09T10:40:52","date_gmt":"2016-04-09T08:40:52","guid":{"rendered":"http:\/\/gazdasagportal.hu\/?p=77540"},"modified":"2016-04-09T09:47:38","modified_gmt":"2016-04-09T07:47:38","slug":"informatikai-es-szorakoztatoelektronikai-kiallitas-a-millenarison","status":"publish","type":"post","link":"https:\/\/gazdasagportal.hu\/index.php\/informatikai-es-szorakoztatoelektronikai-kiallitas-a-millenarison\/","title":{"rendered":"Informatikai \u00e9s sz\u00f3rakoztat\u00f3elektronikai ki\u00e1ll\u00edt\u00e1s a Millen\u00e1rison"},"content":{"rendered":"<p><strong>A telekommunik\u00e1ci\u00f3, az informatika \u00e9s a sz\u00f3rakoztat\u00f3elektronika \u00fajdons\u00e1gait bemutat\u00f3 Veletech ki\u00e1ll\u00edt\u00e1st szombaton tartj\u00e1k a Millen\u00e1rison.<\/strong><!--more--><\/p>\n<div class=\"ads-in-post1\"><div id=\"gazdasagportal.hu_fullbanner_wideboard\"><\/div>\r\n<\/div>\n<p>A ki\u00e1ll\u00edt\u00e1son a l\u00e1togat\u00f3k maguk is kipr\u00f3b\u00e1lhatj\u00e1k azokat az eszk\u00f6z\u00f6ket, k\u00e9sz\u00fcl\u00e9keket, amelyeknek j\u00f3 r\u00e9sze febru\u00e1rban, a Mobile World Congress ki\u00e1ll\u00edt\u00e1son mutatkozott be Barcelon\u00e1ban.<br \/>\nA szervez\u0151k c\u00e9lja, hogy az \u00fajdons\u00e1gok ir\u00e1nt fog\u00e9kony l\u00e1togat\u00f3k k\u00f6zvetlen\u00fcl a gy\u00e1rt\u00f3kt\u00f3l, szak\u00e9rt\u0151kt\u0151l k\u00e9rdezhessenek, az ismeretek b\u0151v\u00edt\u00e9s\u00e9re szakmai el\u0151ad\u00e1sokat is szerveznek.<br \/>\nA ki\u00e1ll\u00edt\u00f3k k\u00f6z\u00f6tt lesz az Alcatel, a One Touch, a Huawei, a Microsoft, a Mozilla, a myPhone, az Olympus, az \u00d3budai Egyetem Neumann J\u00e1nos Informatikai Kara, az Opel, a Runtastic, Samsung, Sony, a Xiaomi \u00e9s Zuk is.<br \/>\nA rendezv\u00e9ny honlapj\u00e1n k\u00f6zz\u00e9tett t\u00e1j\u00e9koztat\u00e1s szerint a ki\u00e1ll\u00edt\u00e1s keret\u00e9ben megrendezik az id\u00e9n is a Veletech Modding Versenyt, a H.A.C.K elektronikai workshopot \u00e9s a Mobilmement\u00f3k retr\u00f3telefon ki\u00e1ll\u00edt\u00e1st.<br \/>\n(MTI)<\/p>\n","protected":false},"excerpt":{"rendered":"<p>A telekommunik\u00e1ci\u00f3, az informatika \u00e9s a sz\u00f3rakoztat\u00f3elektronika \u00fajdons\u00e1gait bemutat\u00f3 Veletech ki\u00e1ll\u00edt\u00e1st szombaton tartj\u00e1k a Millen\u00e1rison.<\/p>\n","protected":false},"author":1,"featured_media":0,"comment_status":"open","ping_status":"closed","sticky":false,"template":"","format":"standard","meta":[],"categories":[4,49],"tags":[],"_links":{"self":[{"href":"https:\/\/gazdasagportal.hu\/index.php\/wp-json\/wp\/v2\/posts\/77540"}],"collection":[{"href":"https:\/\/gazdasagportal.hu\/index.php\/wp-json\/wp\/v2\/posts"}],"about":[{"href":"https:\/\/gazdasagportal.hu\/index.php\/wp-json\/wp\/v2\/types\/post"}],"author":[{"embeddable":true,"href":"https:\/\/gazdasagportal.hu\/index.php\/wp-json\/wp\/v2\/users\/1"}],"replies":[{"embeddable":true,"href":"https:\/\/gazdasagportal.hu\/index.php\/wp-json\/wp\/v2\/comments?post=77540"}],"version-history":[{"count":1,"href":"https:\/\/gazdasagportal.hu\/index.php\/wp-json\/wp\/v2\/posts\/77540\/revisions"}],"predecessor-version":[{"id":77541,"href":"https:\/\/gazdasagportal.hu\/index.php\/wp-json\/wp\/v2\/posts\/77540\/revisions\/77541"}],"wp:attachment":[{"href":"https:\/\/gazdasagportal.hu\/index.php\/wp-json\/wp\/v2\/media?parent=77540"}],"wp:term":[{"taxonomy":"category","embeddable":true,"href":"https:\/\/gazdasagportal.hu\/index.php\/wp-json\/wp\/v2\/categories?post=77540"},{"taxonomy":"post_tag","embeddable":true,"href":"https:\/\/gazdasagportal.hu\/index.php\/wp-json\/wp\/v2\/tags?post=77540"}],"curies":[{"name":"wp","href":"https:\/\/api.w.org\/{rel}","templated":true}]}}