{"id":77516,"date":"2016-04-08T15:12:52","date_gmt":"2016-04-08T13:12:52","guid":{"rendered":"http:\/\/gazdasagportal.hu\/?p=77516"},"modified":"2016-04-08T15:01:42","modified_gmt":"2016-04-08T13:01:42","slug":"a-mapei-tarsakra-talalt-a-szakemberhiany-elleni-harcban","status":"publish","type":"post","link":"https:\/\/gazdasagportal.hu\/index.php\/a-mapei-tarsakra-talalt-a-szakemberhiany-elleni-harcban\/","title":{"rendered":"A Mapei t\u00e1rsakra tal\u00e1lt a szakemberhi\u00e1ny elleni harcban"},"content":{"rendered":"<p><strong>Markovich B\u00e9la a Mapei Kft. \u00fcgyvezet\u0151i igazgat\u00f3ja k\u00f6z\u00f6s egyeztet\u00e9sre invit\u00e1lta az Orsz\u00e1gos \u00c9p\u00edt\u0151ipari Szakember Tal\u00e1lkoz\u00f3 egy\u00fcttm\u0171k\u00f6d\u0151 partnereit, akik egy\u00fctt veszik fel a harcot a szakemberhi\u00e1ny ellen.<\/strong><!--more--><\/p>\n<div class=\"ads-in-post1\"><div id=\"gazdasagportal.hu_fullbanner_wideboard\"><\/div>\r\n<\/div>\n<p><strong>T\u00f6bbek k\u00f6z\u00f6tt jelen volt a Ford Petr\u00e1nyi, Migua, Dickies, Sch\u00fcter System, Kapro \u00e9s a Sigma. Ezen c\u00e9gek egy\u00fctt v\u00e1gnak bele egy olyan nagyszab\u00e1s\u00fa kezdem\u00e9nyez\u00e9sbe, amely m\u00e9g sosem volt Magyarorsz\u00e1gon. A k\u00f6zel 2 \u00f3r\u00e1s eszmecsere \u00e9s egyeztet\u00e9s ut\u00e1n, a megjelent partnerek \u00f6r\u00f6mmel nyugt\u00e1zhatt\u00e1k: igaz\u00e1n sz\u00ednvonalas szakmai esem\u00e9ny ker\u00fcl majd megrendez\u00e9sre, \u00e9s aki kimarad, az lemarad. <\/strong><\/p>\n<p><strong>\u00a0<\/strong><\/p>\n<p>A Mapei Kft. szerint az \u00e9p\u00edt\u0151ipari szakmunk\u00e1sok ki\u00f6reged\u00e9se, a szakma megbecs\u00fcl\u00e9s\u00e9nek hi\u00e1nya, a szakemberek t\u00f6meges elv\u00e1ndorl\u00e1sa, k\u00fclf\u00f6ldi munkakeres\u00e9se, \u00e9s az ut\u00e1np\u00f3tl\u00e1s hi\u00e1nya m\u00e1r most is \u00f3ri\u00e1si zavart okoz az \u00e9p\u00edt\u0151iparban, \u00e9s \u00fagy gondolj\u00e1k, azonnal kell l\u00e9p\u00e9seket tenni, nem csak korm\u00e1nyzati szinten. \u2013 nyilatkozta a c\u00e9g vezet\u0151je. A megjelent, \u00e9s az ipar\u00e1ghoz kapcsol\u00f3d\u00f3, gy\u00e1rt\u00f3-, \u00e9s forgalmaz\u00f3 c\u00e9gek k\u00e9pvisel\u0151i ezt csak meger\u0151s\u00edteni \u00e9s t\u00e1mogatni tudt\u00e1k.<\/p><div id=\"gazda-1263717536\" class=\"gazda-tartalomban gazda-entity-placement\"><script async src=\"https:\/\/pagead2.googlesyndication.com\/pagead\/js\/adsbygoogle.js\"><\/script>\r\n<ins class=\"adsbygoogle\"\r\n     style=\"display:block\"\r\n     data-ad-format=\"fluid\"\r\n     data-ad-layout-key=\"-6t+ed+2i-1n-4w\"\r\n     data-ad-client=\"ca-pub-1959107119989764\"\r\n     data-ad-slot=\"4008251320\"><\/ins>\r\n<script>\r\n     (adsbygoogle = window.adsbygoogle || []).push({});\r\n<\/script><\/div>\n<p><strong>\u00a0<\/strong><\/p>\n<p>Sz\u00e9les k\u00f6rben elterjedt, hogy a Mapei Kft m\u00e1rcius 9-\u00e9n hadat \u00fczent a szakemberhi\u00e1nynak \u00e9s<\/p>\n<p>ennek els\u0151 akci\u00f3jak\u00e9nt megrendezi az Orsz\u00e1gos \u00c9p\u00edt\u0151ipari Szakember Tal\u00e1lkoz\u00f3t, amellyel egyid\u0151ben Magyarorsz\u00e1gon egyed\u00fcl\u00e1ll\u00f3 seg\u00edt\u0151 k\u00f6z\u00f6ss\u00e9get alap\u00edt &#8211; jelentette be az Markovich B\u00e9la \u00fcgyvezet\u0151. \u201e25 \u00e9ve seg\u00edtj\u00fck az \u00e9p\u00edt\u0151ket \u00e9s \u00e9p\u00edttet\u0151ket a j\u00f6v\u0151 \u00e9p\u00fcleteinek megalkot\u00e1s\u00e1ban. Ennek szerves r\u00e9sze a szakemberek magas sz\u00ednvonal\u00fa k\u00e9pz\u00e9se, de t\u00e1mogat\u00e1sa is, akik a 25 \u00e9v alatt t\u00f6bb ezer l\u00e9trej\u00f6tt \u00e9p\u00fclethez j\u00e1rultak hozz\u00e1, ez\u00e9rt kiemelten t\u00e1mogatjuk a szakemberek munk\u00e1j\u00e1t, \u00e9s munk\u00e1ss\u00e1g\u00e1t. \u2013 nyilatkozta az \u00fcgyvezet\u0151.<\/p>\n<p>&nbsp;<\/p>\n<p><strong>Fejl\u0151d\u00e9si lehet\u0151s\u00e9g megteremt\u00e9se<\/strong><\/p>\n<p>Szakmai k\u00e9pz\u00e9sek mellett, seg\u00edtik majd a szakembereket, hogy sikeres v\u00e1llalkoz\u00f3k legyenek, ehhez \u00e1tadnak majd v\u00e1llalkoz\u00f3i ismereteket, ny\u00fajtanak jogi seg\u00edts\u00e9get \u00e9s el\u0151ny\u00f6s, k\u00f6z\u00f6s beszerz\u00e9seket bonyol\u00edtanak majd egy\u00fctt. A j\u00fanius 11-\u00e9n megrendez\u00e9sre ker\u00fcl\u0151 <strong>ezerf\u0151sre<\/strong> tervezett esem\u00e9ny c\u00e9lja a tapasztalatcsere \u00e9s seg\u00edts\u00e9gny\u00fajt\u00e1s \u00e9s, hogy Magyarorsz\u00e1gon egyed\u00fcl\u00e1ll\u00f3 f\u00f3rumot teremtsen a szakemberek sz\u00e1m\u00e1ra. R\u00e9szletek \u00e9s jelentkez\u00e9s a <a href=\"http:\/\/www.szakembertalalkozo.hu\" target=\"_blank\" rel=\"noopener\">www.szakemberkozosseg.hu<\/a> weboldalon.<\/p>\n","protected":false},"excerpt":{"rendered":"<p>Markovich B\u00e9la a Mapei Kft. \u00fcgyvezet\u0151i igazgat\u00f3ja k\u00f6z\u00f6s egyeztet\u00e9sre invit\u00e1lta az Orsz\u00e1gos \u00c9p\u00edt\u0151ipari Szakember Tal\u00e1lkoz\u00f3 egy\u00fcttm\u0171k\u00f6d\u0151 partnereit, akik egy\u00fctt veszik fel a harcot a szakemberhi\u00e1ny ellen.<\/p>\n","protected":false},"author":1,"featured_media":0,"comment_status":"open","ping_status":"closed","sticky":false,"template":"","format":"standard","meta":[],"categories":[19],"tags":[],"_links":{"self":[{"href":"https:\/\/gazdasagportal.hu\/index.php\/wp-json\/wp\/v2\/posts\/77516"}],"collection":[{"href":"https:\/\/gazdasagportal.hu\/index.php\/wp-json\/wp\/v2\/posts"}],"about":[{"href":"https:\/\/gazdasagportal.hu\/index.php\/wp-json\/wp\/v2\/types\/post"}],"author":[{"embeddable":true,"href":"https:\/\/gazdasagportal.hu\/index.php\/wp-json\/wp\/v2\/users\/1"}],"replies":[{"embeddable":true,"href":"https:\/\/gazdasagportal.hu\/index.php\/wp-json\/wp\/v2\/comments?post=77516"}],"version-history":[{"count":1,"href":"https:\/\/gazdasagportal.hu\/index.php\/wp-json\/wp\/v2\/posts\/77516\/revisions"}],"predecessor-version":[{"id":77517,"href":"https:\/\/gazdasagportal.hu\/index.php\/wp-json\/wp\/v2\/posts\/77516\/revisions\/77517"}],"wp:attachment":[{"href":"https:\/\/gazdasagportal.hu\/index.php\/wp-json\/wp\/v2\/media?parent=77516"}],"wp:term":[{"taxonomy":"category","embeddable":true,"href":"https:\/\/gazdasagportal.hu\/index.php\/wp-json\/wp\/v2\/categories?post=77516"},{"taxonomy":"post_tag","embeddable":true,"href":"https:\/\/gazdasagportal.hu\/index.php\/wp-json\/wp\/v2\/tags?post=77516"}],"curies":[{"name":"wp","href":"https:\/\/api.w.org\/{rel}","templated":true}]}}