{"id":77514,"date":"2016-04-08T14:56:44","date_gmt":"2016-04-08T12:56:44","guid":{"rendered":"http:\/\/gazdasagportal.hu\/?p=77514"},"modified":"2016-04-08T14:56:44","modified_gmt":"2016-04-08T12:56:44","slug":"valaszut-ele-kerult-az-europai-unio-integracioja","status":"publish","type":"post","link":"https:\/\/gazdasagportal.hu\/index.php\/valaszut-ele-kerult-az-europai-unio-integracioja\/","title":{"rendered":"V\u00e1lasz\u00fat el\u00e9 ker\u00fclt az Eur\u00f3pai Uni\u00f3 integr\u00e1ci\u00f3ja"},"content":{"rendered":"<p><strong>V\u00e1lasz\u00fat el\u00e9 ker\u00fclt az Eur\u00f3pai Uni\u00f3 integr\u00e1ci\u00f3ja, el kell d\u00f6nteni, hogy a nemzet\u00e1llamis\u00e1g vagy az eur\u00f3pai \u00e1llamis\u00e1g ir\u00e1ny\u00e1ba haladjon tov\u00e1bb a szervezet &#8211; mondta Navracsics Tibor uni\u00f3s biztos p\u00e9nteken Veszpr\u00e9mben.<\/strong><!--more--><\/p>\n<div class=\"ads-in-post1\"><div id=\"gazdasagportal.hu_fullbanner_wideboard\"><\/div>\r\n<\/div>\n<p>    Az Eur\u00f3pai Bizotts\u00e1g oktat\u00e1s\u00e9rt, kult\u00far\u00e1\u00e9rt, ifj\u00fas\u00e1g\u00e9rt \u00e9s sport\u00e9rt felel\u0151s biztosa az E\u00f6tv\u00f6s K\u00e1roly Jog\u00e1sznapon tartott el\u0151ad\u00e1s\u00e1ban felid\u00e9zte: az Eur\u00f3pai Uni\u00f3 az \u00f6nszab\u00e1lyoz\u00e1s sz\u00e1nd\u00e9k\u00e1val alakult meg, a d\u00f6nt\u00e9sek meghozatal\u00e1t \u00e9s betart\u00e1s\u00e1t kik\u00e9nyszer\u00edt\u0151 eszk\u00f6z\u00f6k n\u00e9lk\u00fcl, azzal az elk\u00e9pzel\u00e9ssel, hogy a politik\u00e1t \u00e9s a politikusokat t\u00e1vol tarts\u00e1k az alapvet\u0151en szakmai alapokon m\u0171k\u00f6d\u0151 szervezett\u0151l.<br \/>\n    M\u00e1ra azonban komoly k\u00e9rd\u00e9ss\u00e9 v\u00e1lt, hogy &#8222;\u00e9rtelmezhet\u0151-e \u00f6nk\u00e9ntes jogk\u00f6vet\u00e9sre alapul\u00f3 k\u00f6z\u00f6ss\u00e9gk\u00e9nt az \u00e1tpolitiz\u00e1l\u00f3dott Eur\u00f3pai Uni\u00f3&#8221; &#8211; fogalmazott Navracsics Tibor. Hozz\u00e1tette: ellentmond\u00e1st jelent, hogy m\u00edg a nagy\u00e1llami \u00e9rdekek a migr\u00e1nsk\u00e9rd\u00e9s eur\u00f3pai szintre emel\u00e9s\u00e9t prefer\u00e1lj\u00e1k, addig folyamatosan szembes\u00fcl\u00fcnk az erre v\u00e1laszk\u00e9nt \u00e9rkez\u0151, a nemzet\u00e1llami sz\u00e9ttart\u00e1st jelent\u0151 esem\u00e9nyekkel.<br \/>\n    Navracsics Tibor felid\u00e9zte: a m\u00e1sodik vil\u00e1gh\u00e1bor\u00fa ut\u00e1n a n\u00e9met neh\u00e9zipart kontroll\u00e1lni k\u00e9pes szervezetet k\u00edv\u00e1ntak l\u00e9trehozni a t\u00f6m\u00f6r\u00fcl\u0151 orsz\u00e1gok a k\u00f6z\u00f6s eur\u00f3pai sz\u00e9npiac megteremt\u00e9s\u00e9vel. Az int\u00e9zm\u00e9nyrendszer \u00fagy j\u00f6tt l\u00e9tre, hogy a &#8222;politikusoknak ne legyen lehet\u0151s\u00e9g\u00fck a funkcion\u00e1lis logika lerombol\u00e1s\u00e1ra&#8221;, a dolgok \u00e9rdemi befoly\u00e1sol\u00e1s\u00e1ra &#8211; fogalmazott.<br \/>\n    K\u00e9s\u0151bb egyre nyilv\u00e1nval\u00f3bb\u00e1 v\u00e1lt, hogy a &#8222;politikai logik\u00e1t nem lehet megker\u00fclni&#8221;. Erre j\u00f3 p\u00e9lda volt az &#8222;\u00fcres sz\u00e9kek politik\u00e1ja&#8221; 1966-67-ben, amikor Franciaorsz\u00e1g nem k\u00fcldte el deleg\u00e1ltj\u00e1t a tan\u00e1cs\u00fcl\u00e9sre, ezzel megakad\u00e1lyozva a k\u00f6z\u00f6s mez\u0151gazdas\u00e1gi politika megalkot\u00e1s\u00e1t &#8211; mondta az uni\u00f3s biztos.<br \/>\n    Megjegyezte: 1979 \u00f3ta egyre alacsonyabb a r\u00e9szv\u00e9teli ar\u00e1ny az uni\u00f3s v\u00e1laszt\u00e1sokon, ami felveti a k\u00e9rd\u00e9st, hogy legitim m\u00f3don k\u00e9pviselik-e a v\u00e1laszt\u00f3ikat az uni\u00f3s k\u00e9pvisel\u0151k.<br \/>\n    Az eur\u00f3 v\u00e1ls\u00e1ga arra az ellentmond\u00e1sra mutatott r\u00e1, hogy egy \u00faj p\u00e9nznemet \u00fagy vezettek be, hogy k\u00f6zben az ezt garant\u00e1l\u00f3 int\u00e9zm\u00e9nyrendszer nemzeti szinten maradt &#8211; k\u00f6z\u00f6lte Navracsics Tibor.<br \/>\n    Kiemelte: szembes\u00fclni kell azzal is, hogy G\u00f6r\u00f6gorsz\u00e1g folyamatosan megszegi a mag\u00e1ra v\u00e1llalt uni\u00f3s szab\u00e1lyokat, ez &#8222;komoly politikai l\u00e9ket \u00fct\u00f6tt a k\u00f6zbizalmon&#8221;. A migr\u00e1nsv\u00e1ls\u00e1gr\u00f3l sz\u00f3lva elmondta, els\u0151k\u00e9nt fordult el\u0151 az uni\u00f3 fenn\u00e1ll\u00e1sa \u00f3ta, hogy min\u0151s\u00edtett t\u00f6bbs\u00e9ggel vittek \u00e1t egy olyan k\u00e9rd\u00e9st, amely a tag\u00e1llamok szuverenit\u00e1s\u00e1t \u00e9rinti, hozz\u00e1t\u00e9ve: egyed\u00fcl\u00e1ll\u00f3 az a jelens\u00e9g is, hogy erre v\u00e1laszk\u00e9nt k\u00e9t tagorsz\u00e1g &#8211; Magyarorsz\u00e1g \u00e9s Szlov\u00e1kia &#8211; azonnal az Eur\u00f3pai B\u00edr\u00f3s\u00e1ghoz fordult.<br \/>\n    S\u00e1rk\u00f6zy Tam\u00e1s, a Magyar Jog\u00e1sz Egylet eln\u00f6ke arr\u00f3l besz\u00e9lt, hogy m\u00edg a gazdas\u00e1gi t\u00e1rsas\u00e1gok szab\u00e1lyoz\u00e1sa eset\u00e9ben kialakult gyakorlat \u00e9s az \u00fcgyfelek el\u00e9gedetts\u00e9ge jellemz\u0151, addig a nonprofit szf\u00e9r\u00e1ban, az egyes\u00fcletekn\u00e9l \u00e9s alap\u00edtv\u00e1nyokn\u00e1l sz\u00e1mos jogalkalmaz\u00e1si probl\u00e9ma l\u00e9tezik, a polg\u00e1ri t\u00f6rv\u00e9nyk\u00f6nyv (Ptk.) m\u00f3dos\u00edt\u00e1sa ezen ellentmond\u00e1sokat igyekszik a k\u00f6zelj\u00f6v\u0151ben feloldani.<br \/>\n    A megoldand\u00f3 probl\u00e9m\u00e1k k\u00f6z\u00fcl kiemelte az egyes\u00fcleti gazd\u00e1lkod\u00e1s k\u00f6vetelm\u00e9nyeinek felold\u00e1s\u00e1t, a k\u00f6zhaszn\u00fa egyes\u00fcletek megalak\u00edt\u00e1sa egyszer\u0171s\u00edt\u00e9s\u00e9nek sz\u00fcks\u00e9gess\u00e9g\u00e9t. Jelezte: 3-4 h\u00f3napon bel\u00fcl sz\u00fclethet meg az e k\u00e9rd\u00e9seket szab\u00e1lyoz\u00f3 t\u00f6rv\u00e9nytervezet, majd v\u00e1rhat\u00f3an 2017 elej\u00e9n, 2018 k\u00f6zep\u00e9n l\u00e9pnek hat\u00e1lyba a m\u00f3dos\u00edt\u00e1sok.<br \/>\n    A jog\u00e1sznapot m\u00e1sodik alkalommal rendezte meg a Veszpr\u00e9mi T\u00f6rv\u00e9nysz\u00e9k \u00e9s a Magyar Jog\u00e1sz Egylet Veszpr\u00e9m megyei szervezete. (MTI)<\/p>\n","protected":false},"excerpt":{"rendered":"<p>V\u00e1lasz\u00fat el\u00e9 ker\u00fclt az Eur\u00f3pai Uni\u00f3 integr\u00e1ci\u00f3ja, el kell d\u00f6nteni, hogy a nemzet\u00e1llamis\u00e1g vagy az eur\u00f3pai \u00e1llamis\u00e1g ir\u00e1ny\u00e1ba haladjon tov\u00e1bb a szervezet &#8211; mondta Navracsics Tibor uni\u00f3s biztos p\u00e9nteken Veszpr\u00e9mben.<\/p>\n","protected":false},"author":1,"featured_media":0,"comment_status":"open","ping_status":"closed","sticky":false,"template":"","format":"standard","meta":[],"categories":[12],"tags":[],"_links":{"self":[{"href":"https:\/\/gazdasagportal.hu\/index.php\/wp-json\/wp\/v2\/posts\/77514"}],"collection":[{"href":"https:\/\/gazdasagportal.hu\/index.php\/wp-json\/wp\/v2\/posts"}],"about":[{"href":"https:\/\/gazdasagportal.hu\/index.php\/wp-json\/wp\/v2\/types\/post"}],"author":[{"embeddable":true,"href":"https:\/\/gazdasagportal.hu\/index.php\/wp-json\/wp\/v2\/users\/1"}],"replies":[{"embeddable":true,"href":"https:\/\/gazdasagportal.hu\/index.php\/wp-json\/wp\/v2\/comments?post=77514"}],"version-history":[{"count":1,"href":"https:\/\/gazdasagportal.hu\/index.php\/wp-json\/wp\/v2\/posts\/77514\/revisions"}],"predecessor-version":[{"id":77515,"href":"https:\/\/gazdasagportal.hu\/index.php\/wp-json\/wp\/v2\/posts\/77514\/revisions\/77515"}],"wp:attachment":[{"href":"https:\/\/gazdasagportal.hu\/index.php\/wp-json\/wp\/v2\/media?parent=77514"}],"wp:term":[{"taxonomy":"category","embeddable":true,"href":"https:\/\/gazdasagportal.hu\/index.php\/wp-json\/wp\/v2\/categories?post=77514"},{"taxonomy":"post_tag","embeddable":true,"href":"https:\/\/gazdasagportal.hu\/index.php\/wp-json\/wp\/v2\/tags?post=77514"}],"curies":[{"name":"wp","href":"https:\/\/api.w.org\/{rel}","templated":true}]}}