{"id":77512,"date":"2016-04-08T14:28:22","date_gmt":"2016-04-08T12:28:22","guid":{"rendered":"http:\/\/gazdasagportal.hu\/?p=77512"},"modified":"2016-04-08T14:28:22","modified_gmt":"2016-04-08T12:28:22","slug":"visszaerkezett-gorogorszagbol-torokorszagba-az-ujabb-menekultcsoport","status":"publish","type":"post","link":"https:\/\/gazdasagportal.hu\/index.php\/visszaerkezett-gorogorszagbol-torokorszagba-az-ujabb-menekultcsoport\/","title":{"rendered":"Vissza\u00e9rkezett G\u00f6r\u00f6gorsz\u00e1gb\u00f3l T\u00f6r\u00f6korsz\u00e1gba az \u00fajabb menek\u00fcltcsoport"},"content":{"rendered":"<p><strong>K\u00e9t haj\u00f3val \u00f6sszesen 123 menek\u00fclt \u00e9rkezett vissza p\u00e9nteken a g\u00f6r\u00f6g Leszbosz sziget\u00e9r\u0151l a t\u00f6r\u00f6k Dikili kik\u00f6t\u0151j\u00e9be az Ankara \u00e9s az Eur\u00f3pai Uni\u00f3 k\u00f6z\u00f6tti, a migr\u00e1ns\u00e1radat megf\u00e9kez\u00e9s\u00e9t c\u00e9lz\u00f3 meg\u00e1llapod\u00e1s keret\u00e9ben.<\/strong><!--more--><\/p>\n<div class=\"ads-in-post1\"><div id=\"gazdasagportal.hu_fullbanner_wideboard\"><\/div>\r\n<\/div>\n<p>    A kor\u00e1bbi h\u00edrek szerint az els\u0151 haj\u00f3ban 45 pakiszt\u00e1ni f\u00e9rfi utazott, azonban a t\u00f6r\u00f6korsz\u00e1gi Izmir tartom\u00e1ny bev\u00e1ndorl\u00e1s\u00fcgyi igazgat\u00f3s\u00e1g\u00e1nak tisztvisel\u0151i k\u00e9s\u0151bb 44-ben hat\u00e1rozt\u00e1k meg a sz\u00e1mukat.<br \/>\n    A m\u00e1sodik haj\u00f3ban 79 pakiszt\u00e1ni, iraki, palesztin \u00e9s bangladesi menek\u00fcltet sz\u00e1ll\u00edtottak vissza, akiket el\u0151z\u0151leg Sz\u00e1mosz \u00e9s K\u00f3sz szigetekr\u0151l hozott el egy komphaj\u00f3.<br \/>\n    A g\u00f6r\u00f6g hat\u00f3s\u00e1gok szerint az illeg\u00e1lis bev\u00e1ndorl\u00f3k egyike sem ny\u00fajtott be mened\u00e9kk\u00e9relmet.<br \/>\n    Miel\u0151tt \u00fatnak indult volna az els\u0151 haj\u00f3, a g\u00f6r\u00f6g oldalon jogv\u00e9d\u0151 szervezetek h\u00e1rom t\u00fcntet\u0151 aktivist\u00e1ja a v\u00edzbe vetette mag\u00e1t, \u00e9s a horgonyba kapaszkodva pr\u00f3b\u00e1lta megakad\u00e1lyozni a menek\u00fcltek elsz\u00e1ll\u00edt\u00e1s\u00e1t. A tiltakoz\u00f3kat a g\u00f6r\u00f6g parti \u0151rs\u00e9g emelte ki \u0151ket a tengerb\u0151l.<br \/>\n    Dikiliben eg\u00e9szs\u00e9g\u00fcgyi vizsg\u00e1latot v\u00e9geztek el a migr\u00e1nsokon, ujjlenyomatot vettek t\u0151l\u00fck, f\u00e9nyk\u00e9pet k\u00e9sz\u00edtettek r\u00f3luk, \u00e9s r\u00f6gz\u00edtett\u00e9k szem\u00e9lyes adataikat. A kik\u00f6t\u0151ben nagy sz\u00e1mban voltak jelen a k\u00e9szenl\u00e9ti rend\u0151rs\u00e9g er\u0151i, p\u00e1nc\u00e9lozott v\u00edz\u00e1gy\u00fak \u00e9s ment\u0151kocsik k\u00eds\u00e9ret\u00e9ben. A nem sz\u00edriai menek\u00fclteket &#8211; \u00edgy a p\u00e9nteki nap folyam\u00e1n \u00e9rkezett migr\u00e1nsok mindegyik\u00e9t &#8211; a t\u00f6r\u00f6k hat\u00f3s\u00e1gok buszokkal az \u00e9szaknyugat-t\u00f6r\u00f6korsz\u00e1gi Kirklareli tartom\u00e1ny &#8222;kitoloncol\u00e1si k\u00f6zpontj\u00e1ba&#8221; sz\u00e1ll\u00edtj\u00e1k, majd a sz\u00fcks\u00e9ges \u00fcgyint\u00e9z\u00e9s lebonyol\u00edt\u00e1s\u00e1t k\u00f6vet\u0151en rep\u00fcl\u0151g\u00e9pekkel haz\u00e1jukba k\u00fcldik tov\u00e1bb \u0151ket.<br \/>\n    Volkan Bozkir eur\u00f3pai \u00fcgyek\u00e9rt felel\u0151s t\u00f6r\u00f6k miniszter h\u00e9tf\u0151n k\u00f6z\u00f6lte, hogy T\u00f6r\u00f6korsz\u00e1g jelenleg 11 ezer embert k\u00e9pes p\u00f3tl\u00f3lag elhelyezni, \u00e9s ezt a keretet a k\u00f6zelj\u00f6v\u0151ben 17 ezerre szeretn\u00e9k n\u00f6velni.<br \/>\n    A m\u00e1rcius 18-i EU-t\u00f6r\u00f6k meg\u00e1llapod\u00e1s keret\u00e9ben \u00e1prilis 4-\u00e9n kezd\u0151d\u00f6tt meg azoknak az illeg\u00e1lis hat\u00e1r\u00e1tl\u00e9p\u0151knek a visszak\u00fcld\u00e9se T\u00f6r\u00f6korsz\u00e1gba, akik m\u00e1rcius 20-a ut\u00e1n \u00e9rkeztek valamelyik g\u00f6r\u00f6g szigetre, \u00e9s akiknek a g\u00f6r\u00f6g hat\u00f3s\u00e1gok elutas\u00edtott\u00e1k a mened\u00e9kk\u00e9relm\u00e9t, vagy akik maguk z\u00e1rk\u00f3ztak el a k\u00e9relem beny\u00fajt\u00e1s\u00e1t\u00f3l. A meg\u00e1llapod\u00e1s \u00e9rtelm\u00e9ben az EU-tagorsz\u00e1gok ez\u00e9rt cser\u00e9ben &#8211; egy egyel\u0151re 72 ezer f\u0151s kontingens erej\u00e9ig &#8211; leg\u00e1lis \u00faton \u00e1tvesznek T\u00f6r\u00f6korsz\u00e1gt\u00f3l ugyanannyi sz\u00edriai menek\u00fcltet, ah\u00e1nyat a g\u00f6r\u00f6g szigetekr\u0151l visszasz\u00e1ll\u00edtanak T\u00f6r\u00f6korsz\u00e1gba.<br \/>\n    H\u00e9tf\u0151n a g\u00f6r\u00f6g Leszbosz \u00e9s H\u00edosz szigetekr\u0151l 202 migr\u00e1nst sz\u00e1ll\u00edtottak vissza a t\u00f6r\u00f6k Dikili kik\u00f6t\u0151j\u00e9be. Viszont Ath\u00e9n szerd\u00e1n azt k\u00f6z\u00f6lte, hogy 15 napos sz\u00fcnetet tartanak, \u00e9s csak ut\u00e1na folytatj\u00e1k a visszasz\u00e1ll\u00edt\u00e1st, mert k\u00f6zben megn\u00f6vekedett a beadott mened\u00e9kk\u00e9relmek sz\u00e1ma, \u00e9s ezek feldolgoz\u00e1sa t\u00f6bb id\u0151t vesz ig\u00e9nybe. A k\u00e9relmek sz\u00e1ma az\u00e9rt n\u00f6vekedett meg, mert a migr\u00e1nsok \u00e9s a menek\u00fcltek tartanak visszak\u00fcld\u00e9s\u00fckt\u0151l. Igaz, a g\u00f6r\u00f6g korm\u00e1ny nem z\u00e1rta ki szerd\u00e1n, hogy ebben az id\u0151szakban is sz\u00e1ll\u00edtsanak vissza T\u00f6r\u00f6korsz\u00e1gba olyan migr\u00e1nsokat, akik nem adtak be mened\u00e9kk\u00e9relmet, hiszen \u0151ket mindenk\u00e9ppen visszak\u00fclden\u00e9k.(MTI)<\/p>\n","protected":false},"excerpt":{"rendered":"<p>K\u00e9t haj\u00f3val \u00f6sszesen 123 menek\u00fclt \u00e9rkezett vissza p\u00e9nteken a g\u00f6r\u00f6g Leszbosz sziget\u00e9r\u0151l a t\u00f6r\u00f6k Dikili kik\u00f6t\u0151j\u00e9be az Ankara \u00e9s az Eur\u00f3pai Uni\u00f3 k\u00f6z\u00f6tti, a migr\u00e1ns\u00e1radat megf\u00e9kez\u00e9s\u00e9t c\u00e9lz\u00f3 meg\u00e1llapod\u00e1s keret\u00e9ben.<\/p>\n","protected":false},"author":1,"featured_media":0,"comment_status":"open","ping_status":"closed","sticky":false,"template":"","format":"standard","meta":[],"categories":[12],"tags":[],"_links":{"self":[{"href":"https:\/\/gazdasagportal.hu\/index.php\/wp-json\/wp\/v2\/posts\/77512"}],"collection":[{"href":"https:\/\/gazdasagportal.hu\/index.php\/wp-json\/wp\/v2\/posts"}],"about":[{"href":"https:\/\/gazdasagportal.hu\/index.php\/wp-json\/wp\/v2\/types\/post"}],"author":[{"embeddable":true,"href":"https:\/\/gazdasagportal.hu\/index.php\/wp-json\/wp\/v2\/users\/1"}],"replies":[{"embeddable":true,"href":"https:\/\/gazdasagportal.hu\/index.php\/wp-json\/wp\/v2\/comments?post=77512"}],"version-history":[{"count":1,"href":"https:\/\/gazdasagportal.hu\/index.php\/wp-json\/wp\/v2\/posts\/77512\/revisions"}],"predecessor-version":[{"id":77513,"href":"https:\/\/gazdasagportal.hu\/index.php\/wp-json\/wp\/v2\/posts\/77512\/revisions\/77513"}],"wp:attachment":[{"href":"https:\/\/gazdasagportal.hu\/index.php\/wp-json\/wp\/v2\/media?parent=77512"}],"wp:term":[{"taxonomy":"category","embeddable":true,"href":"https:\/\/gazdasagportal.hu\/index.php\/wp-json\/wp\/v2\/categories?post=77512"},{"taxonomy":"post_tag","embeddable":true,"href":"https:\/\/gazdasagportal.hu\/index.php\/wp-json\/wp\/v2\/tags?post=77512"}],"curies":[{"name":"wp","href":"https:\/\/api.w.org\/{rel}","templated":true}]}}