{"id":77366,"date":"2016-04-05T16:03:27","date_gmt":"2016-04-05T14:03:27","guid":{"rendered":"http:\/\/gazdasagportal.hu\/?p=77366"},"modified":"2016-04-05T16:03:27","modified_gmt":"2016-04-05T14:03:27","slug":"kiszamithato-lakaspolitikat-surgetnek-a-lakaspiaci-szereplok","status":"publish","type":"post","link":"https:\/\/gazdasagportal.hu\/index.php\/kiszamithato-lakaspolitikat-surgetnek-a-lakaspiaci-szereplok\/","title":{"rendered":"Kisz\u00e1m\u00edthat\u00f3 lak\u00e1spolitik\u00e1t s\u00fcrgetnek a lak\u00e1spiaci szerepl\u0151k"},"content":{"rendered":"<p><strong>A hossz\u00fa t\u00e1v\u00fa, kisz\u00e1m\u00edthat\u00f3 lak\u00e1spolitika fontoss\u00e1g\u00e1ra h\u00edvt\u00e1k fel a figyelmet az \u00e9p\u00edt\u0151ipar \u00e9s az ingatlanpiac szerepl\u0151i a T\u00e1rsas\u00e1g a Lak\u00e1s\u00e9p\u00edt\u00e9s\u00e9rt, Lak\u00e1sfel\u00faj\u00edt\u00e1s\u00e9rt Egyes\u00fclet keddi parlamenti szakmai rendezv\u00e9ny\u00e9n, ahol a Fidesz, az MSZP, a KDNP, a Jobbik \u00e9s az LMP szakpolitikusai is r\u00e9szt vettek.<\/strong><!--more--><\/p>\n<div class=\"ads-in-post1\"><div id=\"gazdasagportal.hu_fullbanner_wideboard\"><\/div>\r\n<\/div>\n<p>    Mar\u00e1czi Zsolt, az egyes\u00fclet \u00fcgyvezet\u0151 eln\u00f6ke szerint az \u00e1ltal\u00e1nos forgalmi ad\u00f3 (\u00e1fa) 5 sz\u00e1zal\u00e9kra cs\u00f6kkent\u00e9se az \u00faj lak\u00e1sok \u00e9p\u00edt\u00e9s\u00e9n\u00e9l, illetve a csal\u00e1di otthonteremt\u00e9si kedvezm\u00e9ny (csok) b\u0151v\u00edt\u00e9se az ut\u00f3bbi \u00e9vtized legjelent\u0151sebb lak\u00e1sc\u00e9l\u00fa int\u00e9zked\u00e9sei.<br \/>\n    A szakember ugyanakkor felid\u00e9zte az elm\u00falt 15 \u00e9vet, amikor &#8211; szavai szerint &#8211; extr\u00e9m hull\u00e1mz\u00e1s volt a hazai lak\u00e1s\u00e9p\u00edt\u00e9sben, ami jelent\u0151s nemzetgazdas\u00e1gi k\u00e1rokat okozott. L\u00e9trej\u00f6ttek \u00e9s t\u00f6nkrementek \u00e9p\u00edt\u0151ipari v\u00e1llalkoz\u00e1sok, sok milli\u00e1rd forintos vissza\u00e9l\u00e9sek t\u00f6rt\u00e9ntek a lak\u00e1sc\u00e9l\u00fa szoci\u00e1lpolitikai t\u00e1mogat\u00e1sokkal, esetenk\u00e9nt rossz min\u0151s\u00e9g\u0171 h\u00e1zak \u00e9p\u00fcltek, a k\u00f6lts\u00e9gvet\u00e9snek egyre n\u00f6vekv\u0151 terhet jelentettek a kamatt\u00e1mogat\u00e1sok \u00e9s s\u00falyos probl\u00e9m\u00e1khoz vezettek a felvett devizahitelek; a kor\u00e1bbi hib\u00e1kat most el kellene ker\u00fclni &#8211; fogalmazott Mar\u00e1czi Zsolt.<br \/>\n    Kem\u00e9ny P\u00e9ter, az \u00c9p\u00edt\u00e9si V\u00e1llalkoz\u00f3k Orsz\u00e1gos Szaksz\u00f6vets\u00e9g\u00e9nek (\u00c9VOSZ) aleln\u00f6ke is hangs\u00falyozta: a lak\u00e1s\u00e9p\u00edt\u00e9s n\u00f6veked\u00e9s\u00e9nek akkor van j\u00f6v\u0151je, ha legal\u00e1bb 8-10 \u00e9vig kisz\u00e1m\u00edthat\u00f3, elegend\u0151 forr\u00e1s \u00e1ll rendelkez\u00e9sre, illetve stabil a jogszab\u00e1lyi h\u00e1tt\u00e9r.<br \/>\n    Az aleln\u00f6k kiemelte, ha nemzetgazdas\u00e1gi okok miatt jelenleg nincs m\u00f3d a lak\u00e1sfel\u00faj\u00edt\u00e1sok \u00e1f\u00e1j\u00e1nak cs\u00f6kkent\u00e9s\u00e9re, az \u00c9VOSZ akkor azt javasolja, hogy a bejelent\u00e9shez, illetve enged\u00e9lyhez k\u00f6t\u00f6tt korszer\u0171s\u00edt\u00e9sek forgalmi ad\u00f3j\u00e1nak 30 sz\u00e1zal\u00e9k\u00e1t maximum 3 milli\u00f3 forintig vissza lehessen ig\u00e9nyelni, \u00edgy a fel\u00faj\u00edt\u00e1sok ter\u00fclet\u00e9n is elindulna a gazdas\u00e1g kifeh\u00e9red\u00e9se.<br \/>\n    A rendezv\u00e9nyen L\u00e1szl\u00f3 Tam\u00e1s, a Fidesz szakpolitikusa kifejtette: az \u00faj lak\u00e1sok \u00e9p\u00edt\u00e9se a lak\u00e1sszektornak az a szegmense, amely mind a demogr\u00e1fiai helyzet megv\u00e1ltoztat\u00e1s\u00e1ban, mind a gazdas\u00e1g \u00e9l\u00e9nk\u00edt\u00e9s\u00e9ben a legnagyobb szerepet j\u00e1tszhat.<br \/>\n    Az\u00e9rt v\u00e1lasztotta a korm\u00e1nyzat ezt az eszk\u00f6zt, mert ez a leghat\u00e9konyabb, amellyel mindk\u00e9t k\u00e9rd\u00e9st jelent\u0151s m\u00e9rt\u00e9kben kezelni lehet &#8211; hangs\u00falyozta a Fidesz orsz\u00e1ggy\u0171l\u00e9si k\u00e9pvisel\u0151je. Hozz\u00e1tette, az \u00faj lak\u00e1sok \u00e9p\u00edt\u00e9se nyolcszor akkora gazdas\u00e1gi hozad\u00e9kkal b\u00edr, mint a lak\u00e1sok fel\u00faj\u00edt\u00e1sa.<br \/>\n    Heltai L\u00e1szl\u00f3, az LMP gazdas\u00e1gi szaksz\u00f3viv\u0151je kiemelte, a p\u00e1rt a lak\u00e1sok \u00e9s \u00e9p\u00fcletek fel\u00faj\u00edt\u00e1s\u00e1t tekinti priorit\u00e1snak. Nagys\u00e1grenddel t\u00f6bb embernek tud komfortos \u00e9s alacsony rezsij\u0171 lak\u00e1st biztos\u00edtani egy fel\u00faj\u00edt\u00e1si, mint egy \u00faj \u00e9p\u00edt\u00e9si program &#8211; fejtette ki.<br \/>\n    Az LMP fontosnak tartan\u00e1 az \u00f6nkorm\u00e1nyzati b\u00e9rlak\u00e1sszektor b\u0151v\u00edt\u00e9s\u00e9t is, ez lehet\u0151s\u00e9get biztos\u00edthatna a fiataloknak, hogy ne kelljen azonnal megterhel\u0151 \u00e9p\u00edtkez\u00e9sbe, v\u00e1s\u00e1rl\u00e1sba kezdeni &#8211; mondta.<br \/>\n    Z. K\u00e1rp\u00e1t D\u00e1niel, a Jobbik parlamenti k\u00e9pvisel\u0151je hangs\u00falyozta: a p\u00e1rt programj\u00e1nak alapeleme egy \u00e1llamilag t\u00e1mogatott b\u00e9rlak\u00e1s\u00e9p\u00edt\u00e9si program. K\u00f6zponti anyagbeszerz\u00e9ssel, min\u0151s\u00edtett, f\u0151k\u00e9nt hazai kivitelez\u0151kkel, \u00e1r-\u00e9rt\u00e9k ar\u00e1nyban kedvez\u0151en l\u00e9tre lehetne hozni egy olyan rendszert, amely enyh\u00edten\u00e9 a k\u00edn\u00e1lat sz\u0171k\u00f6ss\u00e9g\u00e9t, \u00e9rezhet\u0151en lass\u00edtan\u00e1 a kiv\u00e1ndorl\u00e1si kedvet \u00e9s \u00e9rdemben hozz\u00e1j\u00e1rulna a demogr\u00e1fiai trendfordul\u00f3hoz &#8211; k\u00f6z\u00f6lte.<br \/>\n    A szakpolitikus kifejtette azt is, hogy a csokot ki kellene terjeszteni a haszn\u00e1lt ingatlanokra.<br \/>\n    Sz\u00e1szfalvi L\u00e1szl\u00f3, a KDNP orsz\u00e1ggy\u0171l\u00e9si k\u00e9pvisel\u0151je kifejtette, 2010 \u00f3ta korm\u00e1nyzat legfontosabb feladata az volt, hogy a gazdas\u00e1got stabiliz\u00e1lja \u00e9s n\u00f6velje a k\u00f6lts\u00e9gvet\u00e9si bev\u00e9teleket, en\u00e9lk\u00fcl nem lehet lak\u00e1st\u00e1mogat\u00e1sr\u00f3l, lak\u00e1s\u00e9p\u00edt\u00e9si vagy fel\u00faj\u00edt\u00e1si programok ind\u00edt\u00e1s\u00e1r\u00f3l besz\u00e9lni &#8211; fogalmazott.<br \/>\n    Az elm\u00falt \u00f6t \u00e9vben a korm\u00e1ny gazdas\u00e1gi \u00e9s csal\u00e1dpolitikai int\u00e9zked\u00e9sei megteremtett\u00e9k az alapj\u00e1t annak, hogy elindulhasson egy lak\u00e1s\u00e9p\u00edt\u00e9si program, ami a k\u00e9s\u0151bbiekben b\u0151v\u00edthet\u0151 &#8211; hangs\u00falyozta.<br \/>\n    Bang\u00f3n\u00e9 Borb\u00e9ly Ildik\u00f3, az MSZP szakpolitikusa a rendezv\u00e9nyen egyebek mellett arr\u00f3l besz\u00e9lt, p\u00e1rtja az \u00faj lak\u00e1sok \u00e9p\u00edt\u00e9se \u00e9s a fel\u00faj\u00edt\u00e1sok mellett fontosnak tartan\u00e1 b\u00e9rlak\u00e1s\u00e9p\u00edt\u00e9si program elind\u00edt\u00e1s\u00e1t.<br \/>\n    Az orsz\u00e1ggy\u0171l\u00e9si k\u00e9pvisel\u0151 kifejtette, seg\u00edteni kellene a munkaer\u0151 mobilit\u00e1s\u00e1t, amihez hozz\u00e1j\u00e1rulna a lakb\u00e9rt\u00e1mogat\u00e1si rendszer bevezet\u00e9se.<br \/>\n    A szakpolitikus kifejtette, fontosnak tartan\u00e1, hogy k\u00f6z\u00f6s nemzeti minimum sz\u00fclessen a parlamenti p\u00e1rtok k\u00f6z\u00f6tt lak\u00e1s\u00fcgyben.(MTI)<\/p>\n","protected":false},"excerpt":{"rendered":"<p>A hossz\u00fa t\u00e1v\u00fa, kisz\u00e1m\u00edthat\u00f3 lak\u00e1spolitika fontoss\u00e1g\u00e1ra h\u00edvt\u00e1k fel a figyelmet az \u00e9p\u00edt\u0151ipar \u00e9s az ingatlanpiac szerepl\u0151i a T\u00e1rsas\u00e1g a Lak\u00e1s\u00e9p\u00edt\u00e9s\u00e9rt, Lak\u00e1sfel\u00faj\u00edt\u00e1s\u00e9rt Egyes\u00fclet keddi parlamenti szakmai rendezv\u00e9ny\u00e9n, ahol a Fidesz, az MSZP, a KDNP, a Jobbik \u00e9s az LMP szakpolitikusai is r\u00e9szt vettek.<\/p>\n","protected":false},"author":1,"featured_media":0,"comment_status":"open","ping_status":"closed","sticky":false,"template":"","format":"standard","meta":[],"categories":[19,22],"tags":[],"_links":{"self":[{"href":"https:\/\/gazdasagportal.hu\/index.php\/wp-json\/wp\/v2\/posts\/77366"}],"collection":[{"href":"https:\/\/gazdasagportal.hu\/index.php\/wp-json\/wp\/v2\/posts"}],"about":[{"href":"https:\/\/gazdasagportal.hu\/index.php\/wp-json\/wp\/v2\/types\/post"}],"author":[{"embeddable":true,"href":"https:\/\/gazdasagportal.hu\/index.php\/wp-json\/wp\/v2\/users\/1"}],"replies":[{"embeddable":true,"href":"https:\/\/gazdasagportal.hu\/index.php\/wp-json\/wp\/v2\/comments?post=77366"}],"version-history":[{"count":1,"href":"https:\/\/gazdasagportal.hu\/index.php\/wp-json\/wp\/v2\/posts\/77366\/revisions"}],"predecessor-version":[{"id":77367,"href":"https:\/\/gazdasagportal.hu\/index.php\/wp-json\/wp\/v2\/posts\/77366\/revisions\/77367"}],"wp:attachment":[{"href":"https:\/\/gazdasagportal.hu\/index.php\/wp-json\/wp\/v2\/media?parent=77366"}],"wp:term":[{"taxonomy":"category","embeddable":true,"href":"https:\/\/gazdasagportal.hu\/index.php\/wp-json\/wp\/v2\/categories?post=77366"},{"taxonomy":"post_tag","embeddable":true,"href":"https:\/\/gazdasagportal.hu\/index.php\/wp-json\/wp\/v2\/tags?post=77366"}],"curies":[{"name":"wp","href":"https:\/\/api.w.org\/{rel}","templated":true}]}}