{"id":77361,"date":"2016-04-05T14:56:19","date_gmt":"2016-04-05T12:56:19","guid":{"rendered":"http:\/\/gazdasagportal.hu\/?p=77361"},"modified":"2016-04-05T14:56:19","modified_gmt":"2016-04-05T12:56:19","slug":"a-dualis-kepzesben-az-ngm-szeretne-erositeni-kapcsolatait-a-kulfoldi-kamarakkal","status":"publish","type":"post","link":"https:\/\/gazdasagportal.hu\/index.php\/a-dualis-kepzesben-az-ngm-szeretne-erositeni-kapcsolatait-a-kulfoldi-kamarakkal\/","title":{"rendered":"A du\u00e1lis k\u00e9pz\u00e9sben az NGM szeretn\u00e9 er\u0151s\u00edteni kapcsolatait a k\u00fclf\u00f6ldi kamar\u00e1kkal"},"content":{"rendered":"<p><strong>A nemzetgazdas\u00e1gi t\u00e1rca eddig is egy\u00fcttm\u0171k\u00f6d\u00f6tt a k\u00fclf\u00f6ldi kamar\u00e1kkal a du\u00e1lis k\u00e9pz\u00e9sben, a j\u00f6v\u0151ben ezen a t\u00e9ren m\u00e9g ink\u00e1bb szeretn\u00e9 er\u0151s\u00edteni az egy\u00fcttm\u0171k\u00f6d\u00e9st &#8211; mondta Odrobina L\u00e1szl\u00f3, a Nemzetgazdas\u00e1gi Miniszt\u00e9rium (NGM) szakk\u00e9pz\u00e9s\u00e9rt \u00e9s feln\u0151ttk\u00e9pz\u00e9s\u00e9rt felel\u0151s helyettes \u00e1llamtitk\u00e1ra kedden Budapesten a Swisscham Hungary Sv\u00e1jci-Magyar Kereskedelmi Kamara \u00e9s egy\u00fcttm\u0171k\u00f6d\u0151 partnerei, egyebek k\u00f6z\u00f6tt a Joint Venture Sz\u00f6vets\u00e9g, a N\u00e9met-Magyar Ipari \u00e9s Kereskedelmi Kamara \u00e1ltal rendezett konferenci\u00e1n.<\/strong><!--more--><\/p>\n<div class=\"ads-in-post1\"><div id=\"gazdasagportal.hu_fullbanner_wideboard\"><\/div>\r\n<\/div>\n<p>    A helyettes \u00e1llamtitk\u00e1r elmondta: az \u00e9v elej\u00e9t\u0151l a du\u00e1lis k\u00e9pz\u00e9sben sz\u00e1mos egyszer\u0171s\u00edt\u00e9st vezettek be. Ezek egy r\u00e9sze azt teszi lehet\u0151v\u00e9, hogy a c\u00e9gek, amelyek eddig p\u00e1ly\u00e1zat \u00fatj\u00e1n jutottak hozz\u00e1 a du\u00e1lis k\u00e9pz\u00e9sben szerezhet\u0151 \u00e1llami t\u00e1mogat\u00e1shoz, most a k\u00f6lts\u00e9geket egyszer\u0171en levonhatj\u00e1k a szakk\u00e9pz\u00e9si hozz\u00e1j\u00e1rul\u00e1sukb\u00f3l &#8211; tette hozz\u00e1.<br \/>\n    Ha a k\u00f6lts\u00e9gek a fizetend\u0151 szakk\u00e9pz\u00e9si hozz\u00e1j\u00e1rul\u00e1st meghaladj\u00e1k, akkor m\u00e9g forr\u00e1st is ig\u00e9nyelhetnek a Nemzeti Foglalkoztat\u00e1si Alapt\u00f3l &#8211; mutatott r\u00e1 az NGM helyettes \u00e1llamtitk\u00e1ra.<br \/>\n    Odrobina L\u00e1szl\u00f3  a du\u00e1lis k\u00e9pz\u00e9s legnagyobb el\u0151ny\u00e9nek nevezte, hogy azon a t\u00e9ren ad jelent\u0151s szakmai t\u00f6bbletet, ahol a munk\u00e1ltat\u00f3k eddig hi\u00e1nyt szenvedtek, vagyis az &#8222;\u00e9letszer\u0171 k\u00f6r\u00fclm\u00e9nyek k\u00f6z\u00f6tt&#8221; v\u00e9gzett szakmai gyakorlat ter\u00e9n. Az \u00e1llami szab\u00e1lyoz\u00e1ssal azt szeretn\u00e9k seg\u00edteni, hogy a v\u00e1llalkoz\u00e1sok min\u00e9l ink\u00e1bb r\u00e9szesei legyenek a gyakorlati k\u00e9pz\u00e9snek &#8211; fejtette ki.<br \/>\n    Az \u00faj szab\u00e1lyok r\u00e9sze az is, hogy m\u00edg kor\u00e1bban a tanm\u0171lyek fejleszt\u00e9s\u00e9hez kapcsol\u00f3d\u00f3 beruh\u00e1z\u00e1si t\u00e1mogat\u00e1sra p\u00e1ly\u00e1zni kellett, most ezt &#8222;automatikusan&#8221; ig\u00e9nyelni tudj\u00e1k a c\u00e9gek &#8211; mondta a helyettes \u00e1llamtitk\u00e1r.<br \/>\n    Odrobina L\u00e1szl\u00f3 elmondta: a kis- \u00e9s k\u00f6z\u00e9pv\u00e1llalkoz\u00e1sok sz\u00e1m\u00e1ra \u00faj lehet\u0151s\u00e9g, hogy a du\u00e1lis k\u00e9pz\u00e9sben r\u00e9sztvev\u0151 oktat\u00f3k b\u00e9r\u00e9t elsz\u00e1molhatj\u00e1k, \u00e9s emellett az is el\u0151nyt jelent, hogy a kiz\u00e1r\u00f3lag k\u00e9pz\u00e9si c\u00e9l\u00fa tanm\u0171helyek fenntart\u00e1s\u00e1ra is ig\u00e9nyelhet\u0151 t\u00e1mogat\u00e1s.<br \/>\n    Az NGM helyettes \u00e1llamtitk\u00e1ra szerint a du\u00e1lis k\u00e9pz\u00e9s n\u00f6vekv\u0151 n\u00e9pszer\u0171s\u00e9g\u00e9t mutatja, hogy a gazd\u00e1lkod\u00f3 szervezetek \u00e9s a tanul\u00f3k \u00e1ltal k\u00f6t\u00f6tt tanul\u00f3szerz\u0151d\u00e9sek sz\u00e1ma egyre n\u0151, a demogr\u00e1fiai okokb\u00f3l cs\u00f6kken\u0151 tanul\u00f3l\u00e9tsz\u00e1m \u00e9s a gazdas\u00e1gi v\u00e1ls\u00e1g ellen\u00e9re a 2010. \u00e9vi t\u00f6bb mint 52 600 tanul\u00f3szerz\u0151d\u00e9sr\u0151l 2015 v\u00e9g\u00e9re a sz\u00e1muk meghaladta az 54 200-at.(MTI)<\/p>\n","protected":false},"excerpt":{"rendered":"<p>A nemzetgazdas\u00e1gi t\u00e1rca eddig is egy\u00fcttm\u0171k\u00f6d\u00f6tt a k\u00fclf\u00f6ldi kamar\u00e1kkal a du\u00e1lis k\u00e9pz\u00e9sben, a j\u00f6v\u0151ben ezen a t\u00e9ren m\u00e9g ink\u00e1bb szeretn\u00e9 er\u0151s\u00edteni az egy\u00fcttm\u0171k\u00f6d\u00e9st &#8211; mondta Odrobina L\u00e1szl\u00f3, a Nemzetgazdas\u00e1gi Miniszt\u00e9rium (NGM) szakk\u00e9pz\u00e9s\u00e9rt \u00e9s feln\u0151ttk\u00e9pz\u00e9s\u00e9rt felel\u0151s helyettes \u00e1llamtitk\u00e1ra kedden Budapesten a Swisscham Hungary Sv\u00e1jci-Magyar Kereskedelmi Kamara \u00e9s egy\u00fcttm\u0171k\u00f6d\u0151 partnerei, egyebek k\u00f6z\u00f6tt a Joint Venture Sz\u00f6vets\u00e9g, a &#8230;<\/p>\n","protected":false},"author":1,"featured_media":0,"comment_status":"open","ping_status":"closed","sticky":false,"template":"","format":"standard","meta":[],"categories":[19],"tags":[],"_links":{"self":[{"href":"https:\/\/gazdasagportal.hu\/index.php\/wp-json\/wp\/v2\/posts\/77361"}],"collection":[{"href":"https:\/\/gazdasagportal.hu\/index.php\/wp-json\/wp\/v2\/posts"}],"about":[{"href":"https:\/\/gazdasagportal.hu\/index.php\/wp-json\/wp\/v2\/types\/post"}],"author":[{"embeddable":true,"href":"https:\/\/gazdasagportal.hu\/index.php\/wp-json\/wp\/v2\/users\/1"}],"replies":[{"embeddable":true,"href":"https:\/\/gazdasagportal.hu\/index.php\/wp-json\/wp\/v2\/comments?post=77361"}],"version-history":[{"count":1,"href":"https:\/\/gazdasagportal.hu\/index.php\/wp-json\/wp\/v2\/posts\/77361\/revisions"}],"predecessor-version":[{"id":77362,"href":"https:\/\/gazdasagportal.hu\/index.php\/wp-json\/wp\/v2\/posts\/77361\/revisions\/77362"}],"wp:attachment":[{"href":"https:\/\/gazdasagportal.hu\/index.php\/wp-json\/wp\/v2\/media?parent=77361"}],"wp:term":[{"taxonomy":"category","embeddable":true,"href":"https:\/\/gazdasagportal.hu\/index.php\/wp-json\/wp\/v2\/categories?post=77361"},{"taxonomy":"post_tag","embeddable":true,"href":"https:\/\/gazdasagportal.hu\/index.php\/wp-json\/wp\/v2\/tags?post=77361"}],"curies":[{"name":"wp","href":"https:\/\/api.w.org\/{rel}","templated":true}]}}