{"id":77296,"date":"2016-04-04T11:31:47","date_gmt":"2016-04-04T09:31:47","guid":{"rendered":"http:\/\/gazdasagportal.hu\/?p=77296"},"modified":"2016-04-04T11:31:47","modified_gmt":"2016-04-04T09:31:47","slug":"terrorizmus-egyelore-kivarnak-tajekozodnak-az-utazasi-irodak","status":"publish","type":"post","link":"https:\/\/gazdasagportal.hu\/index.php\/terrorizmus-egyelore-kivarnak-tajekozodnak-az-utazasi-irodak\/","title":{"rendered":"Terrorizmus &#8211; Egyel\u0151re kiv\u00e1rnak, t\u00e1j\u00e9koz\u00f3dnak az utaz\u00e1si irod\u00e1k"},"content":{"rendered":"<p><strong>A t\u00f6r\u00f6korsz\u00e1gi, tun\u00e9ziai utakkal kapcsolatban egyel\u0151re kiv\u00e1rnak az utasok \u00e9s az utaz\u00e1si irod\u00e1k is, a charter j\u00e1ratok jellemz\u0151en j\u00fanius k\u00f6zep\u00e9n indulnak majd, addig a magyarorsz\u00e1gi utaz\u00e1sszervez\u0151k, az egyes charter t\u00e1rsas\u00e1gok, valamint a k\u00fclf\u00f6ldi sz\u00e1llod\u00e1k rugalmasan az ig\u00e9nyekhez alak\u00edtj\u00e1k a kapacit\u00e1sokat &#8211; mondta el a Magyar Utaz\u00e1si Irod\u00e1k Sz\u00f6vets\u00e9g\u00e9nek sz\u00f3viv\u0151je h\u00e9tf\u0151n az M1 aktu\u00e1lis csatorn\u00e1n.<\/strong><!--more--><\/p>\n<div class=\"ads-in-post1\"><div id=\"gazdasagportal.hu_fullbanner_wideboard\"><\/div>\r\n<\/div>\n<p>    Moln\u00e1r Judit hangs\u00falyozta, hogy a migr\u00e1nsv\u00e1ls\u00e1g ellen\u00e9re sokan utaznak G\u00f6r\u00f6gorsz\u00e1gba, a kor\u00e1bbi \u00e9vekhez hasonl\u00f3an id\u00e9n is nagy az \u00e9rdekl\u0151d\u00e9s Kr\u00e9ta, Korfu, Rodosz \u00e9s Zakynthos ir\u00e1nt, mik\u00f6zben Leszbosz sziget\u00e9re az elm\u00falt \u00e9vekben sem utaztak magyar turist\u00e1k.<br \/>\n    Moln\u00e1r Judit a Tun\u00e9zi\u00e1ban \u00e9s T\u00f6r\u00f6korsz\u00e1gban t\u00f6rt\u00e9nt terrort\u00e1mad\u00e1sokkal kapcsolatban kiemelte, tudom\u00e1sa szerint a hat\u00f3s\u00e1gok jelent\u0151s biztons\u00e1gi int\u00e9zked\u00e9seket vezettek be mindk\u00e9t orsz\u00e1gban a turizmus \u00e9s a turist\u00e1k v\u00e9delme \u00e9rdek\u00e9ben.<br \/>\n    \u00dagy fogalmazott: &#8222;nem temetn\u00e9 el v\u00e9glegesen a t\u00f6r\u00f6korsz\u00e1gi turizmust&#8221;, hiszen \u00e1r-\u00e9rt\u00e9k ar\u00e1nyban a t\u00f6r\u00f6k Rivi\u00e9ra sz\u00e1llod\u00e1i verhetetlenek m\u00e1s mediterr\u00e1n orsz\u00e1gok \u00fcd\u00fcl\u0151helyeivel \u00f6sszehasonl\u00edtva.(MTI)<\/p>\n","protected":false},"excerpt":{"rendered":"<p>A t\u00f6r\u00f6korsz\u00e1gi, tun\u00e9ziai utakkal kapcsolatban egyel\u0151re kiv\u00e1rnak az utasok \u00e9s az utaz\u00e1si irod\u00e1k is, a charter j\u00e1ratok jellemz\u0151en j\u00fanius k\u00f6zep\u00e9n indulnak majd, addig a magyarorsz\u00e1gi utaz\u00e1sszervez\u0151k, az egyes charter t\u00e1rsas\u00e1gok, valamint a k\u00fclf\u00f6ldi sz\u00e1llod\u00e1k rugalmasan az ig\u00e9nyekhez alak\u00edtj\u00e1k a kapacit\u00e1sokat &#8211; mondta el a Magyar Utaz\u00e1si Irod\u00e1k Sz\u00f6vets\u00e9g\u00e9nek sz\u00f3viv\u0151je h\u00e9tf\u0151n az M1 aktu\u00e1lis csatorn\u00e1n.<\/p>\n","protected":false},"author":1,"featured_media":0,"comment_status":"open","ping_status":"closed","sticky":false,"template":"","format":"standard","meta":[],"categories":[4],"tags":[],"_links":{"self":[{"href":"https:\/\/gazdasagportal.hu\/index.php\/wp-json\/wp\/v2\/posts\/77296"}],"collection":[{"href":"https:\/\/gazdasagportal.hu\/index.php\/wp-json\/wp\/v2\/posts"}],"about":[{"href":"https:\/\/gazdasagportal.hu\/index.php\/wp-json\/wp\/v2\/types\/post"}],"author":[{"embeddable":true,"href":"https:\/\/gazdasagportal.hu\/index.php\/wp-json\/wp\/v2\/users\/1"}],"replies":[{"embeddable":true,"href":"https:\/\/gazdasagportal.hu\/index.php\/wp-json\/wp\/v2\/comments?post=77296"}],"version-history":[{"count":1,"href":"https:\/\/gazdasagportal.hu\/index.php\/wp-json\/wp\/v2\/posts\/77296\/revisions"}],"predecessor-version":[{"id":77297,"href":"https:\/\/gazdasagportal.hu\/index.php\/wp-json\/wp\/v2\/posts\/77296\/revisions\/77297"}],"wp:attachment":[{"href":"https:\/\/gazdasagportal.hu\/index.php\/wp-json\/wp\/v2\/media?parent=77296"}],"wp:term":[{"taxonomy":"category","embeddable":true,"href":"https:\/\/gazdasagportal.hu\/index.php\/wp-json\/wp\/v2\/categories?post=77296"},{"taxonomy":"post_tag","embeddable":true,"href":"https:\/\/gazdasagportal.hu\/index.php\/wp-json\/wp\/v2\/tags?post=77296"}],"curies":[{"name":"wp","href":"https:\/\/api.w.org\/{rel}","templated":true}]}}