{"id":77272,"date":"2016-04-03T15:18:52","date_gmt":"2016-04-03T13:18:52","guid":{"rendered":"http:\/\/gazdasagportal.hu\/?p=77272"},"modified":"2016-04-03T07:50:07","modified_gmt":"2016-04-03T05:50:07","slug":"heti-makronaptar-inflacios-adatokra-figyel-a-piac-a-jovo-heten","status":"publish","type":"post","link":"https:\/\/gazdasagportal.hu\/index.php\/heti-makronaptar-inflacios-adatokra-figyel-a-piac-a-jovo-heten\/","title":{"rendered":"Heti makronapt\u00e1r &#8211; Infl\u00e1ci\u00f3s adatokra figyel a piac a j\u00f6v\u0151 h\u00e9ten"},"content":{"rendered":"<p><strong>Els\u0151sorban a p\u00e9nteken megjelen\u0151 m\u00e1rciusi infl\u00e1ci\u00f3s adatokra figyel a piac a j\u00f6v\u0151 h\u00e9ten, de kiskereskedelmi \u00e9s ipari termel\u00e9si adatok is megjelennek.<\/strong><!--more--><\/p>\n<div class=\"ads-in-post1\"><div id=\"gazdasagportal.hu_fullbanner_wideboard\"><\/div>\r\n<\/div>\n<p>    Kedden k\u00f6zli a K\u00f6zponti Statisztikai Hivatal (KSH) a febru\u00e1ri kiskereskedelmi forgalomra vonatkoz\u00f3 els\u0151 becsl\u00e9s\u00e9t. Janu\u00e1rban a kiskereskedelmi forgalom volumene 1,7, a napt\u00e1rhat\u00e1ssal kiigaz\u00edtott adat szerint 2,2 sz\u00e1zal\u00e9kkal haladta meg az egy \u00e9vvel kor\u00e1bbit. Az \u00e9lelmiszer- \u00e9s \u00e9lelmiszer jelleg\u0171 vegyes kiskereskedelmi \u00fczletekben 1,4 sz\u00e1zal\u00e9kkal cs\u00f6kkent az \u00e9rt\u00e9kes\u00edt\u00e9s, a nem \u00e9lelmiszer-kiskereskedelmi \u00fczletekben 6,0 sz\u00e1zal\u00e9kkal n\u0151tt a forgalom, az \u00fczemanyag-fogyaszt\u00e1s a kor\u00e1bban megismerttel azonos \u00fctemben, 4,4 sz\u00e1zal\u00e9kkal emelkedett.<br \/>\n    Szerd\u00e1n publik\u00e1lja a statisztikai hivatal a febru\u00e1ri ipari adatokra vonatkoz\u00f3 els\u0151 becsl\u00e9s\u00e9t. Janu\u00e1rban az ipari termel\u00e9s volumene 0,2 sz\u00e1zal\u00e9kkal elmaradt az egy \u00e9vvel kor\u00e1bbit\u00f3l, de a munkanaphat\u00e1ssal korrig\u00e1lt adat 2,2 sz\u00e1zal\u00e9kos n\u00f6veked\u00e9st mutatott. A termel\u00e9s enyhe megtorpan\u00e1sa ellen\u00e9re az ipari term\u00e9kek \u00e9rt\u00e9kes\u00edt\u00e9se a kiigaz\u00edtatlan adatok szerint sem cs\u00f6kkent, 0,1 sz\u00e1zal\u00e9kkal \u00e9ppen meghaladta a tavaly janu\u00e1rit, mert az export 1,0 sz\u00e1zal\u00e9kkal n\u0151tt, b\u00e1r a belf\u00f6ldi elad\u00e1sok cs\u00f6kkentek, 1,3 sz\u00e1zal\u00e9kkal.<br \/>\n    Cs\u00fct\u00f6rt\u00f6k\u00f6n adja k\u00f6zre a Nemzetgazdas\u00e1gi Miniszt\u00e9rium az \u00e1llamh\u00e1ztart\u00e1s k\u00f6zponti alrendszer\u00e9nek m\u00e1rcius v\u00e9gi helyzet\u00e9r\u0151l sz\u00f3l\u00f3 gyorst\u00e1j\u00e9koztat\u00f3j\u00e1t. A k\u00f6zponti alrendszer 2016. janu\u00e1r-febru\u00e1ri t\u00f6bblete 14,8 milli\u00e1rd forint volt, ezen bel\u00fcl a k\u00f6zponti k\u00f6lts\u00e9gvet\u00e9s 63,7 milli\u00e1rd forintos hi\u00e1nnyal, a t\u00e1rsadalombiztos\u00edt\u00e1s p\u00e9nz\u00fcgyi alapjai 36,3 milli\u00e1rd forintos, az elk\u00fcl\u00f6n\u00edtett \u00e1llami p\u00e9nzalapok pedig 42,2 milli\u00e1rd forintos szufficittel z\u00e1rtak.<br \/>\n    P\u00e9nteken k\u00f6zli a KSH a m\u00e1rciusi infl\u00e1ci\u00f3s adatokat. Febru\u00e1rban a fogyaszt\u00f3i \u00e1rak \u00e1tlagosan 0,3 sz\u00e1zal\u00e9kkal magasabbak voltak, mint egy \u00e9vvel kor\u00e1bban, janu\u00e1rhoz k\u00e9pest 0,1 sz\u00e1zal\u00e9kkal m\u00e9rs\u00e9kl\u0151dtek. A legnagyobb m\u00e9rt\u00e9kben a szeszes italok, doh\u00e1ny\u00e1ruk dr\u00e1gultak, m\u00edg az \u00fczemanyagok \u00e1ra jelent\u0151sen, egy h\u00f3nap alatt 3,7 sz\u00e1zal\u00e9kkal cs\u00f6kkent febru\u00e1rban. A piaci konszenzus szerint az el\u0151z\u0151 havi 0,3-r\u00f3l 0,1 sz\u00e1zal\u00e9kra m\u00e9rs\u00e9kl\u0151dik az \u00e9ves infl\u00e1ci\u00f3 m\u00e1rciusban, \u00e9ves \u00e1tlagban pedig 0,5-1 sz\u00e1zal\u00e9k k\u00f6r\u00fcli fogyaszt\u00f3i \u00e1remelked\u00e9sre sz\u00e1m\u00edtanak.<br \/>\n    Ugyancsak p\u00e9nteken adja ki a KSH a febru\u00e1ri k\u00fclkereskedelmi term\u00e9kforgalomra vonatkoz\u00f3 els\u0151 becsl\u00e9s\u00e9t. Janu\u00e1rban az export eur\u00f3ban sz\u00e1molt \u00e9rt\u00e9ke 1,0, az import\u00e9 4,3 sz\u00e1zal\u00e9kkal haladta meg az egy \u00e9vvel kor\u00e1bbit, az \u00e1ruforgalom akt\u00edvuma 195 milli\u00f3 eur\u00f3val cs\u00f6kkent a tavaly janu\u00e1rihoz k\u00e9pest \u00e9s 509 milli\u00f3 eur\u00f3 volt.(MTI)<\/p>\n","protected":false},"excerpt":{"rendered":"<p>Els\u0151sorban a p\u00e9nteken megjelen\u0151 m\u00e1rciusi infl\u00e1ci\u00f3s adatokra figyel a piac a j\u00f6v\u0151 h\u00e9ten, de kiskereskedelmi \u00e9s ipari termel\u00e9si adatok is megjelennek.<\/p>\n","protected":false},"author":1,"featured_media":0,"comment_status":"open","ping_status":"closed","sticky":false,"template":"","format":"standard","meta":[],"categories":[19],"tags":[],"_links":{"self":[{"href":"https:\/\/gazdasagportal.hu\/index.php\/wp-json\/wp\/v2\/posts\/77272"}],"collection":[{"href":"https:\/\/gazdasagportal.hu\/index.php\/wp-json\/wp\/v2\/posts"}],"about":[{"href":"https:\/\/gazdasagportal.hu\/index.php\/wp-json\/wp\/v2\/types\/post"}],"author":[{"embeddable":true,"href":"https:\/\/gazdasagportal.hu\/index.php\/wp-json\/wp\/v2\/users\/1"}],"replies":[{"embeddable":true,"href":"https:\/\/gazdasagportal.hu\/index.php\/wp-json\/wp\/v2\/comments?post=77272"}],"version-history":[{"count":1,"href":"https:\/\/gazdasagportal.hu\/index.php\/wp-json\/wp\/v2\/posts\/77272\/revisions"}],"predecessor-version":[{"id":77273,"href":"https:\/\/gazdasagportal.hu\/index.php\/wp-json\/wp\/v2\/posts\/77272\/revisions\/77273"}],"wp:attachment":[{"href":"https:\/\/gazdasagportal.hu\/index.php\/wp-json\/wp\/v2\/media?parent=77272"}],"wp:term":[{"taxonomy":"category","embeddable":true,"href":"https:\/\/gazdasagportal.hu\/index.php\/wp-json\/wp\/v2\/categories?post=77272"},{"taxonomy":"post_tag","embeddable":true,"href":"https:\/\/gazdasagportal.hu\/index.php\/wp-json\/wp\/v2\/tags?post=77272"}],"curies":[{"name":"wp","href":"https:\/\/api.w.org\/{rel}","templated":true}]}}