{"id":77268,"date":"2016-04-03T11:14:51","date_gmt":"2016-04-03T09:14:51","guid":{"rendered":"http:\/\/gazdasagportal.hu\/?p=77268"},"modified":"2016-04-03T07:47:04","modified_gmt":"2016-04-03T05:47:04","slug":"heti-tozsdei-osszefoglalo-emelkedett-a-budapesti-ertektozsde-heti-forgalma","status":"publish","type":"post","link":"https:\/\/gazdasagportal.hu\/index.php\/heti-tozsdei-osszefoglalo-emelkedett-a-budapesti-ertektozsde-heti-forgalma\/","title":{"rendered":"Heti t\u0151zsdei \u00f6sszefoglal\u00f3: Emelkedett a Budapesti \u00c9rt\u00e9kt\u0151zsde heti forgalma"},"content":{"rendered":"<p><strong>A Budapesti \u00c9rt\u00e9kt\u0151zsde heti forgalma a n\u00e9gynapos keresked\u00e9s sor\u00e1n 47,32 milli\u00e1rd forintra n\u00f6vekedett az el\u0151z\u0151 heti, ugyancsak n\u00e9gynapos nyitva tart\u00e1s sor\u00e1n el\u00e9rt 37,97 milli\u00e1rd forintr\u00f3l; a BUX-index a h\u00e9ten 3,40 sz\u00e1zal\u00e9kkal, 864,81 ponttal emelkedett, \u00e9s 26 310,88 ponton z\u00e1rt p\u00e9nteken.<\/strong><!--more--><\/p>\n<div class=\"ads-in-post1\"><div id=\"gazdasagportal.hu_fullbanner_wideboard\"><\/div>\r\n<\/div>\n<p>    H\u00fasv\u00e9t h\u00e9tf\u0151n a Budapesti \u00c9rt\u00e9kt\u0151zsde z\u00e1rva tartott.<br \/>\n    Kedden a magyar b\u00f6rze fel\u00fclteljes\u00edt\u0151 volt, a forgalmat alapvet\u0151en az OTP \u00e9s a Richter pap\u00edrja h\u00fazta, a magyar bankr\u00e9szv\u00e9ny eset\u00e9ben az el\u0151z\u0151 heti gyeng\u00e9lked\u00e9s ut\u00e1n technikai korrekci\u00f3ra ker\u00fclt sor. A gy\u00f3gyszeripari pap\u00edr eset\u00e9ben pedig a befektet\u0151k pozit\u00edvan \u00e9rt\u00e9kelt\u00e9k az \u00fajabb t\u00f6rzsk\u00f6nyvez\u00e9si lehet\u0151s\u00e9get.<br \/>\n    Szerd\u00e1n vil\u00e1gszerte optimista volt a hangulat, mivel a befektet\u0151ket f\u0171t\u00f6tte az amerikai jegybank szerep\u00e9t bet\u00f6lt\u0151 Fed eln\u00f6ke, Janet Yellen besz\u00e9de, amelyb\u0151l azt sz\u0171rt\u00e9k le, hogy nem v\u00e1rhat\u00f3 kamatemel\u00e9s r\u00f6vid t\u00e1von. Eur\u00f3p\u00e1ban 1,5-2 sz\u00e1zal\u00e9kos pluszokat, az Egyes\u00fclt \u00c1llamokban pedig 1 sz\u00e1zal\u00e9kos emelked\u00e9st lehetett l\u00e1tni, mik\u00f6zben a BUX t\u00f6bb mint 2 sz\u00e1zal\u00e9kos n\u00f6veked\u00e9ssel z\u00e1rta a keresked\u00e9st, ezzel fel\u00fclteljes\u00edt\u0151 volt.<br \/>\n    Cs\u00fct\u00f6rt\u00f6k\u00f6n csendes, nyugodt volt a keresked\u00e9s a hazai t\u0151zsd\u00e9n az idei els\u0151 negyed\u00e9v z\u00e1r\u00f3napj\u00e1n. Nagyobb elmozdul\u00e1sok n\u00e9lk\u00fcl, enyhe pluszban z\u00e1rt a BUX, a vezet\u0151 r\u00e9szv\u00e9nyek mindegyike er\u0151s\u00f6d\u00f6tt.<br \/>\n    P\u00e9nteken korrig\u00e1lt a hazai r\u00e9szv\u00e9nypiac, oldalaz\u00f3, enyhe cs\u00f6kken\u0151 forgalom jellemezte a Budapesti \u00c9rt\u00e9kt\u0151zsde keresked\u00e9s\u00e9t az elm\u00falt napok jelent\u0151s emelked\u00e9se ut\u00e1n. A nemzetk\u00f6zi piaci hangulat a nap jelent\u0151s r\u00e9sz\u00e9ben negat\u00edv volt, t\u00f6bbnyire a fejl\u0151d\u0151 piaci r\u00e9szv\u00e9nyeket adt\u00e1k. A befektet\u0151k profitot realiz\u00e1ltak, ennek k\u00f6sz\u00f6nhet\u0151en enyh\u00e9n cs\u00f6kkentek a hazai pap\u00edrok \u00e1rfolyamai is, ez al\u00f3l kiv\u00e9tel volt a Magyar Telekom, amelynek emelked\u0151 trendje nem t\u00f6rt meg.<br \/>\n    A vezet\u0151 r\u00e9szv\u00e9nyek mindegyike er\u0151s\u00f6d\u00f6tt, a h\u00e9ten a legnagyobb m\u00e9rt\u00e9kben, 4,56 sz\u00e1zal\u00e9kkal a Magyar Telekom r\u00e9szv\u00e9nye emelkedett, 459 forinton z\u00e1rt p\u00e9nteken.<br \/>\n    A Mol \u00e1rfolyama 3,19 sz\u00e1zal\u00e9kkal, az OTP pap\u00edrja 3,78 sz\u00e1zal\u00e9kkal, a Richter \u00e1rfolyama 2,98 sz\u00e1zal\u00e9kkal gyarapodott a h\u00e9ten.<br \/>\n    A CIB Bank heti \u00f6sszefoglal\u00f3j\u00e1ban arra h\u00edvja fel a figyelmet, hogy p\u00e9nteken kiss\u00e9 romlott a hangulat a glob\u00e1lis piacokon. A hetet \u00f6sszess\u00e9g\u00e9ben a kock\u00e1zati \u00e9tv\u00e1gy javul\u00e1sa jellemezte, Janet Yellen, a Fed eln\u00f6ke nyilatkozat\u00e1b\u00f3l a piac meger\u0151s\u00edt\u00e9st kapott arra vonatkoz\u00f3an, hogy a Fed kamatemel\u00e9si ciklusa nagyon lass\u00fa \u00e9s elny\u00fajtott lett, a glob\u00e1lis monet\u00e1ris kond\u00edci\u00f3k hossz\u00fa ideig extr\u00e9m laz\u00e1k maradnak. Ennek nyom\u00e1n j\u00f3l teljes\u00edtettek a felt\u00f6rekv\u0151 eszk\u00f6z\u00f6k, de a fejlett k\u00f6tv\u00e9nyek \u00e9s r\u00e9szv\u00e9nyek is.(MTI)<\/p>\n","protected":false},"excerpt":{"rendered":"<p>A Budapesti \u00c9rt\u00e9kt\u0151zsde heti forgalma a n\u00e9gynapos keresked\u00e9s sor\u00e1n 47,32 milli\u00e1rd forintra n\u00f6vekedett az el\u0151z\u0151 heti, ugyancsak n\u00e9gynapos nyitva tart\u00e1s sor\u00e1n el\u00e9rt 37,97 milli\u00e1rd forintr\u00f3l; a BUX-index a h\u00e9ten 3,40 sz\u00e1zal\u00e9kkal, 864,81 ponttal emelkedett, \u00e9s 26 310,88 ponton z\u00e1rt p\u00e9nteken.<\/p>\n","protected":false},"author":1,"featured_media":0,"comment_status":"open","ping_status":"closed","sticky":false,"template":"","format":"standard","meta":[],"categories":[7],"tags":[],"_links":{"self":[{"href":"https:\/\/gazdasagportal.hu\/index.php\/wp-json\/wp\/v2\/posts\/77268"}],"collection":[{"href":"https:\/\/gazdasagportal.hu\/index.php\/wp-json\/wp\/v2\/posts"}],"about":[{"href":"https:\/\/gazdasagportal.hu\/index.php\/wp-json\/wp\/v2\/types\/post"}],"author":[{"embeddable":true,"href":"https:\/\/gazdasagportal.hu\/index.php\/wp-json\/wp\/v2\/users\/1"}],"replies":[{"embeddable":true,"href":"https:\/\/gazdasagportal.hu\/index.php\/wp-json\/wp\/v2\/comments?post=77268"}],"version-history":[{"count":1,"href":"https:\/\/gazdasagportal.hu\/index.php\/wp-json\/wp\/v2\/posts\/77268\/revisions"}],"predecessor-version":[{"id":77269,"href":"https:\/\/gazdasagportal.hu\/index.php\/wp-json\/wp\/v2\/posts\/77268\/revisions\/77269"}],"wp:attachment":[{"href":"https:\/\/gazdasagportal.hu\/index.php\/wp-json\/wp\/v2\/media?parent=77268"}],"wp:term":[{"taxonomy":"category","embeddable":true,"href":"https:\/\/gazdasagportal.hu\/index.php\/wp-json\/wp\/v2\/categories?post=77268"},{"taxonomy":"post_tag","embeddable":true,"href":"https:\/\/gazdasagportal.hu\/index.php\/wp-json\/wp\/v2\/tags?post=77268"}],"curies":[{"name":"wp","href":"https:\/\/api.w.org\/{rel}","templated":true}]}}