{"id":77206,"date":"2016-04-01T10:15:07","date_gmt":"2016-04-01T08:15:07","guid":{"rendered":"http:\/\/gazdasagportal.hu\/?p=77206"},"modified":"2016-04-01T10:15:07","modified_gmt":"2016-04-01T08:15:07","slug":"tobb-mint-szazmillios-adocsalas-miatt-emeltek-vadat-egy-autokereskedo-ellen","status":"publish","type":"post","link":"https:\/\/gazdasagportal.hu\/index.php\/tobb-mint-szazmillios-adocsalas-miatt-emeltek-vadat-egy-autokereskedo-ellen\/","title":{"rendered":"T\u00f6bb mint sz\u00e1zmilli\u00f3s ad\u00f3csal\u00e1s miatt emeltek v\u00e1dat egy aut\u00f3keresked\u0151 ellen"},"content":{"rendered":"<p><strong>T\u00f6bb mint sz\u00e1zmilli\u00f3 forintos ad\u00f3csal\u00e1s miatt emelt v\u00e1dat a Csongr\u00e1d Megyei F\u0151\u00fcgy\u00e9szs\u00e9g egy h\u00f3dmez\u0151v\u00e1s\u00e1rhelyi aut\u00f3keresked\u0151 ellen &#8211; t\u00e1j\u00e9koztatta a f\u0151\u00fcgy\u00e9szs\u00e9g sz\u00f3viv\u0151je p\u00e9nteken az MTI-t.<\/strong><!--more--><\/p>\n<div class=\"ads-in-post1\"><div id=\"gazdasagportal.hu_fullbanner_wideboard\"><\/div>\r\n<\/div>\n<p>    Szanka Ferenc k\u00f6z\u00f6lte, az \u00fcgy\u00e9szs\u00e9g a f\u00e9rfit \u00fczletszer\u0171en elk\u00f6vetett, k\u00fcl\u00f6n\u00f6sen nagy vagyoni h\u00e1tr\u00e1nyt okoz\u00f3 k\u00f6lts\u00e9gvet\u00e9si csal\u00e1ssal \u00e9s hamis mag\u00e1nokirat felhaszn\u00e1l\u00e1s\u00e1val v\u00e1dolja.<br \/>\n    A v\u00e1dirat szerint a f\u00e9rfi a h\u00f3dmez\u0151v\u00e1s\u00e1rhelyi sz\u00e9khely\u0171 keresked\u00e9s\u00e9ben az Eur\u00f3pai Uni\u00f3 ter\u00fclet\u00e9r\u0151l behozott aut\u00f3kat \u00e9rt\u00e9kes\u00edtett belf\u00f6ld\u00f6n, de ezt az ad\u00f3bevall\u00e1saiban nem t\u00fcntette fel.<br \/>\n    A v\u00e1dlott a tev\u00e9kenys\u00e9get rendszeres haszonszerz\u00e9sre t\u00f6rekedve v\u00e9gezte, a val\u00f3tlan ad\u00f3bevall\u00e1sokkal k\u00e9t \u00e9v alatt mintegy 177 milli\u00f3 forint vagyoni h\u00e1tr\u00e1nyt okozott az \u00e1llami k\u00f6lts\u00e9gvet\u00e9snek &#8211; tudatta a csoportvezet\u0151 \u00fcgy\u00e9sz.(MTI)<\/p>\n","protected":false},"excerpt":{"rendered":"<p>T\u00f6bb mint sz\u00e1zmilli\u00f3 forintos ad\u00f3csal\u00e1s miatt emelt v\u00e1dat a Csongr\u00e1d Megyei F\u0151\u00fcgy\u00e9szs\u00e9g egy h\u00f3dmez\u0151v\u00e1s\u00e1rhelyi aut\u00f3keresked\u0151 ellen &#8211; t\u00e1j\u00e9koztatta a f\u0151\u00fcgy\u00e9szs\u00e9g sz\u00f3viv\u0151je p\u00e9nteken az MTI-t.<\/p>\n","protected":false},"author":1,"featured_media":0,"comment_status":"open","ping_status":"closed","sticky":false,"template":"","format":"standard","meta":[],"categories":[19],"tags":[],"_links":{"self":[{"href":"https:\/\/gazdasagportal.hu\/index.php\/wp-json\/wp\/v2\/posts\/77206"}],"collection":[{"href":"https:\/\/gazdasagportal.hu\/index.php\/wp-json\/wp\/v2\/posts"}],"about":[{"href":"https:\/\/gazdasagportal.hu\/index.php\/wp-json\/wp\/v2\/types\/post"}],"author":[{"embeddable":true,"href":"https:\/\/gazdasagportal.hu\/index.php\/wp-json\/wp\/v2\/users\/1"}],"replies":[{"embeddable":true,"href":"https:\/\/gazdasagportal.hu\/index.php\/wp-json\/wp\/v2\/comments?post=77206"}],"version-history":[{"count":1,"href":"https:\/\/gazdasagportal.hu\/index.php\/wp-json\/wp\/v2\/posts\/77206\/revisions"}],"predecessor-version":[{"id":77207,"href":"https:\/\/gazdasagportal.hu\/index.php\/wp-json\/wp\/v2\/posts\/77206\/revisions\/77207"}],"wp:attachment":[{"href":"https:\/\/gazdasagportal.hu\/index.php\/wp-json\/wp\/v2\/media?parent=77206"}],"wp:term":[{"taxonomy":"category","embeddable":true,"href":"https:\/\/gazdasagportal.hu\/index.php\/wp-json\/wp\/v2\/categories?post=77206"},{"taxonomy":"post_tag","embeddable":true,"href":"https:\/\/gazdasagportal.hu\/index.php\/wp-json\/wp\/v2\/tags?post=77206"}],"curies":[{"name":"wp","href":"https:\/\/api.w.org\/{rel}","templated":true}]}}