{"id":77198,"date":"2016-04-01T07:43:06","date_gmt":"2016-04-01T05:43:06","guid":{"rendered":"http:\/\/gazdasagportal.hu\/?p=77198"},"modified":"2016-04-01T07:13:42","modified_gmt":"2016-04-01T05:13:42","slug":"mar-nem-lehet-uj-elofizetest-kotni-a-tesco-mobile-nal","status":"publish","type":"post","link":"https:\/\/gazdasagportal.hu\/index.php\/mar-nem-lehet-uj-elofizetest-kotni-a-tesco-mobile-nal\/","title":{"rendered":"M\u00e1r nem lehet \u00faj el\u0151fizet\u00e9st k\u00f6tni a Tesco Mobile-n\u00e1l"},"content":{"rendered":"<p><strong>M\u00e1r nem lehet \u00faj el\u0151fizet\u00e9st k\u00f6tni p\u00e9ntekt\u0151l a Tesco Mobile-n\u00e1l, \u00e1prilis 5-t\u0151l a szolg\u00e1ltat\u00e1s \u00e1tad\u00e1s\u00e1ig pedig nem lehet majd egyenlegfelt\u00f6lt\u00e9st v\u00e1s\u00e1rolni a megl\u00e9v\u0151 felt\u00f6lt\u0151k\u00e1rty\u00e1s tarif\u00e1khoz &#8211; der\u00fcl ki a kereskedelmi l\u00e1nc honlapj\u00e1n k\u00f6zz\u00e9tett t\u00e1j\u00e9koztat\u00f3b\u00f3l.<\/strong><!--more--><\/p>\n<div class=\"ads-in-post1\"><div id=\"gazdasagportal.hu_fullbanner_wideboard\"><\/div>\r\n<\/div>\n<p>    A le\u00edr\u00e1s szerint a Tesco Mobile \u00fcgyfelei automatikusan a Vodafone-hoz ker\u00fclnek, csak egyes szolg\u00e1ltat\u00e1sok friss\u00edt\u00e9s\u00e9re van sz\u00fcks\u00e9g. A szolg\u00e1ltat\u00f3v\u00e1lt\u00e1s \u00e1prilis 6. \u00e9s 16. k\u00f6z\u00f6tt t\u00f6rt\u00e9nik, ezt k\u00f6vet\u0151en a hang- \u00e9s SMS-szolg\u00e1ltat\u00e1s haszn\u00e1lat\u00e1hoz semmit nem kell tenni, viszont sz\u00fcks\u00e9g van az internet, MMS \u00e9s hangposta be\u00e1ll\u00edt\u00e1sok friss\u00edt\u00e9s\u00e9re, amir\u0151l az \u00fcgyfelek SMS-ben a v\u00e1ltozatlanul megmarad\u00f3 telefonsz\u00e1mukra kapnak t\u00e1j\u00e9koztat\u00e1st.<br \/>\n    A szolg\u00e1ltat\u00f3v\u00e1lt\u00e1s ut\u00e1n egyes tarif\u00e1k tov\u00e1bbra is el\u00e9rhet\u0151k maradnak, bizonyos opci\u00f3k \u00e9s felt\u00e9telek ugyanakkor megsz\u0171nnek.<br \/>\n    A szolg\u00e1ltat\u00e1s ig\u00e9nybev\u00e9tel\u00e9nek felt\u00e9telei egyoldal\u00fa szerz\u0151d\u00e9sm\u00f3dos\u00edt\u00e1ssal v\u00e1ltoznak, \u00edgy a hat\u00f3s\u00e1gi szab\u00e1lyoz\u00e1s \u00e9rtelm\u00e9ben az \u00fcgyf\u00e9l &#8211; sz\u00e1m\u00e1ra h\u00e1tr\u00e1nyos v\u00e1ltoz\u00e1sok eset\u00e9n &#8211; azonnali hat\u00e1llyal felmondhatja a szerz\u0151d\u00e9st az \u00e9rtes\u00edt\u00e9s k\u00e9zhez v\u00e9tel\u00e9t k\u00f6vet\u0151 15 napon bel\u00fcl.<br \/>\n    Egy tavalyi jogszab\u00e1lym\u00f3dos\u00edt\u00e1s \u00e9rtelm\u00e9ben k\u00e1rty\u00e1s el\u0151fizet\u00e9s megsz\u0171n\u00e9sekor a szolg\u00e1ltat\u00f3k a fel nem haszn\u00e1lt \u00f6sszeget k\u00e9r\u00e9sre k\u00f6telesek lesznek visszafizetni az \u00fcgyf\u00e9lnek.<br \/>\n    A Tesco Mobile 2012 m\u00e1rcius\u00e1ban kezdte meg m\u0171k\u00f6d\u00e9s\u00e9t, a v\u00e1llalatot a Tesco Glob\u00e1l \u00c1ruh\u00e1zak Zrt. \u00e9s a Vodafone Magyarorsz\u00e1g alap\u00edtotta 50-50 sz\u00e1zal\u00e9kos r\u00e9szesed\u00e9ssel. A c\u00e9g virtu\u00e1lis mobilszolg\u00e1ltat\u00f3k\u00e9nt m\u0171k\u00f6dik, saj\u00e1t h\u00e1l\u00f3zati infrastrukt\u00far\u00e1val nem rendelkezik, a szolg\u00e1ltat\u00e1sny\u00fajt\u00e1shoz a Vodafone h\u00e1l\u00f3zat\u00e1t b\u00e9rli. (MTI)<\/p>\n","protected":false},"excerpt":{"rendered":"<p>M\u00e1r nem lehet \u00faj el\u0151fizet\u00e9st k\u00f6tni p\u00e9ntekt\u0151l a Tesco Mobile-n\u00e1l, \u00e1prilis 5-t\u0151l a szolg\u00e1ltat\u00e1s \u00e1tad\u00e1s\u00e1ig pedig nem lehet majd egyenlegfelt\u00f6lt\u00e9st v\u00e1s\u00e1rolni a megl\u00e9v\u0151 felt\u00f6lt\u0151k\u00e1rty\u00e1s tarif\u00e1khoz &#8211; der\u00fcl ki a kereskedelmi l\u00e1nc honlapj\u00e1n k\u00f6zz\u00e9tett t\u00e1j\u00e9koztat\u00f3b\u00f3l.<\/p>\n","protected":false},"author":1,"featured_media":0,"comment_status":"open","ping_status":"closed","sticky":false,"template":"","format":"standard","meta":[],"categories":[19],"tags":[],"_links":{"self":[{"href":"https:\/\/gazdasagportal.hu\/index.php\/wp-json\/wp\/v2\/posts\/77198"}],"collection":[{"href":"https:\/\/gazdasagportal.hu\/index.php\/wp-json\/wp\/v2\/posts"}],"about":[{"href":"https:\/\/gazdasagportal.hu\/index.php\/wp-json\/wp\/v2\/types\/post"}],"author":[{"embeddable":true,"href":"https:\/\/gazdasagportal.hu\/index.php\/wp-json\/wp\/v2\/users\/1"}],"replies":[{"embeddable":true,"href":"https:\/\/gazdasagportal.hu\/index.php\/wp-json\/wp\/v2\/comments?post=77198"}],"version-history":[{"count":1,"href":"https:\/\/gazdasagportal.hu\/index.php\/wp-json\/wp\/v2\/posts\/77198\/revisions"}],"predecessor-version":[{"id":77199,"href":"https:\/\/gazdasagportal.hu\/index.php\/wp-json\/wp\/v2\/posts\/77198\/revisions\/77199"}],"wp:attachment":[{"href":"https:\/\/gazdasagportal.hu\/index.php\/wp-json\/wp\/v2\/media?parent=77198"}],"wp:term":[{"taxonomy":"category","embeddable":true,"href":"https:\/\/gazdasagportal.hu\/index.php\/wp-json\/wp\/v2\/categories?post=77198"},{"taxonomy":"post_tag","embeddable":true,"href":"https:\/\/gazdasagportal.hu\/index.php\/wp-json\/wp\/v2\/tags?post=77198"}],"curies":[{"name":"wp","href":"https:\/\/api.w.org\/{rel}","templated":true}]}}