{"id":77144,"date":"2016-03-31T02:24:09","date_gmt":"2016-03-31T00:24:09","guid":{"rendered":"http:\/\/gazdasagportal.hu\/?p=77144"},"modified":"2016-03-30T21:55:05","modified_gmt":"2016-03-30T19:55:05","slug":"ukran-valsag-nemet-lap-moszkvabol-iranyitjak-a-kelet-ukrajnai-szakadar-teruletek-kozigazgatasat","status":"publish","type":"post","link":"https:\/\/gazdasagportal.hu\/index.php\/ukran-valsag-nemet-lap-moszkvabol-iranyitjak-a-kelet-ukrajnai-szakadar-teruletek-kozigazgatasat\/","title":{"rendered":"Ukr\u00e1n v\u00e1ls\u00e1g &#8211; N\u00e9met lap: Moszkv\u00e1b\u00f3l ir\u00e1ny\u00edtj\u00e1k a kelet-ukrajnai szakad\u00e1r ter\u00fcletek k\u00f6zigazgat\u00e1s\u00e1t"},"content":{"rendered":"<p><strong>Az orosz korm\u00e1ny ir\u00e1ny\u00edtja az oroszp\u00e1rti szakad\u00e1rok ellen\u0151rz\u00e9se alatt l\u00e9v\u0151 kelet-ukrajnai ter\u00fcletek k\u00f6zigazgat\u00e1si \u00fcgyeit &#8211; \u00edrta szerd\u00e1n a Bild c\u00edm\u0171 n\u00e9met lap egy kisziv\u00e1rgott orosz korm\u00e1nyzati dokumentumra hivatkozva.<\/strong><!--more--><\/p>\n<div class=\"ads-in-post1\"><div id=\"gazdasagportal.hu_fullbanner_wideboard\"><\/div>\r\n<\/div>\n<p>    A lap a Dmitrij Medvegyev orosz minisztereln\u00f6k \u00e1ltal \u00e9letre h\u00edvott, &#8222;Donyeck \u00e9s Luhanszk r\u00e9gi\u00f3 \u00e9rintett d\u00e9lkeleti ter\u00fcleteinek humanit\u00e1rius seg\u00e9lyez\u00e9s\u00e9t szolg\u00e1l\u00f3 t\u00e1rcak\u00f6zi bizotts\u00e1g&#8221; nev\u0171 test\u00fclet 2015. okt\u00f3ber 23-i \u00fcl\u00e9s\u00e9n k\u00e9sz\u00fclt jegyz\u0151k\u00f6nyvre hivatkozva azt \u00edrta, a dokumentumb\u00f3l kit\u0171nik, hogy beigazol\u00f3dott, amit\u0151l megfigyel\u0151k r\u00e9g\u00f3ta tartottak: az orosz korm\u00e1ny d\u00f6nt a szakad\u00e1r ter\u00fcletek minden \u00fcgy\u00e9ben.<br \/>\n    A bizotts\u00e1g hat munkacsoportot alak\u00edtott (p\u00e9nz\u00fcgyi \u00e9s ad\u00f3z\u00e1si jog; v\u00e1mpolitika \u00e9s lak\u00e1s-, illetve k\u00f6zszolg\u00e1ltat\u00e1si \u00fcgyek; az ipar helyre\u00e1ll\u00edt\u00e1sa; energiahordoz\u00f3kkal folytatott kereskedelem; a villamos energia piac\u00e1nak l\u00e9trehoz\u00e1sa; k\u00f6zleked\u00e9si infrastrukt\u00fara), ezek a legapr\u00f3bb r\u00e9szletekig szab\u00e1lyozz\u00e1k az adott \u00fcgyeket.<br \/>\n    A Bild \u00e1ltal megk\u00e9rdezett szak\u00e9rt\u0151k nem tapasztaltak elt\u00e9r\u00e9st a szakad\u00e1r ter\u00fcletek igazgat\u00e1s\u00e1ra \u00e9letre h\u00edvott bizotts\u00e1g \u00e9s az orosz belf\u00f6ldi \u00fcgyekkel foglalkoz\u00f3 hasonl\u00f3 test\u00fcletek \u00fcl\u00e9seinek jegyz\u0151k\u00f6nyvei k\u00f6z\u00f6tt.<br \/>\n    A lap hozz\u00e1tette, hogy a bizotts\u00e1g rendszeres tan\u00e1cskoz\u00e1sain orosz hat\u00f3s\u00e1gok, k\u00f6zt\u00fck a versenyhivatal \u00e9s a sz\u00f6vets\u00e9gi v\u00e1m\u00fcgyi hivatal k\u00e9pvisel\u0151i is r\u00e9szt vesznek, \u00e9s a tavaly okt\u00f3beri \u00e9rtekezleten csak egy ukr\u00e1n volt jelen, a DTEK energetikai t\u00e1rsas\u00e1g k\u00e9pvisel\u0151je. Az \u00fagynevezett Donyecki N\u00e9pk\u00f6zt\u00e1rsas\u00e1g \u00e9s Luhanszki N\u00e9pk\u00f6zt\u00e1rsas\u00e1g vezet\u0151it csak az \u00fcl\u00e9s eredm\u00e9nyeir\u0151l t\u00e1j\u00e9koztatt\u00e1k.<br \/>\n    H\u00edrszerz\u00e9si k\u00f6r\u00f6kben a Bildnek meger\u0151s\u00edtett\u00e9k, hogy Moszkva teljes m\u00e9rt\u00e9kben ellen\u0151rzi a kelet-ukrajnai szakad\u00e1r ter\u00fcleteket, \u00e9s \u00fagy t\u0171nik, Oroszorsz\u00e1g csatl\u00f3s\u00e1llamaiv\u00e1 tette \u0151ket, ami az ukr\u00e1n v\u00e1ls\u00e1g politikai rendez\u00e9s\u00e9r\u0151l 2015 febru\u00e1rj\u00e1ban k\u00f6t\u00f6tt minszki meg\u00e1llapod\u00e1sok egy\u00e9rtelm\u0171 megs\u00e9rt\u00e9s\u00e9t jelenti.(MTI)<\/p>\n","protected":false},"excerpt":{"rendered":"<p>Az orosz korm\u00e1ny ir\u00e1ny\u00edtja az oroszp\u00e1rti szakad\u00e1rok ellen\u0151rz\u00e9se alatt l\u00e9v\u0151 kelet-ukrajnai ter\u00fcletek k\u00f6zigazgat\u00e1si \u00fcgyeit &#8211; \u00edrta szerd\u00e1n a Bild c\u00edm\u0171 n\u00e9met lap egy kisziv\u00e1rgott orosz korm\u00e1nyzati dokumentumra hivatkozva.<\/p>\n","protected":false},"author":1,"featured_media":0,"comment_status":"open","ping_status":"closed","sticky":false,"template":"","format":"standard","meta":[],"categories":[139],"tags":[],"_links":{"self":[{"href":"https:\/\/gazdasagportal.hu\/index.php\/wp-json\/wp\/v2\/posts\/77144"}],"collection":[{"href":"https:\/\/gazdasagportal.hu\/index.php\/wp-json\/wp\/v2\/posts"}],"about":[{"href":"https:\/\/gazdasagportal.hu\/index.php\/wp-json\/wp\/v2\/types\/post"}],"author":[{"embeddable":true,"href":"https:\/\/gazdasagportal.hu\/index.php\/wp-json\/wp\/v2\/users\/1"}],"replies":[{"embeddable":true,"href":"https:\/\/gazdasagportal.hu\/index.php\/wp-json\/wp\/v2\/comments?post=77144"}],"version-history":[{"count":1,"href":"https:\/\/gazdasagportal.hu\/index.php\/wp-json\/wp\/v2\/posts\/77144\/revisions"}],"predecessor-version":[{"id":77145,"href":"https:\/\/gazdasagportal.hu\/index.php\/wp-json\/wp\/v2\/posts\/77144\/revisions\/77145"}],"wp:attachment":[{"href":"https:\/\/gazdasagportal.hu\/index.php\/wp-json\/wp\/v2\/media?parent=77144"}],"wp:term":[{"taxonomy":"category","embeddable":true,"href":"https:\/\/gazdasagportal.hu\/index.php\/wp-json\/wp\/v2\/categories?post=77144"},{"taxonomy":"post_tag","embeddable":true,"href":"https:\/\/gazdasagportal.hu\/index.php\/wp-json\/wp\/v2\/tags?post=77144"}],"curies":[{"name":"wp","href":"https:\/\/api.w.org\/{rel}","templated":true}]}}