{"id":77138,"date":"2016-03-31T02:46:13","date_gmt":"2016-03-31T00:46:13","guid":{"rendered":"http:\/\/gazdasagportal.hu\/?p=77138"},"modified":"2016-03-30T21:37:00","modified_gmt":"2016-03-30T19:37:00","slug":"sziria-az-egyesult-allamok-elutasit-minden-olyan-egysegkormanyt-amelynek-aszad-is-tagja","status":"publish","type":"post","link":"https:\/\/gazdasagportal.hu\/index.php\/sziria-az-egyesult-allamok-elutasit-minden-olyan-egysegkormanyt-amelynek-aszad-is-tagja\/","title":{"rendered":"Sz\u00edria &#8211; Az Egyes\u00fclt \u00c1llamok elutas\u00edt minden olyan egys\u00e9gkorm\u00e1nyt, amelynek Aszad is tagja"},"content":{"rendered":"<p><strong>Az amerikai eln\u00f6ki hivatal, a Feh\u00e9r H\u00e1z szerint Bass\u00e1r el-Aszad eln\u00f6k nem vehet r\u00e9szt egyetlen sz\u00edriai egys\u00e9gkorm\u00e1nyban sem. <\/strong><!--more--><\/p>\n<div class=\"ads-in-post1\"><div id=\"gazdasagportal.hu_fullbanner_wideboard\"><\/div>\r\n<\/div>\n<p>    A Feh\u00e9r H\u00e1z k\u00f6zlem\u00e9nyben reag\u00e1lt arra a szerd\u00e1n reggel megjelent interj\u00fara, amelyet Aszad a RIA Novosztyi orosz \u00e1llami h\u00edr\u00fcgyn\u00f6ks\u00e9gnek adott. A sz\u00edriai eln\u00f6k azt fejtegette, hogy nem az ellenz\u00e9k \u00e1ltal k\u00f6vetelt ideiglenes test\u00fcletre van sz\u00fcks\u00e9g haz\u00e1j\u00e1ban, hanem \u00faj egys\u00e9gkorm\u00e1nyra, amelyben az ellenz\u00e9ki csoportok is helyet kapnak, \u00e9s amely seg\u00edtheti az orsz\u00e1gban az \u00e1tmenetet.<br \/>\n    Az Egyes\u00fclt \u00c1llamok \u00e1ll\u00e1spontja mindig is az volt, hogy Aszadnak t\u00e1voznia kell a hatalomb\u00f3l, vele egy\u00fctt elk\u00e9pzelhetetlen az orsz\u00e1g meg\u00fajul\u00e1sa.<br \/>\nAszad bejelent\u00e9s\u00e9t a sz\u00edriai ellenz\u00e9k is elutas\u00edtotta.<br \/>\n    Sz\u00edri\u00e1nak teljes k\u00f6r\u0171 v\u00e9grehajt\u00f3i jogosults\u00e1gokkal rendelkez\u0151 \u00e1tmeneti hatalmi test\u00fcletre van sz\u00fcks\u00e9ge, nem pedig egy nemzeti egys\u00e9gkorm\u00e1nyra Bass\u00e1r el-Aszad eln\u00f6k vezet\u00e9se alatt &#8211; k\u00f6z\u00f6lt\u00e9k szerd\u00e1n ellenz\u00e9ki politikusok.<br \/>\n    &#8222;A korm\u00e1nyzat legyen \u00faj vagy r\u00e9gi, mindaddig, am\u00edg abban Bass\u00e1r el-Aszad helyet kap, nem lehet a politikai folyamat r\u00e9sze&#8221; &#8211; mondta George Sabra, aki a sz\u00edriai ellenz\u00e9ki k\u00fcld\u00f6tts\u00e9get, a T\u00e1rgyal\u00e1si F\u0151bizotts\u00e1got (HNC) k\u00e9pviseli a genfi b\u00e9ket\u00e1rgyal\u00e1sokon.(MTI)<\/p>\n","protected":false},"excerpt":{"rendered":"<p>Az amerikai eln\u00f6ki hivatal, a Feh\u00e9r H\u00e1z szerint Bass\u00e1r el-Aszad eln\u00f6k nem vehet r\u00e9szt egyetlen sz\u00edriai egys\u00e9gkorm\u00e1nyban sem.<\/p>\n","protected":false},"author":1,"featured_media":0,"comment_status":"open","ping_status":"closed","sticky":false,"template":"","format":"standard","meta":[],"categories":[16],"tags":[],"_links":{"self":[{"href":"https:\/\/gazdasagportal.hu\/index.php\/wp-json\/wp\/v2\/posts\/77138"}],"collection":[{"href":"https:\/\/gazdasagportal.hu\/index.php\/wp-json\/wp\/v2\/posts"}],"about":[{"href":"https:\/\/gazdasagportal.hu\/index.php\/wp-json\/wp\/v2\/types\/post"}],"author":[{"embeddable":true,"href":"https:\/\/gazdasagportal.hu\/index.php\/wp-json\/wp\/v2\/users\/1"}],"replies":[{"embeddable":true,"href":"https:\/\/gazdasagportal.hu\/index.php\/wp-json\/wp\/v2\/comments?post=77138"}],"version-history":[{"count":1,"href":"https:\/\/gazdasagportal.hu\/index.php\/wp-json\/wp\/v2\/posts\/77138\/revisions"}],"predecessor-version":[{"id":77139,"href":"https:\/\/gazdasagportal.hu\/index.php\/wp-json\/wp\/v2\/posts\/77138\/revisions\/77139"}],"wp:attachment":[{"href":"https:\/\/gazdasagportal.hu\/index.php\/wp-json\/wp\/v2\/media?parent=77138"}],"wp:term":[{"taxonomy":"category","embeddable":true,"href":"https:\/\/gazdasagportal.hu\/index.php\/wp-json\/wp\/v2\/categories?post=77138"},{"taxonomy":"post_tag","embeddable":true,"href":"https:\/\/gazdasagportal.hu\/index.php\/wp-json\/wp\/v2\/tags?post=77138"}],"curies":[{"name":"wp","href":"https:\/\/api.w.org\/{rel}","templated":true}]}}