{"id":77136,"date":"2016-03-31T03:33:58","date_gmt":"2016-03-31T01:33:58","guid":{"rendered":"http:\/\/gazdasagportal.hu\/?p=77136"},"modified":"2016-03-30T21:35:12","modified_gmt":"2016-03-30T19:35:12","slug":"sziria-az-orosz-bazisokra-a-globalis-eroegyensuly-fenntartasa-miatt-van-szukseg","status":"publish","type":"post","link":"https:\/\/gazdasagportal.hu\/index.php\/sziria-az-orosz-bazisokra-a-globalis-eroegyensuly-fenntartasa-miatt-van-szukseg\/","title":{"rendered":"Sz\u00edria &#8211; Az orosz b\u00e1zisokra a glob\u00e1lis er\u0151egyens\u00faly fenntart\u00e1sa miatt van sz\u00fcks\u00e9g"},"content":{"rendered":"<p><strong>Az orosz katonai b\u00e1zisokra Sz\u00edri\u00e1ban nemcsak a terrorizmus elleni harc, hanem a glob\u00e1lis er\u0151egyens\u00faly fenntart\u00e1sa miatt is sz\u00fcks\u00e9g van &#8211; jelentette ki Bass\u00e1r el-Aszad sz\u00edriai eln\u00f6k a RIA Novosztyi orosz \u00e1llami h\u00edr\u00fcgyn\u00f6ks\u00e9gnek adott, szerd\u00e1n k\u00f6z\u00f6lt interj\u00faj\u00e1ban.<\/strong><!--more--><\/p>\n<div class=\"ads-in-post1\"><div id=\"gazdasagportal.hu_fullbanner_wideboard\"><\/div>\r\n<\/div>\n<p>    Aszad szerint a Nyugat &#8211; ugyan\u00fagy, mint a hidegh\u00e1bor\u00fa idej\u00e9n &#8211; hegem\u00f3ni\u00e1ra t\u00f6rekszik a nemzetk\u00f6zi d\u00f6nt\u00e9sek meghozatal\u00e1ban. Kijelentette: Damaszkusz kiz\u00e1r\u00f3lag Moszkv\u00e1nak engedi meg, hogy t\u00e1maszpontokat tartson fenn Sz\u00edria ter\u00fclet\u00e9n.<br \/>\n    A sz\u00edriai vezet\u0151 szerint haz\u00e1j\u00e1nak nemzeti egys\u00e9gkorm\u00e1nyra van sz\u00fcks\u00e9gre, amely szavatolni fogja az \u00faj alkotm\u00e1nyra val\u00f3 \u00e1tt\u00e9r\u00e9st, nem pedig egy \u00e1tmeneti test\u00fcletre, amelynek fel\u00e1ll\u00edt\u00e1s\u00e1t az ellenz\u00e9k k\u00f6veteli. Kifejtette, hogy a politikai \u00e1tmenet meghat\u00e1roz\u00e1s &#8211; \u00e1ll\u00e1spontja szerint &#8211; az egyik alapt\u00f6rv\u00e9nyt\u0151l a m\u00e1sikig val\u00f3 \u00e1tmenetet jelenti, a jelenlegi alkotm\u00e1ny hat\u00e1lyoss\u00e1ga mellett, olyan fogalom pedig, hogy &#8222;\u00e1tmeneti id\u0151szak&#8221;, nem l\u00e9tezik.<br \/>\n    Aszad szerint a nemzeti egys\u00e9gkorm\u00e1nyban helyet kell kapnia ellenz\u00e9ki, f\u00fcggetlen, a jelenlegi korm\u00e1nyt k\u00e9pvisel\u0151 \u00e9s m\u00e1s politikai er\u0151knek is.<br \/>\n    &#8222;Sem a sz\u00edriai alkotm\u00e1ny, sem a vil\u00e1g egyetlen m\u00e1s orsz\u00e1g\u00e1nak alkotm\u00e1nya nem tartalmaz semmi olyat, amit \u00e1tmeneti hatalmi test\u00fcletnek h\u00edvnak. Ez ellent\u00e9tes a logik\u00e1val \u00e9s alkotm\u00e1nyellenes&#8221; &#8211; hangoztatta.<br \/>\n    Mint mondta, a korm\u00e1ny \u00f6sszet\u00e9tel\u00e9r\u0151l a genfi t\u00e1rgyal\u00e1sokon kell meg\u00e1llapodni, amelyeknek k\u00f6vetkez\u0151 fordul\u00f3ja \u00e1prilis 11-\u00e9n kezd\u0151dik.<br \/>\n    A sz\u00edriai vezet\u0151 lehetetlennek nevezte Sz\u00edria \u00e1talakul\u00e1s\u00e1t sz\u00f6vets\u00e9gi \u00e1llamm\u00e1, mert szerinte ehhez az orsz\u00e1g t\u00fal kicsi, \u00e9s azt a lakoss\u00e1g, k\u00f6zt\u00fck a sz\u00edriai kurdok t\u00f6bbs\u00e9ge sem t\u00e1mogatn\u00e1. Aszad szerint az \u00e1prilis 13-ra ki\u00edrt parlamenti v\u00e1laszt\u00e1sok nem hoznak majd gy\u00f6keres v\u00e1ltoz\u00e1st a sz\u00edriai parlament \u00f6sszet\u00e9tel\u00e9ben. \u00dagy v\u00e9lekedett, hogy az \u00faj p\u00e1rtok ir\u00e1ni \u00e9rdekl\u0151d\u00e9s csak a helyzet javul\u00e1s\u00e1t k\u00f6vet\u0151en er\u0151s\u00f6dhet fel az emberekben, akik els\u0151sorban a biztons\u00e1guk miatt agg\u00f3dnak, \u00e9s a term\u00e9szet\u00fckn\u00e9l fogva nem k\u00edv\u00e1nnak \u00fajdons\u00e1gokat megtapasztalni.<br \/>\n    Kijelentette, hogy orsz\u00e1g\u00e1nak t\u00f6bb mint 200 milli\u00e1rd doll\u00e1ros k\u00e1rt okozott a 2011 \u00f3ta tart\u00f3 polg\u00e1rh\u00e1bor\u00fa. A helyre\u00e1ll\u00edt\u00e1sban Damaszkusz els\u0151sorban az olyan bar\u00e1ti orsz\u00e1gokra k\u00edv\u00e1n t\u00e1maszkodni, mint Oroszorsz\u00e1g, valamint K\u00edna \u00e9s Ir\u00e1n.<br \/>\n    Hangs\u00falyozta, hogy a sz\u00edriaiak nemcsak biztons\u00e1gi megfontol\u00e1sb\u00f3l, hanem a Sz\u00edria elleni nyugati szankci\u00f3k okozta meredek \u00e9letsz\u00ednvonal-es\u00e9s miatt is t\u00e1voznak haz\u00e1jukb\u00f3l, \u00e9s hogy a helyzet javul\u00e1s\u00e1ba vetett bizalom sokakat visszat\u00e9r\u00e9sre \u00f6szt\u00f6n\u00f6zhet. Mint mondta, korm\u00e1nya a gazdas\u00e1gi helyzet \u00e9s a szolg\u00e1ltat\u00e1sok sz\u00ednvonal\u00e1nak jav\u00edt\u00e1s\u00e1ra t\u00f6rekszik, hogy a sz\u00edriaiaknak kevesebb okuk legyen kiv\u00e1ndorolni.<br \/>\n    \u00dagy v\u00e9lekedett, hogy Sz\u00edri\u00e1ban m\u00e9g hossz\u00fa ideig eltarthat a terrorizmus elleni harc. Szavai szerint a terrorizmust Sz\u00edri\u00e1ban \u00e9s Irakban T\u00f6r\u00f6korsz\u00e1g, Sza\u00fad-Ar\u00e1bia \u00e9s a nyugati orsz\u00e1gok egy r\u00e9sze, k\u00f6zt\u00fck Franciaorsz\u00e1g \u00e9s Nagy-Britannia t\u00e1mogatja.(MTI)<\/p>\n","protected":false},"excerpt":{"rendered":"<p>Az orosz katonai b\u00e1zisokra Sz\u00edri\u00e1ban nemcsak a terrorizmus elleni harc, hanem a glob\u00e1lis er\u0151egyens\u00faly fenntart\u00e1sa miatt is sz\u00fcks\u00e9g van &#8211; jelentette ki Bass\u00e1r el-Aszad sz\u00edriai eln\u00f6k a RIA Novosztyi orosz \u00e1llami h\u00edr\u00fcgyn\u00f6ks\u00e9gnek adott, szerd\u00e1n k\u00f6z\u00f6lt interj\u00faj\u00e1ban.<\/p>\n","protected":false},"author":1,"featured_media":0,"comment_status":"open","ping_status":"closed","sticky":false,"template":"","format":"standard","meta":[],"categories":[16],"tags":[],"_links":{"self":[{"href":"https:\/\/gazdasagportal.hu\/index.php\/wp-json\/wp\/v2\/posts\/77136"}],"collection":[{"href":"https:\/\/gazdasagportal.hu\/index.php\/wp-json\/wp\/v2\/posts"}],"about":[{"href":"https:\/\/gazdasagportal.hu\/index.php\/wp-json\/wp\/v2\/types\/post"}],"author":[{"embeddable":true,"href":"https:\/\/gazdasagportal.hu\/index.php\/wp-json\/wp\/v2\/users\/1"}],"replies":[{"embeddable":true,"href":"https:\/\/gazdasagportal.hu\/index.php\/wp-json\/wp\/v2\/comments?post=77136"}],"version-history":[{"count":1,"href":"https:\/\/gazdasagportal.hu\/index.php\/wp-json\/wp\/v2\/posts\/77136\/revisions"}],"predecessor-version":[{"id":77137,"href":"https:\/\/gazdasagportal.hu\/index.php\/wp-json\/wp\/v2\/posts\/77136\/revisions\/77137"}],"wp:attachment":[{"href":"https:\/\/gazdasagportal.hu\/index.php\/wp-json\/wp\/v2\/media?parent=77136"}],"wp:term":[{"taxonomy":"category","embeddable":true,"href":"https:\/\/gazdasagportal.hu\/index.php\/wp-json\/wp\/v2\/categories?post=77136"},{"taxonomy":"post_tag","embeddable":true,"href":"https:\/\/gazdasagportal.hu\/index.php\/wp-json\/wp\/v2\/tags?post=77136"}],"curies":[{"name":"wp","href":"https:\/\/api.w.org\/{rel}","templated":true}]}}