{"id":77124,"date":"2016-03-30T20:04:56","date_gmt":"2016-03-30T18:04:56","guid":{"rendered":"http:\/\/gazdasagportal.hu\/?p=77124"},"modified":"2016-03-30T19:27:36","modified_gmt":"2016-03-30T17:27:36","slug":"kover-nem-akarunk-iszlamista-onkenyuralmi-rendszert-europaban","status":"publish","type":"post","link":"https:\/\/gazdasagportal.hu\/index.php\/kover-nem-akarunk-iszlamista-onkenyuralmi-rendszert-europaban\/","title":{"rendered":"K\u00f6v\u00e9r: nem akarunk iszlamista \u00f6nk\u00e9nyuralmi rendszert Eur\u00f3p\u00e1ban"},"content":{"rendered":"<p><strong>Nem akarunk Eur\u00f3p\u00e1ban iszlamista, vagy b\u00e1rmilyen m\u00e1s totalit\u00e1rius rendszert &#8211; jelentette ki K\u00f6v\u00e9r L\u00e1szl\u00f3, az Orsz\u00e1ggy\u0171l\u00e9s eln\u00f6ke az iszl\u00e1m vall\u00e1s magyarorsz\u00e1gi elismer\u00e9s\u00e9nek sz\u00e1zadik \u00e9vfordul\u00f3ja alkalm\u00e1b\u00f3l rendezett konferenci\u00e1n a Parlamentben szerd\u00e1n.<\/strong><!--more--><\/p>\n<div class=\"ads-in-post1\"><div id=\"gazdasagportal.hu_fullbanner_wideboard\"><\/div>\r\n<\/div>\n<p>    A h\u00e1zeln\u00f6k eml\u00e9keztetett arra, hogy Magyarorsz\u00e1g m\u00e1r k\u00e9tszer is \u00e1t\u00e9lte a totalit\u00e1rius rendszerek k\u00eds\u00e9rlet\u00e9t, el\u0151bb a n\u00e1ci, majd a kommunista ideol\u00f3gia jegy\u00e9ben.<br \/>\n    Magyarorsz\u00e1g nem \u00e9rdekelt abban, hogy az iszlamizmus \u00e1ldozat\u00e1v\u00e1 v\u00e1ljon, de abban sem, hogy az iszl\u00e1m vall\u00e1st, kult\u00far\u00e1t, politik\u00e1t b\u00e1rki is azonos\u00edtsa az iszlamista terrorral.<br \/>\n    Magyarorsz\u00e1g az iszl\u00e1mmal mint kult\u00far\u00e1val p\u00e1rbesz\u00e9det folytat, az iszl\u00e1m terrorizmussal szemben azonban nulla toleranci\u00e1t hirdet &#8211; sz\u00f6gezte le K\u00f6v\u00e9r L\u00e1szl\u00f3.<br \/>\n    A h\u00e1zeln\u00f6k elhat\u00e1rol\u00f3dott a multikulturalizmus \u00e9rt\u00e9knihilizmus\u00e1t\u00f3l \u00e9s egy\u00fattal hitet tett az &#8222;egym\u00e1ssal szemben \u00e1ll\u00f3nak l\u00e1tsz\u00f3&#8221; kult\u00far\u00e1k egy\u00fctt\u00e9l\u00e9se mellett.<br \/>\n    K\u00f6v\u00e9r L\u00e1szl\u00f3 Mahatma Gandhi XX. sz\u00e1zad els\u0151 fel\u00e9ben \u00e9lt indiai politikus szavaival sz\u00f3lva \u00fagy fogalmazott: Magyarorsz\u00e1g abban \u00e9rdekelt, hogy minden orsz\u00e1g kult\u00far\u00e1ja lengje k\u00f6r\u00fcl, de egyik se szak\u00edtsa el sz\u00fcl\u0151haz\u00e1j\u00e1t\u00f3l.<br \/>\n    K\u00f6v\u00e9r L\u00e1szl\u00f3 felid\u00e9zte, hogy m\u00e1r a k\u00f6z\u00e9pkori Magyarorsz\u00e1gon \u00e9lt iszl\u00e1m kisebbs\u00e9g, mely azonban m\u00e9g a t\u00f6r\u00f6k kor el\u0151tt felold\u00f3dott a magyars\u00e1gban. A m\u00e1sf\u00e9l \u00e9vsz\u00e1zados t\u00f6r\u00f6k h\u00f3dolts\u00e1g id\u0151szak\u00e1ban viszonylagos vall\u00e1si tolerancia uralkodott, a magyar nyelvi, kultur\u00e1lis vir\u00e1gz\u00e1s pedig egyfajta v\u00e9dekez\u0151, \u00f6n\u00e9p\u00edt\u0151 v\u00e1lasz volt a kor kih\u00edv\u00e1saira.<br \/>\n    K\u00f6v\u00e9r L\u00e1szl\u00f3 a 100 \u00e9ve sz\u00fcletett szab\u00e1lyoz\u00e1s el\u0151zm\u00e9nyeit ismertetve elmondta: Bosznia-Hercegovina XIX. sz\u00e1zad m\u00e1sodik fel\u00e9ben t\u00f6rt\u00e9nt elfoglal\u00e1sa, majd XX. sz\u00e1zad elejei beolvaszt\u00e1sa nyom\u00e1n soksz\u00e1zezres iszl\u00e1m kisebbs\u00e9g j\u00f6tt l\u00e9tre az orsz\u00e1gban. Az 1916. m\u00e1rcius 30-\u00e1n hat\u00e1lyba l\u00e9pett t\u00f6rv\u00e9ny nem muszlim t\u00f6bbs\u00e9g\u0171 orsz\u00e1gban a vil\u00e1gon els\u0151k\u00e9nt ismerte el az iszl\u00e1mot teljes jog\u00fa vall\u00e1sk\u00e9nt. Ezzel Magyarorsz\u00e1g az iszl\u00e1m vall\u00e1s befogad\u00f3 hely\u00e9v\u00e9 v\u00e1lt.<br \/>\n    T\u00f6rt\u00e9net\u00fck nagy r\u00e9sz\u00e9ben a kereszt\u00e9nys\u00e9g \u00e9s az iszl\u00e1m b\u00e9k\u00e9ben \u00e9lt egym\u00e1ssal &#8211; hangs\u00falyozta Guly\u00e1s Gergely (Fidesz), az Orsz\u00e1ggy\u0171l\u00e9s aleln\u00f6ke a tan\u00e1cskoz\u00e1son, kiemelve, minden vil\u00e1gvall\u00e1snak j\u00e1r a tisztelet, de ezt meg kell k\u00fcl\u00f6nb\u00f6ztetni a tot\u00e1lis egyenl\u0151s\u00e9gt\u0151l.<br \/>\n    A hagyom\u00e1nyos kereszt\u00e9ny csal\u00e1dmodell megboml\u00e1s\u00e1nak az lett a k\u00f6vetkezm\u00e9nye, hogy Eur\u00f3pa m\u00e1ra olyan demogr\u00e1fiai probl\u00e9m\u00e1kkal n\u00e9z szembe, amelyek mindenk\u00e9ppen a vesztet okozhatj\u00e1k, ha nem tud v\u00e1ltoztatni rajtuk &#8211; jelentette ki az orsz\u00e1ggy\u0171l\u00e9s aleln\u00f6ke, aki szerint napjaink v\u00e1ls\u00e1g\u00e1nak az az oka, hogy &#8222;Eur\u00f3pa meghasonlott \u00f6nmag\u00e1val&#8221;, \u00e9s h\u00e1tat ford\u00edtott az \u0151t naggy\u00e1 tev\u0151 \u00e9rt\u00e9keknek.<br \/>\n    Guly\u00e1s Gergely megeml\u00edtette, hogy a k\u00e9t vall\u00e1s hagyom\u00e1nyos \u00e9rt\u00e9kmodellje t\u00f6bb ponton mutat hasonl\u00f3s\u00e1got, s ezek k\u00f6z\u00f6tt eml\u00edtette az egyistenhitet, a tekint\u00e9lytiszteletet, a k\u00f6z\u00f6ss\u00e9g egy\u00e9n el\u00e9 helyez\u00e9s\u00e9t vagy a hagyom\u00e1nyos nemi szerepek hirdet\u00e9s\u00e9t, megeml\u00edtve ugyanakkor, hogy az egyh\u00e1z \u00e9s az \u00e1lam kapcsolat\u00e1ban p\u00e9ld\u00e1ul nagysz\u00e1m\u00fa modell jelent meg m\u00e1ra.<br \/>\n    Utalt arra, hogy a vall\u00e1s a civiliz\u00e1ci\u00f3 kezdte \u00f3ta szerves r\u00e9sze identit\u00e1sunknak, \u00e9s kijelentette, ahogy az Oszm\u00e1n Birodalom t\u00f6rt\u00e9nete az iszl\u00e1mt\u00f3l, \u00fagy a k\u00f6z\u00e9pkori Eur\u00f3p\u00e1\u00e9 a kereszt\u00e9nys\u00e9gt\u0151l elv\u00e1laszthatatlan.<br \/>\n    Az iszl\u00e1m vall\u00e1s magyarorsz\u00e1gi elismer\u00e9s\u00e9t kimond\u00f3 t\u00f6rv\u00e9ny hat\u00e1lyba l\u00e9p\u00e9s\u00e9nek sz\u00e1zadik \u00e9vfordul\u00f3ja alkalm\u00e1b\u00f3l rendezett k\u00e9tnapos konferenci\u00e1t az E\u00f6tv\u00f6s Lor\u00e1nd Tudom\u00e1nyegyetem B\u00f6lcs\u00e9szettudom\u00e1nyi Kara \u00e9s a Magyar Tudom\u00e1nyos Akad\u00e9mia B\u00f6lcs\u00e9szettudom\u00e1nyi Kutat\u00f3k\u00f6zpontj\u00e1nak T\u00f6rt\u00e9nettudom\u00e1nyi Int\u00e9zete szervezte.(MTI)<\/p>\n","protected":false},"excerpt":{"rendered":"<p>Nem akarunk Eur\u00f3p\u00e1ban iszlamista, vagy b\u00e1rmilyen m\u00e1s totalit\u00e1rius rendszert &#8211; jelentette ki K\u00f6v\u00e9r L\u00e1szl\u00f3, az Orsz\u00e1ggy\u0171l\u00e9s eln\u00f6ke az iszl\u00e1m vall\u00e1s magyarorsz\u00e1gi elismer\u00e9s\u00e9nek sz\u00e1zadik \u00e9vfordul\u00f3ja alkalm\u00e1b\u00f3l rendezett konferenci\u00e1n a Parlamentben szerd\u00e1n.<\/p>\n","protected":false},"author":1,"featured_media":0,"comment_status":"open","ping_status":"closed","sticky":false,"template":"","format":"standard","meta":[],"categories":[4],"tags":[],"_links":{"self":[{"href":"https:\/\/gazdasagportal.hu\/index.php\/wp-json\/wp\/v2\/posts\/77124"}],"collection":[{"href":"https:\/\/gazdasagportal.hu\/index.php\/wp-json\/wp\/v2\/posts"}],"about":[{"href":"https:\/\/gazdasagportal.hu\/index.php\/wp-json\/wp\/v2\/types\/post"}],"author":[{"embeddable":true,"href":"https:\/\/gazdasagportal.hu\/index.php\/wp-json\/wp\/v2\/users\/1"}],"replies":[{"embeddable":true,"href":"https:\/\/gazdasagportal.hu\/index.php\/wp-json\/wp\/v2\/comments?post=77124"}],"version-history":[{"count":1,"href":"https:\/\/gazdasagportal.hu\/index.php\/wp-json\/wp\/v2\/posts\/77124\/revisions"}],"predecessor-version":[{"id":77125,"href":"https:\/\/gazdasagportal.hu\/index.php\/wp-json\/wp\/v2\/posts\/77124\/revisions\/77125"}],"wp:attachment":[{"href":"https:\/\/gazdasagportal.hu\/index.php\/wp-json\/wp\/v2\/media?parent=77124"}],"wp:term":[{"taxonomy":"category","embeddable":true,"href":"https:\/\/gazdasagportal.hu\/index.php\/wp-json\/wp\/v2\/categories?post=77124"},{"taxonomy":"post_tag","embeddable":true,"href":"https:\/\/gazdasagportal.hu\/index.php\/wp-json\/wp\/v2\/tags?post=77124"}],"curies":[{"name":"wp","href":"https:\/\/api.w.org\/{rel}","templated":true}]}}