{"id":77042,"date":"2016-03-29T19:26:39","date_gmt":"2016-03-29T17:26:39","guid":{"rendered":"http:\/\/gazdasagportal.hu\/?p=77042"},"modified":"2016-03-29T19:07:19","modified_gmt":"2016-03-29T17:07:19","slug":"tozsde-vegyes-zaras-nyugat-europaban","status":"publish","type":"post","link":"https:\/\/gazdasagportal.hu\/index.php\/tozsde-vegyes-zaras-nyugat-europaban\/","title":{"rendered":"T\u0151zsde &#8211; Vegyes z\u00e1r\u00e1s Nyugat-Eur\u00f3p\u00e1ban"},"content":{"rendered":"<p><strong>Vegyesen z\u00e1rtak kedden a vezet\u0151 nyugat-eur\u00f3pai t\u0151zsdeindexek a n\u00e9gynapi munkasz\u00fcnet ut\u00e1ni els\u0151 keresked\u00e9si napon.<\/strong><!--more--><\/p>\n<div class=\"ads-in-post1\"><div id=\"gazdasagportal.hu_fullbanner_wideboard\"><\/div>\r\n<\/div>\n<p>    A t\u0151zsdemutat\u00f3k nem mutattak komolyabb elmozdul\u00e1st, a befektet\u0151k egy r\u00e9sze kiv\u00e1r\u00e1sra rendezkedett be azel\u0151tt, hogy kedden kora este egy New York-i f\u00f3rumon besz\u00e9det mond Janet Yellen, az amerikai jegybank szerep\u00e9t bet\u00f6lt\u0151 Fed vezet\u0151je.<br \/>\n    A besz\u00e9d el\u0151tt t\u00f6bben azt rem\u00e9lik, hogy a vezet\u0151 ny\u00edlt k\u00e1rty\u00e1kkal j\u00e1tszik majd, felt\u00e1rja, hogy mikor mit l\u00e9p a Fed. Erre azonban ez\u00fattal sincs sok es\u00e9ly. Mindazon\u00e1ltal lehetnek majd elejtett szavak, ami alapj\u00e1n elemz\u0151k k\u00f6vetkeztet\u00e9seket vonhatnak le azzal kapcsolatban, hogy milyen kamatpolitik\u00e1ra lehet sz\u00e1m\u00edtani a k\u00f6zelj\u00f6v\u0151ben. Megfigyel\u0151k egy r\u00e9sze szerint a Fed kamatpolitik\u00e1ja nagyban f\u00fcgg att\u00f3l, hogy p\u00e9nteken milyen m\u00e1rciusi amerikai foglalkoztat\u00e1si adatok l\u00e1tnak napvil\u00e1got.<br \/>\n    A londoni t\u0151zsde f\u0151 mutat\u00f3ja, az FTSE-100 0,02 sz\u00e1zal\u00e9kkal gyeng\u00fclt, a frankfurti DAX-30 0,38 sz\u00e1zal\u00e9kkal er\u0151s\u00f6d\u00f6tt, a p\u00e1rizsi CAC-40 pedig 0,68 sz\u00e1zal\u00e9k emelkedett.<br \/>\n    Kedden a p\u00e1neur\u00f3pai FTSEurofirst 300 index 0,42 sz\u00e1zal\u00e9kkal er\u0151s\u00f6d\u00f6tt, az eur\u00f3\u00f6vezet blue chipjeit tartalmaz\u00f3 Euro STOXX 50 pedig 0,61 sz\u00e1zal\u00e9kkal emelkedett.<br \/>\n    Eur\u00f3pai t\u0151zsdez\u00e1r\u00e1skor, 17.30 \u00f3rakor az \u00e9szaki-tengeri Brent olajfajta hord\u00f3nk\u00e9nti \u00e1ra 1,26 doll\u00e1r (3,08 sz\u00e1zal\u00e9k) cs\u00f6kken\u00e9ssel 39,61 doll\u00e1ron \u00e1llt.(MTI)<\/p>\n","protected":false},"excerpt":{"rendered":"<p>Vegyesen z\u00e1rtak kedden a vezet\u0151 nyugat-eur\u00f3pai t\u0151zsdeindexek a n\u00e9gynapi munkasz\u00fcnet ut\u00e1ni els\u0151 keresked\u00e9si napon.<\/p>\n","protected":false},"author":1,"featured_media":0,"comment_status":"open","ping_status":"closed","sticky":false,"template":"","format":"standard","meta":[],"categories":[8],"tags":[],"_links":{"self":[{"href":"https:\/\/gazdasagportal.hu\/index.php\/wp-json\/wp\/v2\/posts\/77042"}],"collection":[{"href":"https:\/\/gazdasagportal.hu\/index.php\/wp-json\/wp\/v2\/posts"}],"about":[{"href":"https:\/\/gazdasagportal.hu\/index.php\/wp-json\/wp\/v2\/types\/post"}],"author":[{"embeddable":true,"href":"https:\/\/gazdasagportal.hu\/index.php\/wp-json\/wp\/v2\/users\/1"}],"replies":[{"embeddable":true,"href":"https:\/\/gazdasagportal.hu\/index.php\/wp-json\/wp\/v2\/comments?post=77042"}],"version-history":[{"count":1,"href":"https:\/\/gazdasagportal.hu\/index.php\/wp-json\/wp\/v2\/posts\/77042\/revisions"}],"predecessor-version":[{"id":77043,"href":"https:\/\/gazdasagportal.hu\/index.php\/wp-json\/wp\/v2\/posts\/77042\/revisions\/77043"}],"wp:attachment":[{"href":"https:\/\/gazdasagportal.hu\/index.php\/wp-json\/wp\/v2\/media?parent=77042"}],"wp:term":[{"taxonomy":"category","embeddable":true,"href":"https:\/\/gazdasagportal.hu\/index.php\/wp-json\/wp\/v2\/categories?post=77042"},{"taxonomy":"post_tag","embeddable":true,"href":"https:\/\/gazdasagportal.hu\/index.php\/wp-json\/wp\/v2\/tags?post=77042"}],"curies":[{"name":"wp","href":"https:\/\/api.w.org\/{rel}","templated":true}]}}