{"id":76995,"date":"2016-03-28T11:27:36","date_gmt":"2016-03-28T09:27:36","guid":{"rendered":"http:\/\/gazdasagportal.hu\/?p=76995"},"modified":"2016-03-28T11:27:36","modified_gmt":"2016-03-28T09:27:36","slug":"az-ev-elso-ket-honapjaban-nem-hozott-torvenyt-az-orszaggyules","status":"publish","type":"post","link":"https:\/\/gazdasagportal.hu\/index.php\/az-ev-elso-ket-honapjaban-nem-hozott-torvenyt-az-orszaggyules\/","title":{"rendered":"Az \u00e9v els\u0151 k\u00e9t h\u00f3napj\u00e1ban nem hozott t\u00f6rv\u00e9nyt az Orsz\u00e1ggy\u0171l\u00e9s!"},"content":{"rendered":"<p><strong>A rendszerv\u00e1lt\u00e1s \u00f3ta nem l\u00e1tott negat\u00edv rekordot d\u00f6nt\u00f6tt id\u00e9n az els\u0151 k\u00e9t h\u00f3napban a jogalkot\u00e1s: egyetlen t\u00f6rv\u00e9ny sem sz\u00fcletett. Ilyesmire eddig m\u00e9g v\u00e1laszt\u00e1si \u00e9vben sem volt p\u00e9lda, pedig akkor rendre j\u00f3val kevesebb jogszab\u00e1ly sz\u00fcletik, mint a k\u00f6ztes id\u0151szakokban.<\/strong><!--more--><\/p>\n<div class=\"ads-in-post1\"><div id=\"gazdasagportal.hu_fullbanner_wideboard\"><\/div>\r\n<\/div>\n<p>Nem hozott t\u00f6rv\u00e9nyt az Orsz\u00e1ggy\u0171l\u00e9s 2016 els\u0151 k\u00e9t h\u00f3napj\u00e1ban. Ilyesmire a rendszerv\u00e1lt\u00e1s \u00f3ta keresve sem tal\u00e1lunk p\u00e9ld\u00e1t, pedig voltak \u00e9vek, amikor \u00f6sszess\u00e9g\u00e9ben rendk\u00edv\u00fcl kev\u00e9s t\u00f6rv\u00e9ny sz\u00fcltetett. Az utols\u00f3 t\u00edz \u00e9v jogalkot\u00e1si adatait elemezve l\u00e1that\u00f3, hogy tipikusan ilyenek a v\u00e1laszt\u00e1si \u00e9vek, de m\u00e9g ezekben sem fordult el\u0151, hogy a t\u00f6rv\u00e9nyhoz\u00e1s k\u00e9t h\u00f3napig \u00f6lbe tett k\u00e9zzel \u00fclj\u00f6n.<\/p>\n<p>Norm\u00e1l k\u00f6r\u00fclm\u00e9nyek k\u00f6z\u00f6tt \u00e9v elej\u00e9n ink\u00e1bb szusszan a korm\u00e1nyzat, hogy azt\u00e1n tavaszt\u00f3l ism\u00e9t felp\u00f6rgesse a munk\u00e1t. A v\u00e1laszt\u00e1si \u00e9vekben ezzel szemben az \u00faj korm\u00e1nyok a beiktat\u00e1suk ut\u00e1ni h\u00f3napokban l\u00e1zas el\u0151k\u00e9sz\u00edt\u0151 munk\u00e1latokba kezdenek, ami \u2013 a tavaszi v\u00e1laszt\u00e1sokat k\u00f6vet\u0151en \u2013 alacsony jogalkot\u00e1si r\u00e1t\u00e1hoz vezet m\u00e1just\u00f3l. Ilyenkor \u00e9ppens\u00e9ggel az \u00e9v els\u0151 negyede telik l\u00e1zas t\u00f6rv\u00e9nyhoz\u00e1si munk\u00e1val, amikor a lek\u00f6sz\u00f6n\u0151 kabinet m\u00e9g a v\u00e1laszt\u00e1s el\u0151tt igyekszik ledolgozni a h\u00e1tral\u00e9kot \u00e9s gyorsan kereszt\u00fclvinni a sz\u00fcks\u00e9ges jogszab\u00e1ly-m\u00f3dos\u00edt\u00e1sokat \u2013 magyar\u00e1zza Z\u0151di Zsolt, az Opten Informatikai Kft. jogi szakmai igazgat\u00f3ja. A negat\u00edv rekord\u00e9vek a fenti \u00f6sszef\u00fcgg\u00e9snek megfelel\u0151en ezzel egy\u00fctt a v\u00e1laszt\u00e1si \u00e9vek voltak: a 2006-os esztend\u0151 36 t\u00f6rv\u00e9nnyel, a 2010-es 12 t\u00f6rv\u00e9nnyel \u00e9s a 2014-es 14 t\u00f6rv\u00e9nnyel.<\/p><div id=\"gazda-594228568\" class=\"gazda-tartalomban gazda-entity-placement\"><script async src=\"https:\/\/pagead2.googlesyndication.com\/pagead\/js\/adsbygoogle.js\"><\/script>\r\n<ins class=\"adsbygoogle\"\r\n     style=\"display:block\"\r\n     data-ad-format=\"fluid\"\r\n     data-ad-layout-key=\"-6t+ed+2i-1n-4w\"\r\n     data-ad-client=\"ca-pub-1959107119989764\"\r\n     data-ad-slot=\"4008251320\"><\/ins>\r\n<script>\r\n     (adsbygoogle = window.adsbygoogle || []).push({});\r\n<\/script><\/div>\n<p>Az idei els\u0151 k\u00e9t h\u00f3napra feltehet\u0151leg a tavalyi korm\u00e1nyzati aktivizmus nyomta r\u00e1 a b\u00e9lyeg\u00e9t. 2015-ben rekordsz\u00e1m\u00fa jogszab\u00e1ly sz\u00fcletett Magyarorsz\u00e1gon. \u201eA temp\u00f3t fenntartani nem is lehet, de nem is kell\u201d \u2013 v\u00e9li Z\u0151di Zsolt. A megcsappant jogalkot\u00e1si kedvet a Magyar K\u00f6zl\u00f6ny oldalsz\u00e1mai is jelzik: febru\u00e1r v\u00e9g\u00e9vel a K\u00f6zl\u00f6ny az 1576. oldaln\u00e1l j\u00e1rt, ilyen kis oldalsz\u00e1m ebben az id\u0151szakban 2007 \u00f3ta nem fordult el\u0151.<\/p>\n<p>Jelenleg m\u00e9gis megj\u00f3solhatatlan, hogy \u00e9v v\u00e9g\u00e9ig h\u00e1ny jogszab\u00e1ly fog sz\u00fcletni. Ha csak a kor\u00e1bbi trendeket n\u00e9zz\u00fck, azokban az esztend\u0151kben, amikor a jogszab\u00e1lyokon bel\u00fcl a legt\u00f6bb t\u00f6rv\u00e9ny sz\u00fcletett (2013-ban 252, 2015-ben 230), sz\u00e1muk az els\u0151 k\u00e9t h\u00f3napban m\u00e9g igen alacsony volt (2013-ban hat, 2015-ben puszt\u00e1n kett\u0151). Ett\u0151l ak\u00e1r m\u00e9g \u00fajabb cs\u00facsra is sz\u00e1m\u00edthatunk. Ugyanakkor a Parlament el\u0151tt fekv\u0151 t\u00f6rv\u00e9nyjavaslatok mennyis\u00e9ge nem vet\u00edt el\u0151re \u00fajabb t\u00f6rv\u00e9nyhoz\u00e1si rekordot. \u201eA tavaszi \u00fcl\u00e9sszakra eddig mind\u00f6ssze 81 t\u00f6rv\u00e9nyjavaslat \u00e9rkezett, aminek legal\u00e1bb a fel\u00e9t az ellenz\u00e9ki oldal ny\u00fajtotta be, m\u00e1rpedig azokb\u00f3l aligha lesz t\u00f6rv\u00e9ny\u201d \u2013 mondja az Opten igazgat\u00f3ja.<\/p>\n<p>A k\u00e9pet \u00e1rnyalja, hogy a korm\u00e1nyrendeletek sz\u00e1ma \u00e9vr\u0151l \u00e9vre szinte t\u00f6retlen\u00fcl emelkedik. Febru\u00e1r v\u00e9g\u00e9n m\u00e1r 34 korm\u00e1nyrendeletn\u00e9l tartunk, ami pontosan megegyezik a tavalyi mennyis\u00e9ggel. A korm\u00e1nyrendeletek sz\u00e1ma 2015-ben v\u00e9g\u00fcl a 2013-as rekord k\u00f6zel\u00e9ben, csaknem 500-zal tet\u0151z\u00f6tt.<\/p>\n<p><iframe loading=\"lazy\" width=\"509\" height=\"319\" src=\"http:\/\/gazdasagtv.hu\/iframe.php?id=10146\" style=\"border: none; overflow: hidden\" scrolling=\"no\"><\/iframe><br \/>Forr\u00e1s: <a href=\"http:\/\/gazdasagtv.hu\" style=\"color: #df1100; font-weight: bold; text-decoration: none;\" target=\"_blank\" rel=\"noopener\">Gazdas\u00e1gTV.hu<\/a><\/p>\n","protected":false},"excerpt":{"rendered":"<p>A rendszerv\u00e1lt\u00e1s \u00f3ta nem l\u00e1tott negat\u00edv rekordot d\u00f6nt\u00f6tt id\u00e9n az els\u0151 k\u00e9t h\u00f3napban a jogalkot\u00e1s: egyetlen t\u00f6rv\u00e9ny sem sz\u00fcletett. Ilyesmire eddig m\u00e9g v\u00e1laszt\u00e1si \u00e9vben sem volt p\u00e9lda, pedig akkor rendre j\u00f3val kevesebb jogszab\u00e1ly sz\u00fcletik, mint a k\u00f6ztes id\u0151szakokban.<\/p>\n","protected":false},"author":1,"featured_media":0,"comment_status":"open","ping_status":"closed","sticky":false,"template":"","format":"standard","meta":[],"categories":[4,19],"tags":[],"_links":{"self":[{"href":"https:\/\/gazdasagportal.hu\/index.php\/wp-json\/wp\/v2\/posts\/76995"}],"collection":[{"href":"https:\/\/gazdasagportal.hu\/index.php\/wp-json\/wp\/v2\/posts"}],"about":[{"href":"https:\/\/gazdasagportal.hu\/index.php\/wp-json\/wp\/v2\/types\/post"}],"author":[{"embeddable":true,"href":"https:\/\/gazdasagportal.hu\/index.php\/wp-json\/wp\/v2\/users\/1"}],"replies":[{"embeddable":true,"href":"https:\/\/gazdasagportal.hu\/index.php\/wp-json\/wp\/v2\/comments?post=76995"}],"version-history":[{"count":1,"href":"https:\/\/gazdasagportal.hu\/index.php\/wp-json\/wp\/v2\/posts\/76995\/revisions"}],"predecessor-version":[{"id":76996,"href":"https:\/\/gazdasagportal.hu\/index.php\/wp-json\/wp\/v2\/posts\/76995\/revisions\/76996"}],"wp:attachment":[{"href":"https:\/\/gazdasagportal.hu\/index.php\/wp-json\/wp\/v2\/media?parent=76995"}],"wp:term":[{"taxonomy":"category","embeddable":true,"href":"https:\/\/gazdasagportal.hu\/index.php\/wp-json\/wp\/v2\/categories?post=76995"},{"taxonomy":"post_tag","embeddable":true,"href":"https:\/\/gazdasagportal.hu\/index.php\/wp-json\/wp\/v2\/tags?post=76995"}],"curies":[{"name":"wp","href":"https:\/\/api.w.org\/{rel}","templated":true}]}}