{"id":76989,"date":"2016-03-28T03:46:51","date_gmt":"2016-03-28T01:46:51","guid":{"rendered":"http:\/\/gazdasagportal.hu\/?p=76989"},"modified":"2016-03-27T21:48:09","modified_gmt":"2016-03-27T19:48:09","slug":"20-celsius-fokra-szamitsunk","status":"publish","type":"post","link":"https:\/\/gazdasagportal.hu\/index.php\/20-celsius-fokra-szamitsunk\/","title":{"rendered":"20 Celsius-fokra sz\u00e1m\u00edtsunk"},"content":{"rendered":"<p><strong>Folytat\u00f3dik a v\u00e1ltoz\u00e9kony id\u0151 m\u00e1rcius utols\u00f3 napjaiban, naps\u00fct\u00e9sre, es\u0151re is k\u00e9sz\u00fclni kell. Ezzel egy\u00fctt melegszik az id\u0151, a leghidegebb \u00f3r\u00e1kban is egyre ink\u00e1bb pluszokra kell k\u00e9sz\u00fclni, napk\u00f6zben t\u00f6bbfel\u00e9 20 Celsius-fok k\u00f6r\u00fcli meleg lehet &#8211; der\u00fcl ki az Orsz\u00e1gos Meteorol\u00f3giai Szolg\u00e1lat orsz\u00e1gos k\u00f6z\u00e9pt\u00e1v\u00fa el\u0151rejelz\u00e9s\u00e9b\u0151l, amelyet vas\u00e1rnap juttatott el az MTI-hez.<\/strong><!--more--><\/p>\n<div class=\"ads-in-post1\"><div id=\"gazdasagportal.hu_fullbanner_wideboard\"><\/div>\r\n<\/div>\n<p>    H\u00fasv\u00e9th\u00e9tf\u0151n m\u00e9g t\u00f6bbnyire er\u0151sen felh\u0151s id\u0151re van kil\u00e1t\u00e1s, de r\u00f6vid id\u0151szakokra b\u00e1rhol kis\u00fcthet a nap. N\u00e9hol alakulhat ki csapad\u00e9k, keleten z\u00e1por, nyugaton kisebb es\u0151 form\u00e1j\u00e1ban. A legalacsonyabb h\u0151m\u00e9rs\u00e9klet m\u00ednusz 2 \u00e9s plusz 5 fok k\u00f6z\u00f6tt alakul. A legmagasabb h\u0151m\u00e9rs\u00e9klet 11-17 fok k\u00f6z\u00f6tt val\u00f3sz\u00edn\u0171.<br \/>\n    Kedden reggelig sz\u00f3rv\u00e1nyosan v\u00e1rhat\u00f3 es\u0151, z\u00e1pores\u0151, a d\u00e9li \u00f3r\u00e1kt\u00f3l t\u00f6bb helyen z\u00e1por, helyenk\u00e9nt zivatar. Napk\u00f6zben hosszabb-r\u00f6videbb napos id\u0151szakok mellett nagyobbr\u00e9szt felh\u0151s id\u0151re lehet sz\u00e1m\u00edtani. A sz\u00e9l is t\u00f6bbfel\u00e9 meg\u00e9l\u00e9nk\u00fcl, els\u0151sorban zivatarok k\u00f6rnyezet\u00e9ben er\u0151s sz\u00e9ll\u00f6k\u00e9sek is lehetnek. A leghidegebb \u00f3r\u00e1kban plusz 2-8 fok v\u00e1rhat\u00f3. Napk\u00f6zben 12-18 fokig melegszik a leveg\u0151.<br \/>\n    Szerd\u00e1n is v\u00e1ltoz\u00f3an felh\u0151s id\u0151re lehet sz\u00e1m\u00edtani, t\u00f6bb-kevesebb naps\u00fct\u00e9ssel. Helyenk\u00e9nt alakulhat ki kisebb es\u0151. A Dun\u00e1nt\u00falon t\u00f6bbfel\u00e9 meger\u0151s\u00f6dik a sz\u00e9l is. A minimumh\u0151m\u00e9rs\u00e9klet 3-9, a maximumh\u0151m\u00e9rs\u00e9klet 15-21 fok k\u00f6z\u00f6tt val\u00f3sz\u00edn\u0171.<br \/>\n    Cs\u00fct\u00f6rt\u00f6k\u00f6n gyeng\u00e9n felh\u0151s, napos id\u0151 v\u00e1rhat\u00f3, csapad\u00e9k nem val\u00f3sz\u00edn\u0171, de t\u00f6bbfel\u00e9 meger\u0151s\u00f6dik a sz\u00e9l. A legalacsonyabb h\u0151m\u00e9rs\u00e9klet 5-10, a legmagasabb h\u0151m\u00e9rs\u00e9klet 17-23 fok k\u00f6z\u00f6tt alakul.<br \/>\n    P\u00e9nteken, \u00e1prilis elsej\u00e9n er\u0151sen megn\u00f6vekszik a felh\u0151zet, sz\u00f3rv\u00e1nyosan val\u00f3sz\u00edn\u0171 z\u00e1por, helyenk\u00e9nt zivatar, a sz\u00e9l is meger\u0151s\u00f6dhet. A minimumh\u0151m\u00e9rs\u00e9klet 7-13, a maximumh\u0151m\u00e9rs\u00e9klet \u00e1ltal\u00e1ban 18-23 fok k\u00f6z\u00f6tt val\u00f3sz\u00edn\u0171, \u00e9szaknyugaton lehet d\u00e9lut\u00e1n enn\u00e9l kiss\u00e9 h\u0171v\u00f6sebb.<br \/>\n    Szombaton t\u00f6bbnyire gyeng\u00e9n felh\u0151s, napos id\u0151 v\u00e1rhat\u00f3, csapad\u00e9k nem val\u00f3sz\u00edn\u0171. A legalacsonyabb h\u0151m\u00e9rs\u00e9klet 1-7, a legmagasabb h\u0151m\u00e9rs\u00e9klet 12-17 fok k\u00f6z\u00f6tt alakul.<br \/>\n    Vas\u00e1rnap t\u00falnyom\u00f3an der\u00fclt, sz\u00e1raz id\u0151 v\u00e1rhat\u00f3. A minimumh\u0151m\u00e9rs\u00e9klet 0 \u00e9s plusz 6, a maximumh\u0151m\u00e9rs\u00e9klet 14-19 fok k\u00f6z\u00f6tt val\u00f3sz\u00edn\u0171 &#8211; olvashat\u00f3 az el\u0151rejelz\u00e9sben.(MTI)<\/p>\n","protected":false},"excerpt":{"rendered":"<p>Folytat\u00f3dik a v\u00e1ltoz\u00e9kony id\u0151 m\u00e1rcius utols\u00f3 napjaiban, naps\u00fct\u00e9sre, es\u0151re is k\u00e9sz\u00fclni kell. Ezzel egy\u00fctt melegszik az id\u0151, a leghidegebb \u00f3r\u00e1kban is egyre ink\u00e1bb pluszokra kell k\u00e9sz\u00fclni, napk\u00f6zben t\u00f6bbfel\u00e9 20 Celsius-fok k\u00f6r\u00fcli meleg lehet &#8211; der\u00fcl ki az Orsz\u00e1gos Meteorol\u00f3giai Szolg\u00e1lat orsz\u00e1gos k\u00f6z\u00e9pt\u00e1v\u00fa el\u0151rejelz\u00e9s\u00e9b\u0151l, amelyet vas\u00e1rnap juttatott el az MTI-hez.<\/p>\n","protected":false},"author":1,"featured_media":0,"comment_status":"open","ping_status":"closed","sticky":false,"template":"","format":"standard","meta":[],"categories":[4],"tags":[],"_links":{"self":[{"href":"https:\/\/gazdasagportal.hu\/index.php\/wp-json\/wp\/v2\/posts\/76989"}],"collection":[{"href":"https:\/\/gazdasagportal.hu\/index.php\/wp-json\/wp\/v2\/posts"}],"about":[{"href":"https:\/\/gazdasagportal.hu\/index.php\/wp-json\/wp\/v2\/types\/post"}],"author":[{"embeddable":true,"href":"https:\/\/gazdasagportal.hu\/index.php\/wp-json\/wp\/v2\/users\/1"}],"replies":[{"embeddable":true,"href":"https:\/\/gazdasagportal.hu\/index.php\/wp-json\/wp\/v2\/comments?post=76989"}],"version-history":[{"count":1,"href":"https:\/\/gazdasagportal.hu\/index.php\/wp-json\/wp\/v2\/posts\/76989\/revisions"}],"predecessor-version":[{"id":76990,"href":"https:\/\/gazdasagportal.hu\/index.php\/wp-json\/wp\/v2\/posts\/76989\/revisions\/76990"}],"wp:attachment":[{"href":"https:\/\/gazdasagportal.hu\/index.php\/wp-json\/wp\/v2\/media?parent=76989"}],"wp:term":[{"taxonomy":"category","embeddable":true,"href":"https:\/\/gazdasagportal.hu\/index.php\/wp-json\/wp\/v2\/categories?post=76989"},{"taxonomy":"post_tag","embeddable":true,"href":"https:\/\/gazdasagportal.hu\/index.php\/wp-json\/wp\/v2\/tags?post=76989"}],"curies":[{"name":"wp","href":"https:\/\/api.w.org\/{rel}","templated":true}]}}