{"id":76985,"date":"2016-03-27T21:45:11","date_gmt":"2016-03-27T19:45:11","guid":{"rendered":"http:\/\/gazdasagportal.hu\/?p=76985"},"modified":"2016-03-27T21:45:11","modified_gmt":"2016-03-27T19:45:11","slug":"putyin-az-orosz-kontingens-reszt-vesz-palmura-aknamentesiteseben","status":"publish","type":"post","link":"https:\/\/gazdasagportal.hu\/index.php\/putyin-az-orosz-kontingens-reszt-vesz-palmura-aknamentesiteseben\/","title":{"rendered":"Putyin: az orosz kontingens r\u00e9szt vesz Palm\u00fcra aknamentes\u00edt\u00e9s\u00e9ben"},"content":{"rendered":"<p><strong>A Sz\u00edri\u00e1ban \u00e1llom\u00e1soz\u00f3 orosz kontingens r\u00e9szt vesz a damaszkuszi korm\u00e1nyer\u0151k \u00e1ltal az Iszl\u00e1m \u00c1llam (I\u00c1) dzsihadista szervezett\u0151l visszafoglalt Palm\u00fcra v\u00e1ros aknamentes\u00edt\u00e9s\u00e9ben &#8211; jelentette ki Vlagyimir Putyin orosz eln\u00f6k vas\u00e1rnap telefonon Irina Bokov\u00e1nak, az UNESCO vez\u00e9rigazgat\u00f3j\u00e1nak.<\/strong><!--more--><\/p>\n<div class=\"ads-in-post1\"><div id=\"gazdasagportal.hu_fullbanner_wideboard\"><\/div>\r\n<\/div>\n<p>    Err\u0151l Dmitrij Peszkov, a Kreml sz\u00f3viv\u0151je t\u00e1j\u00e9koztatta a sajt\u00f3t. Az UNESCO az ENSZ Nevel\u00e9s\u00fcgyi, Tudom\u00e1nyos \u00e9s Kultur\u00e1lis Szervezete. A sz\u00edriai er\u0151k a hivatalos damaszkuszi k\u00f6zl\u00e9s szerint vas\u00e1rnap vert\u00e9k ki az I\u00c1 utols\u00f3 egys\u00e9geit Palm\u00fcr\u00e1b\u00f3l.<br \/>\n    Putyin \u00fcdv\u00f6z\u00f6lte &#8211; az id\u00e9n esed\u00e9kes ENSZ-f\u0151titk\u00e1ri v\u00e1laszt\u00e1son az es\u00e9lyesek k\u00f6z\u00f6tt sz\u00e1mon tartott &#8211; bolg\u00e1r Bokov\u00e1t abb\u00f3l az alkalomb\u00f3l, hogy a korm\u00e1nyer\u0151k felszabad\u00edtott\u00e1k az \u0151si v\u00e1rost. Peszkov szerint az orosz eln\u00f6k \u00e9s az UNESCO vezet\u0151je meg\u00e1llapodtak, hogy az ENSZ szakos\u00edtott szervezete, valamint Oroszorsz\u00e1g \u00e9s Sz\u00edria hamarosan megkezdi a Palm\u00fcr\u00e1ban okozott k\u00e1rok felm\u00e9r\u00e9s\u00e9t, \u00e9s kidolgozza a m\u00e9g nem teljesen elpusztult r\u00e9g\u00e9szeti eml\u00e9kek helyre\u00e1ll\u00edt\u00e1s\u00e1nak terv\u00e9t.<br \/>\n    Az orosz eln\u00f6k sz\u00f3viv\u0151je szerint Bokova k\u00f6sz\u00f6netet mondott Putyinnak az egy\u00fcttm\u0171k\u00f6d\u00e9s\u00e9rt, \u00e9s kijelentette, hogy az UNESCO k\u00e9sz a k\u00f6z\u00f6s munk\u00e1ra.<br \/>\n    Putyin a nap folyam\u00e1n telefonon gratul\u00e1lt Bass\u00e1r el-Aszad sz\u00edriai eln\u00f6knek Palm\u00fcra felszabad\u00edt\u00e1s\u00e1hoz, \u00e9s neki is hangs\u00falyozta annak fontoss\u00e1g\u00e1t, hogy az egyed\u00fcl\u00e1ll\u00f3 t\u00f6rt\u00e9nelmi v\u00e1rost meg\u0151rizz\u00e9k a vil\u00e1gkult\u00fara sz\u00e1m\u00e1ra.<br \/>\n    Az orosz eln\u00f6k megism\u00e9telte sz\u00edriai partner\u00e9nek, hogy az orosz fegyveres er\u0151k kontingens\u00fck nagy r\u00e9szs\u00e9nek kivon\u00e1sa ut\u00e1n is &#8222;tov\u00e1bb fogj\u00e1k seg\u00edteni a sz\u00edriai hat\u00f3s\u00e1gok terrorizmus elleni harc\u00e1t, \u00e9s abban is seg\u00edtenek, hogy felszabad\u00edts\u00e1k saj\u00e1t f\u00f6ldj\u00fcket a sz\u00e9ls\u0151s\u00e9ges csoportokt\u00f3l&#8221; &#8211; mondta Peszkov.<br \/>\n    Aszad nagyra \u00e9rt\u00e9kelte az orosz seg\u00edts\u00e9gny\u00fajt\u00e1st, kijelentette: an\u00e9lk\u00fcl lehetetlen lett volna olyan sikereket el\u00e9rni, mint az I\u00c1 \u00e1ltal tavaly m\u00e1jusban elfoglalt Palm\u00fcra felszabad\u00edt\u00e1sa.<br \/>\n    Oroszorsz\u00e1g nem Bass\u00e1r el-Aszad sz\u00edriai eln\u00f6k t\u00e1mogat\u00e1s\u00e1ra, hanem &#8222;a t\u00f6rv\u00e9nyes sz\u00edriai korm\u00e1ny meg\u0151rz\u00e9se&#8221; \u00e9s az orsz\u00e1g sz\u00e9thull\u00e1s\u00e1nak megakad\u00e1lyoz\u00e1sa \u00e9rdek\u00e9ben kezdett katonai akci\u00f3ba a k\u00f6zel-keleti orsz\u00e1gban &#8211; jelentette ki vas\u00e1rnap Moszkv\u00e1ban Marija Zaharova orosz k\u00fcl\u00fcgyi sz\u00f3viv\u0151 az Interfax h\u00edr\u00fcgyn\u00f6ks\u00e9gnek.<br \/>\n    Zaharova a hivatalos orosz \u00e1ll\u00e1spontot megism\u00e9telve azzal \u00e9rvelt, hogy Moszkv\u00e1t akkor lehetne valamelyik f\u00e9l t\u00e1mogat\u00e1s\u00e1val megv\u00e1dolni, ha p\u00e9ld\u00e1ul m\u00e1r 2011-ben vagy 2012-ben csapatokat vez\u00e9nyelt volna a polg\u00e1rh\u00e1bor\u00faban \u00e1ll\u00f3 Sz\u00edri\u00e1ba.(MTI)<\/p>\n","protected":false},"excerpt":{"rendered":"<p>A Sz\u00edri\u00e1ban \u00e1llom\u00e1soz\u00f3 orosz kontingens r\u00e9szt vesz a damaszkuszi korm\u00e1nyer\u0151k \u00e1ltal az Iszl\u00e1m \u00c1llam (I\u00c1) dzsihadista szervezett\u0151l visszafoglalt Palm\u00fcra v\u00e1ros aknamentes\u00edt\u00e9s\u00e9ben &#8211; jelentette ki Vlagyimir Putyin orosz eln\u00f6k vas\u00e1rnap telefonon Irina Bokov\u00e1nak, az UNESCO vez\u00e9rigazgat\u00f3j\u00e1nak.<\/p>\n","protected":false},"author":1,"featured_media":0,"comment_status":"open","ping_status":"closed","sticky":false,"template":"","format":"standard","meta":[],"categories":[16],"tags":[],"_links":{"self":[{"href":"https:\/\/gazdasagportal.hu\/index.php\/wp-json\/wp\/v2\/posts\/76985"}],"collection":[{"href":"https:\/\/gazdasagportal.hu\/index.php\/wp-json\/wp\/v2\/posts"}],"about":[{"href":"https:\/\/gazdasagportal.hu\/index.php\/wp-json\/wp\/v2\/types\/post"}],"author":[{"embeddable":true,"href":"https:\/\/gazdasagportal.hu\/index.php\/wp-json\/wp\/v2\/users\/1"}],"replies":[{"embeddable":true,"href":"https:\/\/gazdasagportal.hu\/index.php\/wp-json\/wp\/v2\/comments?post=76985"}],"version-history":[{"count":1,"href":"https:\/\/gazdasagportal.hu\/index.php\/wp-json\/wp\/v2\/posts\/76985\/revisions"}],"predecessor-version":[{"id":76986,"href":"https:\/\/gazdasagportal.hu\/index.php\/wp-json\/wp\/v2\/posts\/76985\/revisions\/76986"}],"wp:attachment":[{"href":"https:\/\/gazdasagportal.hu\/index.php\/wp-json\/wp\/v2\/media?parent=76985"}],"wp:term":[{"taxonomy":"category","embeddable":true,"href":"https:\/\/gazdasagportal.hu\/index.php\/wp-json\/wp\/v2\/categories?post=76985"},{"taxonomy":"post_tag","embeddable":true,"href":"https:\/\/gazdasagportal.hu\/index.php\/wp-json\/wp\/v2\/tags?post=76985"}],"curies":[{"name":"wp","href":"https:\/\/api.w.org\/{rel}","templated":true}]}}