{"id":76982,"date":"2016-03-28T04:04:22","date_gmt":"2016-03-28T02:04:22","guid":{"rendered":"http:\/\/gazdasagportal.hu\/?p=76982"},"modified":"2016-03-27T21:43:27","modified_gmt":"2016-03-27T19:43:27","slug":"nemetorszagban-munkara-kotelezhetik-a-menekulteket","status":"publish","type":"post","link":"https:\/\/gazdasagportal.hu\/index.php\/nemetorszagban-munkara-kotelezhetik-a-menekulteket\/","title":{"rendered":"N\u00e9metorsz\u00e1gban munk\u00e1ra k\u00f6telezhetik a menek\u00fclteket"},"content":{"rendered":"<p><strong>N\u00e9metorsz\u00e1gban csak a n\u00e9met nyelv elsaj\u00e1t\u00edt\u00e1s\u00e1ra \u00e9s a munk\u00e1ra hajland\u00f3 menek\u00fcltek kaphatn\u00e1nak hat\u00e1rozatlan idej\u0171 tart\u00f3zkod\u00e1si enged\u00e9lyt a sz\u00f6vets\u00e9gi bel\u00fcgyminiszt\u00e9rium \u00faj elk\u00e9pzel\u00e9se szerint.<\/strong><!--more--><\/p>\n<div class=\"ads-in-post1\"><div id=\"gazdasagportal.hu_fullbanner_wideboard\"><\/div>\r\n<\/div>\n<p>    A t\u00e1rca a munka\u00fcgyi miniszt\u00e9riummal egy\u00fctt legk\u00e9s\u0151bb m\u00e1jusban a korm\u00e1ny el\u00e9 terjeszt egy t\u00f6rv\u00e9nyjavaslatot a menek\u00fcltek t\u00e1rsadalmi integr\u00e1ci\u00f3j\u00e1r\u00f3l, amelynek az az alapelve, hogy csak a beilleszked\u00e9sre t\u00f6rekv\u0151 menek\u00fcltek maradhatnak tart\u00f3san az orsz\u00e1gban &#8211; mondta Thomas de Maiziere bel\u00fcgyminiszter az ARD orsz\u00e1gos k\u00f6zszolg\u00e1lati telev\u00edzi\u00f3nak.<br \/>\n    A miniszter a h\u00e9tv\u00e9g\u00e9n sug\u00e1rzott interj\u00faban kiemelte, hogy aki nem fogadja el a felaj\u00e1nlott munk\u00e1t, vagy nem hajland\u00f3 megtanulni n\u00e9met\u00fcl, elesik a leteleped\u00e9s lehet\u0151s\u00e9g\u00e9t\u0151l, amely a jelenlegi szab\u00e1lyoz\u00e1s szerint h\u00e1rom \u00e9vi tart\u00f3zkod\u00e1s ut\u00e1n szinte automatikusan j\u00e1r.<br \/>\n    A k\u00e9t t\u00e1rca terve szerint a menek\u00fclteket lakhelyv\u00e1ltoztat\u00e1si tilalom al\u00e1 is vonj\u00e1k majd. A javasolt szab\u00e1ly \u00e9rtelm\u00e9ben a menek\u00fcltek nem k\u00f6lt\u00f6zhetnek el kijel\u00f6lt lakhely\u00fckr\u0151l, am\u00edg nem tudj\u00e1k eltartani magukat.<br \/>\n    A &#8222;r\u00f6gh\u00f6z k\u00f6t\u00e9s&#8221; c\u00e9lja a s\u0171r\u0171n lakott t\u00e9rs\u00e9gek &#8222;gett\u00f3sod\u00e1s\u00e1nak&#8221; elker\u00fcl\u00e9se, vagyis annak megakad\u00e1lyoz\u00e1sa, hogy nemzetis\u00e9gi z\u00e1rv\u00e1nyok alakuljanak ki a nagyv\u00e1rosokban \u00e9s vonz\u00e1sk\u00f6rzet\u00fckben &#8211; mondta Thomas de Maiziere.<br \/>\n    A jobboldali CDU politikusa hangs\u00falyozta: az Eur\u00f3pai Uni\u00f3 B\u00edr\u00f3s\u00e1ga a k\u00f6zelm\u00faltban egy \u00edt\u00e9letben kimondta, hogy a lakhelykorl\u00e1toz\u00e1s \u00f6sszef\u00e9r az uni\u00f3s menek\u00fclt\u00fcgyi szab\u00e1lyokkal.<br \/>\n    A mostani szab\u00e1lyoz\u00e1s radik\u00e1lis szigor\u00edt\u00e1s\u00e1t jelent\u0151 javaslatot a CDU-val korm\u00e1nyz\u00f3 szoci\u00e1ldemokrata p\u00e1rt (SPD) t\u00f6bb politikusa a t\u00e1mogat\u00e1s\u00e1r\u00f3l biztos\u00edtotta, az orsz\u00e1gos szakszervezeti sz\u00f6vets\u00e9g (DGB) viszont b\u00edr\u00e1lta. \u00c1ll\u00e1spontja szerint a beilleszked\u00e9st nem er\u0151ltetni kellene \u00fajabb szankci\u00f3kkal, hanem ink\u00e1bb \u00f6szt\u00f6n\u00f6zni a menek\u00fcltek ig\u00e9nyeire szabott nyelvtanul\u00e1si \u00e9s k\u00e9pz\u00e9si, \u00e1tk\u00e9pz\u00e9si programokkal \u00e9s az integr\u00e1ci\u00f3\u00e9rt a legt\u00f6bbet dolgoz\u00f3 int\u00e9zm\u00e9nyek, az \u00f6nkorm\u00e1nyzatok p\u00e9nz\u00fcgyi t\u00e1mogat\u00e1s\u00e1val.(MTI)<\/p>\n","protected":false},"excerpt":{"rendered":"<p>N\u00e9metorsz\u00e1gban csak a n\u00e9met nyelv elsaj\u00e1t\u00edt\u00e1s\u00e1ra \u00e9s a munk\u00e1ra hajland\u00f3 menek\u00fcltek kaphatn\u00e1nak hat\u00e1rozatlan idej\u0171 tart\u00f3zkod\u00e1si enged\u00e9lyt a sz\u00f6vets\u00e9gi bel\u00fcgyminiszt\u00e9rium \u00faj elk\u00e9pzel\u00e9se szerint.<\/p>\n","protected":false},"author":1,"featured_media":0,"comment_status":"open","ping_status":"closed","sticky":false,"template":"","format":"standard","meta":[],"categories":[12],"tags":[],"_links":{"self":[{"href":"https:\/\/gazdasagportal.hu\/index.php\/wp-json\/wp\/v2\/posts\/76982"}],"collection":[{"href":"https:\/\/gazdasagportal.hu\/index.php\/wp-json\/wp\/v2\/posts"}],"about":[{"href":"https:\/\/gazdasagportal.hu\/index.php\/wp-json\/wp\/v2\/types\/post"}],"author":[{"embeddable":true,"href":"https:\/\/gazdasagportal.hu\/index.php\/wp-json\/wp\/v2\/users\/1"}],"replies":[{"embeddable":true,"href":"https:\/\/gazdasagportal.hu\/index.php\/wp-json\/wp\/v2\/comments?post=76982"}],"version-history":[{"count":1,"href":"https:\/\/gazdasagportal.hu\/index.php\/wp-json\/wp\/v2\/posts\/76982\/revisions"}],"predecessor-version":[{"id":76983,"href":"https:\/\/gazdasagportal.hu\/index.php\/wp-json\/wp\/v2\/posts\/76982\/revisions\/76983"}],"wp:attachment":[{"href":"https:\/\/gazdasagportal.hu\/index.php\/wp-json\/wp\/v2\/media?parent=76982"}],"wp:term":[{"taxonomy":"category","embeddable":true,"href":"https:\/\/gazdasagportal.hu\/index.php\/wp-json\/wp\/v2\/categories?post=76982"},{"taxonomy":"post_tag","embeddable":true,"href":"https:\/\/gazdasagportal.hu\/index.php\/wp-json\/wp\/v2\/tags?post=76982"}],"curies":[{"name":"wp","href":"https:\/\/api.w.org\/{rel}","templated":true}]}}