{"id":76980,"date":"2016-03-28T04:41:57","date_gmt":"2016-03-28T02:41:57","guid":{"rendered":"http:\/\/gazdasagportal.hu\/?p=76980"},"modified":"2016-03-27T21:33:07","modified_gmt":"2016-03-27T19:33:07","slug":"a-nemetek-tobbsege-szerint-az-iden-terrortamadas-eri-hazajukat","status":"publish","type":"post","link":"https:\/\/gazdasagportal.hu\/index.php\/a-nemetek-tobbsege-szerint-az-iden-terrortamadas-eri-hazajukat\/","title":{"rendered":"A n\u00e9metek t\u00f6bbs\u00e9ge szerint az id\u00e9n terrort\u00e1mad\u00e1s \u00e9ri haz\u00e1jukat"},"content":{"rendered":"<p><strong>N\u00e9metorsz\u00e1gban a lakoss\u00e1g t\u00f6bbs\u00e9ge szerint az id\u00e9n biztosan t\u00f6rt\u00e9nik terrort\u00e1mad\u00e1s &#8211; mutatta ki egy vas\u00e1rnap ismertetett felm\u00e9r\u00e9s.<\/strong><!--more--><\/p>\n<div class=\"ads-in-post1\"><div id=\"gazdasagportal.hu_fullbanner_wideboard\"><\/div>\r\n<\/div>\n<p>    A Bild am Sonntag c\u00edm\u0171 lap megb\u00edz\u00e1s\u00e1b\u00f3l k\u00e9sz\u00edtett k\u00f6zv\u00e9lem\u00e9ny-kutat\u00e1s alapj\u00e1n a lakoss\u00e1g 56 sz\u00e1zal\u00e9ka azzal sz\u00e1mol, hogy t\u00f6rt\u00e9nik az id\u00e9n terrorista mer\u00e9nylet az orsz\u00e1gban, 38 sz\u00e1zal\u00e9k pedig nem tart ett\u0151l. Sok n\u00e9met f\u00e9l is a terrort\u00f3l, 42 sz\u00e1zal\u00e9kuk ezt elismeri, m\u00edg a t\u00f6bbs\u00e9g, 56 sz\u00e1zal\u00e9k azt \u00e1ll\u00edtja, hogy nem agg\u00f3dik. Szinte mindenki, a lakoss\u00e1g 99 sz\u00e1zal\u00e9ka \u00fagy v\u00e9li, \u00e9rthet\u0151, ha valaki f\u00e9l a terrort\u00f3l.<br \/>\n    Thomas de Maiziere bel\u00fcgyminiszter a lapnak elmondta, hogy N\u00e9metorsz\u00e1g ugyan a terrorist\u00e1k c\u00e9lkeresztj\u00e9ben van \u00e9s &#8222;a helyzet fesz\u00fclt&#8221;, de a hat\u00f3s\u00e1goknak nincs tudom\u00e1suk k\u00e9sz\u00fcl\u0151 terrort\u00e1mad\u00e1sr\u00f3l, ez\u00e9rt sehol nem kell nyilv\u00e1nos rendezv\u00e9nyeket lemondani vagy k\u00f6zter\u00fcletet lez\u00e1rni.<br \/>\n    Frank-Walter Steinmeier k\u00fcl\u00fcgyminiszter egy vas\u00e1rnapi interj\u00faban kiemelte, hogy teljes biztons\u00e1g nem l\u00e9tezik, a terrorizmus pedig nem ismer orsz\u00e1ghat\u00e1rokat, \u00e9s sz\u00e1rmaz\u00e1st\u00f3l, nemt\u0151l, \u00e9letkort\u00f3l, vall\u00e1st\u00f3l f\u00fcggetlen\u00fcl mindenki ellen ir\u00e1nyul.<br \/>\n    A n\u00e9met biztons\u00e1gi szervek &#8222;j\u00f3 munk\u00e1t v\u00e9geznek \u00e9s t\u00f6bbsz\u00f6r kereszt\u00fclh\u00fazt\u00e1k a mer\u00e9nyletterveket&#8221;. Ugyanakkor val\u00f3sz\u00edn\u0171leg a szerencs\u00e9n is m\u00falott, hogy N\u00e9metorsz\u00e1got eddig nem \u00e9rte t\u00e1mad\u00e1s &#8211; tette hozz\u00e1 a miniszter a Berliner Morgenpost c\u00edm\u0171 \u00fajs\u00e1g \u00e9s a kiad\u00f3 &#8211; a Funke m\u00e9diacsoport &#8211; t\u00f6bbi lapj\u00e1nak h\u00fasv\u00e9ti sz\u00e1m\u00e1ban megjelent interj\u00faban.(MTI)<\/p>\n","protected":false},"excerpt":{"rendered":"<p>N\u00e9metorsz\u00e1gban a lakoss\u00e1g t\u00f6bbs\u00e9ge szerint az id\u00e9n biztosan t\u00f6rt\u00e9nik terrort\u00e1mad\u00e1s &#8211; mutatta ki egy vas\u00e1rnap ismertetett felm\u00e9r\u00e9s.<\/p>\n","protected":false},"author":1,"featured_media":0,"comment_status":"open","ping_status":"closed","sticky":false,"template":"","format":"standard","meta":[],"categories":[12],"tags":[],"_links":{"self":[{"href":"https:\/\/gazdasagportal.hu\/index.php\/wp-json\/wp\/v2\/posts\/76980"}],"collection":[{"href":"https:\/\/gazdasagportal.hu\/index.php\/wp-json\/wp\/v2\/posts"}],"about":[{"href":"https:\/\/gazdasagportal.hu\/index.php\/wp-json\/wp\/v2\/types\/post"}],"author":[{"embeddable":true,"href":"https:\/\/gazdasagportal.hu\/index.php\/wp-json\/wp\/v2\/users\/1"}],"replies":[{"embeddable":true,"href":"https:\/\/gazdasagportal.hu\/index.php\/wp-json\/wp\/v2\/comments?post=76980"}],"version-history":[{"count":1,"href":"https:\/\/gazdasagportal.hu\/index.php\/wp-json\/wp\/v2\/posts\/76980\/revisions"}],"predecessor-version":[{"id":76981,"href":"https:\/\/gazdasagportal.hu\/index.php\/wp-json\/wp\/v2\/posts\/76980\/revisions\/76981"}],"wp:attachment":[{"href":"https:\/\/gazdasagportal.hu\/index.php\/wp-json\/wp\/v2\/media?parent=76980"}],"wp:term":[{"taxonomy":"category","embeddable":true,"href":"https:\/\/gazdasagportal.hu\/index.php\/wp-json\/wp\/v2\/categories?post=76980"},{"taxonomy":"post_tag","embeddable":true,"href":"https:\/\/gazdasagportal.hu\/index.php\/wp-json\/wp\/v2\/tags?post=76980"}],"curies":[{"name":"wp","href":"https:\/\/api.w.org\/{rel}","templated":true}]}}