{"id":76972,"date":"2016-03-27T13:42:59","date_gmt":"2016-03-27T11:42:59","guid":{"rendered":"http:\/\/gazdasagportal.hu\/?p=76972"},"modified":"2016-03-27T10:45:43","modified_gmt":"2016-03-27T08:45:43","slug":"trump-elpusztitana-az-olajmezoket-a-kozel-keleten","status":"publish","type":"post","link":"https:\/\/gazdasagportal.hu\/index.php\/trump-elpusztitana-az-olajmezoket-a-kozel-keleten\/","title":{"rendered":"Trump elpuszt\u00edtan\u00e1 az olajmez\u0151ket a K\u00f6zel-Keleten"},"content":{"rendered":"<p><strong>Elpuszt\u00edtan\u00e1 az olajmez\u0151ket a K\u00f6zel-Keleten az amerikai republik\u00e1nus eln\u00f6kjel\u00f6lt-aspir\u00e1ns, Donald Trump, mert szerinte azok az els\u0151dleges anyagi forr\u00e1sai az olyan terrorszervezeteknek, mint az Iszl\u00e1m \u00c1llam.<\/strong><!--more--><\/p>\n<div class=\"ads-in-post1\"><div id=\"gazdasagportal.hu_fullbanner_wideboard\"><\/div>\r\n<\/div>\n<p>    Donald Trump a The New York Times c\u00edm\u0171 napilapnak adott interj\u00faj\u00e1ban elmondta: ellenezte ugyan az iraki h\u00e1bor\u00fat, de az amerikai korm\u00e1nynak meg kellett volna ragadnia az alkalmat, hogy megszerezze az olajforr\u00e1sokat.<br \/>\n    Most viszont el kellene puszt\u00edtani az iraki olajt, mert amellett, hogy az Iszl\u00e1m \u00c1llam egyik f\u0151 bev\u00e9teli forr\u00e1sa, Ir\u00e1n meg fogja vetni a l\u00e1b\u00e1t Irakban, \u00e9s a perzsa \u00e1llam fogja megszerezni az ottani nyersanyagokat &#8211; tette hozz\u00e1.<br \/>\n    A politikus hangs\u00falyozta, hogy ez az Egyes\u00fclt \u00c1llamok hib\u00e1ja, mert be sem kellett volna vonulni Irakba, \u00e9s nem kellett volna lerombolni az orsz\u00e1got.<br \/>\n    &#8222;Szadd\u00e1m Huszein rossz fi\u00fa volt, de j\u00f3 volt egy dologban: a terrorist\u00e1k \u00f6l\u00e9s\u00e9ben. \u00dagy \u00f6lte a terrorist\u00e1kat, mint senki m\u00e1s, nem igaz? Most (Irak) a terrorizmus Harvardja&#8221; &#8211; mondta.<br \/>\n    A K\u00f6zel-Kelettel kapcsolatos amerikai szerepv\u00e1llal\u00e1sr\u00f3l Donald Trump \u00fagy v\u00e9lekedett, hogy az hal\u00e1lt, pusztul\u00e1st \u00e9s anyagi vesztes\u00e9get okozott.<br \/>\n    Trump arra k\u00e9rd\u00e9sre v\u00e1laszolva, hogy besz\u00fcntetn\u00e9-e az olajv\u00e1s\u00e1rl\u00e1st Sza\u00fad-Ar\u00e1bi\u00e1t\u00f3l \u00e9s m\u00e1s arab orsz\u00e1gokt\u00f3l, am\u00edg nem k\u00fcldenek sz\u00e1razf\u00f6ldi egys\u00e9geket az Iszl\u00e1m \u00c1llam elleni harchoz, azt v\u00e1laszolta: val\u00f3sz\u00edn\u0171leg igen.<br \/>\n    Ezt azzal indokolta, hogy ezek az orsz\u00e1gok &#8211; k\u00fcl\u00f6n\u00f6sen Sza\u00fad-Ar\u00e1bia &#8211; nem fizetik meg az Egyes\u00fclt \u00c1llamok \u00e1ltal ny\u00fajtott v\u00e9delmet. Hangs\u00falyozta, hogy a zuhan\u00f3 olaj\u00e1rak ellen\u00e9re is rengeteg p\u00e9nze van Sza\u00fad-Ar\u00e1bi\u00e1nak, de az amerikai v\u00e9delem n\u00e9lk\u00fcl nem sok\u00e1ig l\u00e9tezne az olajmonarchia.<br \/>\n    A sz\u00edriai konfliktusr\u00f3l \u00e9s az Iszl\u00e1m \u00c1llam elleni harcr\u00f3l sz\u00f3lva Donald Trump azt mondta, hogy &#8222;\u0151r\u00fclts\u00e9g \u00e9s idiotizmus&#8221; egyszerre Bass\u00e1r el-Aszad sz\u00edriai eln\u00f6k \u00e9s a terrorista csoport ellen harcolni. Megl\u00e1t\u00e1sa szerint a k\u00e9t f\u00e9l egym\u00e1ssal harcol, az Egyes\u00fclt \u00c1llamok pedig mindkettej\u00fckkel.<br \/>\n    &#8222;Aszadn\u00e1l sokkal nagyobb probl\u00e9ma az Iszl\u00e1m \u00c1llam, \u00e9s \u00e9n ezt mindig is \u00edgy \u00e9reztem&#8221; &#8211; hangs\u00falyozta.<br \/>\n    A NATO-r\u00f3l sz\u00f3lva nehezm\u00e9nyezte, hogy az Egyes\u00fclt \u00c1llamok k\u00f6lti &#8211; v\u00e9lem\u00e9nye szerint ar\u00e1nytalanul &#8211; a legt\u00f6bb p\u00e9nzt a katonai sz\u00f6vets\u00e9gre.<br \/>\n    A sz\u00f6vets\u00e9gnek a financi\u00e1lis hozz\u00e1j\u00e1rul\u00e1sban \u00e9s a terrorizmus elleni harcban is meg kell v\u00e1ltoznia &#8211; mondta a republik\u00e1nus eln\u00f6kjel\u00f6lt-aspir\u00e1ns.<br \/>\n    Donald Trump nem adott egyenes v\u00e1laszt arra a k\u00e9rd\u00e9sre, hogy az Egyes\u00fclt \u00c1llamok k\u00e9mkedjen-e sz\u00f6vets\u00e9gesei ut\u00e1n, illetve helyes volt-e Barack Obama amerikai eln\u00f6k d\u00f6nt\u00e9se arr\u00f3l, hogy befejezt\u00e9k Angela Merkel n\u00e9met kancell\u00e1r mobiltelefonj\u00e1nak lehallgat\u00e1s\u00e1t. Nyomat\u00e9kos\u00edtotta ugyanakkor, ha N\u00e9metorsz\u00e1g nem is biztosan, de sok orsz\u00e1g k\u00e9mkedik az Egyes\u00fclt \u00c1llamok ut\u00e1n, \u00e9s Edward Snowden, a titkos megfigyel\u00e9sekr\u0151l sz\u00f3l\u00f3 inform\u00e1ci\u00f3k kisziv\u00e1rogtat\u00f3ja nagy k\u00e1rokat okozott az orsz\u00e1gnak.<br \/>\n    Hajland\u00f3s\u00e1got mutatott arra is, hogy kivonja az amerikai csapatokat Jap\u00e1nb\u00f3l \u00e9s D\u00e9l-Kore\u00e1b\u00f3l, amennyiben a k\u00e9t \u00e1zsiai orsz\u00e1g nem n\u00f6veli az anyagi hozz\u00e1j\u00e1rul\u00e1s\u00e1t az ott \u00e1llom\u00e1soztatott katon\u00e1k k\u00f6lts\u00e9geihez. Ezt azzal indokolta, hogy az Egyes\u00fclt \u00c1llamok nem engedheti meg mag\u00e1nak a milli\u00e1rdos vesztes\u00e9get, amit csapatainak \u00e1llom\u00e1soztat\u00e1sa okoz.<br \/>\n    Ugyanakkor hangs\u00falyozta azt is, hogy Jap\u00e1n \u00e9s D\u00e9l-Korea nukle\u00e1ris arzen\u00e1lt l\u00e9tes\u00edthet, ha az Egyes\u00fclt \u00c1llamok tov\u00e1bbhalad a &#8222;gyenges\u00e9g \u00fatj\u00e1n&#8221;.<br \/>\n    &#8222;Nem hiszem, hogy biztons\u00e1gban \u00e9rzik magukat amiatt, ami a mi orsz\u00e1gunkban zajlik&#8221; &#8211; v\u00e9lte a republik\u00e1nus eln\u00f6kjel\u00f6lt-aspir\u00e1ns.<br \/>\n    Az amerikai katon\u00e1k k\u00fclf\u00f6ldi bevet\u00e9s\u00e9t att\u00f3l teszi f\u00fcgg\u0151v\u00e9, hogy mennyire voltak bar\u00e1ts\u00e1gosak az adott orsz\u00e1gok az Egyes\u00fclt \u00c1llamokkal. Lesz\u00f6gezte, a k\u00fclf\u00f6ldi beavatkoz\u00e1sok els\u0151dleges c\u00e9lja mindig is &#8222;orsz\u00e1gunk megv\u00e9d\u00e9se&#8221; lesz, ha  eln\u00f6knek v\u00e1lasztj\u00e1k.<br \/>\n    A The New York Times arr\u00f3l is k\u00e9rdezte az \u00fczletembert, hogy Oroszorsz\u00e1g meghat\u00e1roz\u00f3 szerepet t\u00f6lt-e majd be Ukrajn\u00e1ban. Donald Trump szerint ha az Ukrajna k\u00f6r\u00fcli orsz\u00e1gok nem l\u00e9pnek fel vagy k\u00e9rik az amerikaiak seg\u00edts\u00e9g\u00e9t, akkor igen. Hangs\u00falyozta, hogy ezek az orsz\u00e1gok viszont nemhogy nem k\u00e9rnek seg\u00edts\u00e9get, nem is besz\u00e9lnek Ukrajn\u00e1r\u00f3l.<br \/>\n    A d\u00e9l-k\u00ednai-tengeri ter\u00fcleti vit\u00e1kr\u00f3l besz\u00e9lve Trump arra lyukadt ki, hogy az Egyes\u00fclt \u00c1llamok hatalmas kereskedelmi hatalommal b\u00edr K\u00edna felett.<br \/>\n    Ennek ellen\u00e9re &#8211; mint fogalmazott &#8211; K\u00edna malacperselynek haszn\u00e1lja az Egyes\u00fclt \u00c1llamokat: p\u00e9nzt vesz ki bel\u0151le, de nem fizeti vissza.(MTI)<\/p>\n","protected":false},"excerpt":{"rendered":"<p>Elpuszt\u00edtan\u00e1 az olajmez\u0151ket a K\u00f6zel-Keleten az amerikai republik\u00e1nus eln\u00f6kjel\u00f6lt-aspir\u00e1ns, Donald Trump, mert szerinte azok az els\u0151dleges anyagi forr\u00e1sai az olyan terrorszervezeteknek, mint az Iszl\u00e1m \u00c1llam.<\/p>\n","protected":false},"author":1,"featured_media":0,"comment_status":"open","ping_status":"closed","sticky":false,"template":"","format":"standard","meta":[],"categories":[13,16,246],"tags":[],"_links":{"self":[{"href":"https:\/\/gazdasagportal.hu\/index.php\/wp-json\/wp\/v2\/posts\/76972"}],"collection":[{"href":"https:\/\/gazdasagportal.hu\/index.php\/wp-json\/wp\/v2\/posts"}],"about":[{"href":"https:\/\/gazdasagportal.hu\/index.php\/wp-json\/wp\/v2\/types\/post"}],"author":[{"embeddable":true,"href":"https:\/\/gazdasagportal.hu\/index.php\/wp-json\/wp\/v2\/users\/1"}],"replies":[{"embeddable":true,"href":"https:\/\/gazdasagportal.hu\/index.php\/wp-json\/wp\/v2\/comments?post=76972"}],"version-history":[{"count":1,"href":"https:\/\/gazdasagportal.hu\/index.php\/wp-json\/wp\/v2\/posts\/76972\/revisions"}],"predecessor-version":[{"id":76973,"href":"https:\/\/gazdasagportal.hu\/index.php\/wp-json\/wp\/v2\/posts\/76972\/revisions\/76973"}],"wp:attachment":[{"href":"https:\/\/gazdasagportal.hu\/index.php\/wp-json\/wp\/v2\/media?parent=76972"}],"wp:term":[{"taxonomy":"category","embeddable":true,"href":"https:\/\/gazdasagportal.hu\/index.php\/wp-json\/wp\/v2\/categories?post=76972"},{"taxonomy":"post_tag","embeddable":true,"href":"https:\/\/gazdasagportal.hu\/index.php\/wp-json\/wp\/v2\/tags?post=76972"}],"curies":[{"name":"wp","href":"https:\/\/api.w.org\/{rel}","templated":true}]}}