{"id":76968,"date":"2016-03-27T10:41:03","date_gmt":"2016-03-27T08:41:03","guid":{"rendered":"http:\/\/gazdasagportal.hu\/?p=76968"},"modified":"2016-03-27T10:41:03","modified_gmt":"2016-03-27T08:41:03","slug":"megkezdodott-a-nyari-idoszamitas-2","status":"publish","type":"post","link":"https:\/\/gazdasagportal.hu\/index.php\/megkezdodott-a-nyari-idoszamitas-2\/","title":{"rendered":"Megkezd\u0151d\u00f6tt a ny\u00e1ri id\u0151sz\u00e1m\u00edt\u00e1s"},"content":{"rendered":"<p><strong>Megkezd\u0151d\u00f6tt a ny\u00e1ri id\u0151sz\u00e1m\u00edt\u00e1s, az \u00f3r\u00e1kat egy \u00f3r\u00e1val el\u0151re kellett \u00e1ll\u00edtani. A v\u00e1ltoz\u00e1s \u00e9rinti a k\u00f6z\u00f6ss\u00e9gi k\u00f6zleked\u00e9st is.<\/strong><!--more--><\/p>\n<div class=\"ads-in-post1\"><div id=\"gazdasagportal.hu_fullbanner_wideboard\"><\/div>\r\n<\/div>\n<p>    A Mavir Magyar Villamosenergia-ipari \u00c1tviteli Rendszerir\u00e1ny\u00edt\u00f3 Zrt. az MTI megkeres\u00e9s\u00e9re k\u00f6z\u00f6lte, az 1980 \u00f3ta Magyarorsz\u00e1gon is alkalmazott m\u00f3dszer azon alapul, hogy az \u00f3r\u00e1k \u00e1t\u00e1ll\u00edt\u00e1s\u00e1val a szok\u00e1sos \u00e9brenl\u00e9ti id\u0151 jobban egybeesik a term\u00e9szetes vil\u00e1goss\u00e1g idej\u00e9vel, ebb\u0151l ad\u00f3d\u00f3an reggel 7 \u00e9s este 10 \u00f3ra k\u00f6z\u00f6tt kevesebbet kell haszn\u00e1lni a vil\u00e1g\u00edt\u00e1st.<br \/>\n    A m\u00f3dszerrel haz\u00e1nk egy napi \u00e1tlagos villamosenergia-fogyaszt\u00e1s\u00e1t, azaz csaknem 30-40 ezer h\u00e1ztart\u00e1s \u00e9ves felhaszn\u00e1l\u00e1s\u00e1t, 120 megawatt\u00f3r\u00e1t sp\u00f3rolni meg. Ez megfelel egy k\u00f6zepes m\u00e9ret\u0171 magyar v\u00e1ros teljes \u00e9ves fogyaszt\u00e1s\u00e1nak. Becsl\u00e9seik szerint az \u00f3ra\u00e1t\u00e1ll\u00edt\u00e1ssal a magyar fogyaszt\u00f3k \u00e9vente a ny\u00e1ri id\u0151sz\u00e1m\u00edt\u00e1s alatt \u00f6sszesen mintegy 4-5 milli\u00e1rd forintot takar\u00edthatnak meg villamosenergia-k\u00f6lts\u00e9geikb\u0151l.<br \/>\n    Az \u00e1t\u00e1ll\u00e1s miatt v\u00e1ltozik a M\u00c1V menetrendje is, a Magyarorsz\u00e1gr\u00f3l indul\u00f3 \u00e9s ide \u00e9rkez\u0151 nemzetk\u00f6zi szerelv\u00e9nyek k\u00f6z\u00fcl a Dacia nemzetk\u00f6zi vonatok, a Corona IC, az Ister EuroNight (EN), a K\u00e1lm\u00e1n Imre EN, a Beograd gyorsvonat, a Metropol EN, a Latorca IC \u00e9s a Traianus-Bononia IC v\u00e1rhat\u00f3an egy\u00f3r\u00e1s k\u00e9s\u00e9ssel \u00e9ri el a budapesti, illetve a k\u00fclf\u00f6ldi v\u00e9g\u00e1llom\u00e1s\u00e1t.<br \/>\n    A Budapestr\u0151l indul\u00f3, Vars\u00f3n \u00e1t Moszkv\u00e1ba k\u00f6zleked\u0151 Varsovia EuroCity vonatok oroszorsz\u00e1gi menetrendje is v\u00e1ltozik a ny\u00e1ri id\u0151sz\u00e1m\u00edt\u00e1s bevezet\u00e9s\u00e9vel, mivel Oroszorsz\u00e1gban nem \u00e1ll\u00edtj\u00e1k \u00e1t az \u00f3r\u00e1kat.<br \/>\n    A Budapesti K\u00f6zleked\u00e9si K\u00f6zpont (BKK) azt k\u00f6z\u00f6lte az MTI-vel, hogy az \u00e9jszakai j\u00e1ratok vas\u00e1rnap hajnali 2 \u00e9s 3 \u00f3ra k\u00f6z\u00f6tti indul\u00e1sai kimaradnak. Emellett egyes \u00e9jszakai j\u00e1ratok menetrendj\u00e9ben tov\u00e1bbi v\u00e1ltoz\u00e1sokra is sz\u00e1m\u00edtani kell. Egyes j\u00e1ratok eset\u00e9ben a BKK tov\u00e1bbi indul\u00e1si id\u0151pontokat biztos\u00edt, m\u00e1sokn\u00e1l az \u00f3ra\u00e1t\u00e1ll\u00edt\u00e1s k\u00f6r\u00fcli indul\u00e1si id\u0151pontokat kor\u00e1bbra vagy k\u00e9s\u0151bbre helyezik \u00e1t. Azok a j\u00e1ratok pedig, amelyeket \u00fatk\u00f6zben \u00e9r az \u00f3ra\u00e1t\u00e1ll\u00edt\u00e1s, m\u00e1r a ny\u00e1ri id\u0151 szerint \u00e9rkeznek meg a tov\u00e1bbi \u00e1llom\u00e1sokra.<br \/>\n    A Budapest Airport \u00e1ltal \u00fczemeltetett Liszt Ferenc-rep\u00fcl\u0151t\u00e9ren az \u00e1t\u00e1ll\u00e1s k\u00f6zvetlen\u00fcl nem \u00e9rint egyetlen j\u00e1ratot sem, de a ny\u00e1ri id\u0151sz\u00e1m\u00edt\u00e1ssal megkezd\u0151dik a ny\u00e1ri menetrendi id\u0151szak, amelyben a l\u00e9git\u00e1rsas\u00e1gok t\u00f6bb j\u00e1ratot ind\u00edtanak a magyar f\u0151v\u00e1rosb\u00f3l.(MTI)<\/p>\n","protected":false},"excerpt":{"rendered":"<p>Megkezd\u0151d\u00f6tt a ny\u00e1ri id\u0151sz\u00e1m\u00edt\u00e1s, az \u00f3r\u00e1kat egy \u00f3r\u00e1val el\u0151re kellett \u00e1ll\u00edtani. A v\u00e1ltoz\u00e1s \u00e9rinti a k\u00f6z\u00f6ss\u00e9gi k\u00f6zleked\u00e9st is.<\/p>\n","protected":false},"author":1,"featured_media":0,"comment_status":"open","ping_status":"closed","sticky":false,"template":"","format":"standard","meta":[],"categories":[4],"tags":[],"_links":{"self":[{"href":"https:\/\/gazdasagportal.hu\/index.php\/wp-json\/wp\/v2\/posts\/76968"}],"collection":[{"href":"https:\/\/gazdasagportal.hu\/index.php\/wp-json\/wp\/v2\/posts"}],"about":[{"href":"https:\/\/gazdasagportal.hu\/index.php\/wp-json\/wp\/v2\/types\/post"}],"author":[{"embeddable":true,"href":"https:\/\/gazdasagportal.hu\/index.php\/wp-json\/wp\/v2\/users\/1"}],"replies":[{"embeddable":true,"href":"https:\/\/gazdasagportal.hu\/index.php\/wp-json\/wp\/v2\/comments?post=76968"}],"version-history":[{"count":1,"href":"https:\/\/gazdasagportal.hu\/index.php\/wp-json\/wp\/v2\/posts\/76968\/revisions"}],"predecessor-version":[{"id":76969,"href":"https:\/\/gazdasagportal.hu\/index.php\/wp-json\/wp\/v2\/posts\/76968\/revisions\/76969"}],"wp:attachment":[{"href":"https:\/\/gazdasagportal.hu\/index.php\/wp-json\/wp\/v2\/media?parent=76968"}],"wp:term":[{"taxonomy":"category","embeddable":true,"href":"https:\/\/gazdasagportal.hu\/index.php\/wp-json\/wp\/v2\/categories?post=76968"},{"taxonomy":"post_tag","embeddable":true,"href":"https:\/\/gazdasagportal.hu\/index.php\/wp-json\/wp\/v2\/tags?post=76968"}],"curies":[{"name":"wp","href":"https:\/\/api.w.org\/{rel}","templated":true}]}}