{"id":76965,"date":"2016-03-27T04:14:16","date_gmt":"2016-03-27T03:14:16","guid":{"rendered":"http:\/\/gazdasagportal.hu\/?p=76965"},"modified":"2016-03-26T21:17:35","modified_gmt":"2016-03-26T20:17:35","slug":"torokorszag-szerint-uj-strategiara-van-szukseg-a-terrorszervezet-ellen","status":"publish","type":"post","link":"https:\/\/gazdasagportal.hu\/index.php\/torokorszag-szerint-uj-strategiara-van-szukseg-a-terrorszervezet-ellen\/","title":{"rendered":"T\u00f6r\u00f6korsz\u00e1g szerint \u00faj strat\u00e9gi\u00e1ra van sz\u00fcks\u00e9g a terrorszervezet ellen"},"content":{"rendered":"<p><strong>A jelenlegi strat\u00e9gia, amely els\u0151sorban az Iszl\u00e1m \u00c1llam (I\u00c1) dzsihadista terrorszervezet elleni l\u00e9gicsap\u00e1sokra \u00f6sszpontos\u00edtott, nem tudta meg\u00e1ll\u00edtani az I\u00c1 eszm\u00e9inek terjed\u00e9s\u00e9t &#8211; \u00edrta Ibrahim Kalin t\u00f6r\u00f6k eln\u00f6ki sz\u00f3viv\u0151 a Daily Sabah c\u00edm\u0171 angol nyelv\u0171 korm\u00e1nyp\u00e1rti t\u00f6r\u00f6k napilap szombati sz\u00e1m\u00e1ban.<\/strong><!--more--><\/p>\n<div class=\"ads-in-post1\"><div id=\"gazdasagportal.hu_fullbanner_wideboard\"><\/div>\r\n<\/div>\n<p>    Kifejtette: a muzulm\u00e1n orsz\u00e1goknak \u00e9s a nyugati vil\u00e1gnak egy\u00fctt kell m\u0171k\u00f6dnie az I\u00c1 elpuszt\u00edt\u00e1sa \u00e9rdek\u00e9ben, ugyanakkor s\u00fcrg\u0151sen sz\u00fcks\u00e9g van egy \u00faj politika kidolgoz\u00e1s\u00e1ra is. Az elh\u00faz\u00f3d\u00f3 sz\u00edriai polg\u00e1rh\u00e1bor\u00fa csak t\u00e1pl\u00e1lja a terrorszervezetet, min\u00e9l tov\u00e1bb tart a konfliktus, ann\u00e1l ink\u00e1bb n\u0151 az I\u00c1 ereje &#8211; olvashat\u00f3 a cikkben.<br \/>\n    Kalin arra h\u00edvta fel a figyelmet, hogy a j\u00f6v\u0151ben a titkosszolg\u00e1lati inform\u00e1ci\u00f3k megoszt\u00e1sa lesz az egyik kulcs a tervezett terrorakci\u00f3k megel\u0151z\u00e9s\u00e9hez.<br \/>\n    T\u00f6r\u00f6korsz\u00e1gban legut\u00f3bb febru\u00e1r k\u00f6zep\u00e9n mer\u00fclt fel, hogy az I\u00c1 ellen kiz\u00e1r\u00f3lag l\u00e9gicsap\u00e1sokkal nem lehet v\u00e9gs\u0151 sikert el\u00e9rni.<br \/>\n    Mevl\u00fct Cavusoglu t\u00f6r\u00f6k k\u00fcl\u00fcgyminiszter a m\u00fcncheni biztons\u00e1gpolitikai f\u00f3rumon azt nyilatkozta, hogy T\u00f6r\u00f6korsz\u00e1g, Sza\u00fad-Ar\u00e1bia \u00e9s n\u00e9h\u00e1ny eur\u00f3pai sz\u00f6vets\u00e9gese sz\u00fcks\u00e9gesnek tartja a sz\u00e1razf\u00f6ldi katonai akci\u00f3t Sz\u00edri\u00e1ban. Hangs\u00falyozta: \u00e1m ezt egymag\u00e1ban elv\u00e1rni T\u00f6r\u00f6korsz\u00e1gt\u00f3l se nem helyes, se nem re\u00e1lis. Ha ilyen l\u00e9p\u00e9sre ker\u00fclne sor, akkor azt k\u00f6z\u00f6sen kell v\u00e9grehajtani, ak\u00e1r csak a l\u00e9git\u00e1mad\u00e1sokat &#8211; tette hozz\u00e1 a k\u00fcl\u00fcgyminiszter.<br \/>\n    Cavusoglu ugyanakkor arr\u00f3l sz\u00e1molt be, hogy az Egyes\u00fclt \u00c1llamok vezette terrorizmus-ellenes koal\u00edci\u00f3 nem jutott megegyez\u00e9sre a javaslattal kapcsolatban, valamint a beavatkoz\u00e1s r\u00e9szletes strat\u00e9gi\u00e1j\u00e1r\u00f3l sem folytattak komoly vit\u00e1t.<br \/>\n    Ismet Yilmaz t\u00f6r\u00f6k v\u00e9delmi miniszter azonban tagadta, hogy Ankara egy\u00e1ltal\u00e1n tervezett volna ilyet. Mint fogalmazott: &#8222;fel sem mer\u00fclt&#8221;, hogy T\u00f6r\u00f6korsz\u00e1g sz\u00e1razf\u00f6ldi er\u0151ket vez\u00e9nyeljen a szomsz\u00e9dos orsz\u00e1gba.(MTI)<\/p>\n","protected":false},"excerpt":{"rendered":"<p>A jelenlegi strat\u00e9gia, amely els\u0151sorban az Iszl\u00e1m \u00c1llam (I\u00c1) dzsihadista terrorszervezet elleni l\u00e9gicsap\u00e1sokra \u00f6sszpontos\u00edtott, nem tudta meg\u00e1ll\u00edtani az I\u00c1 eszm\u00e9inek terjed\u00e9s\u00e9t &#8211; \u00edrta Ibrahim Kalin t\u00f6r\u00f6k eln\u00f6ki sz\u00f3viv\u0151 a Daily Sabah c\u00edm\u0171 angol nyelv\u0171 korm\u00e1nyp\u00e1rti t\u00f6r\u00f6k napilap szombati sz\u00e1m\u00e1ban.<\/p>\n","protected":false},"author":1,"featured_media":0,"comment_status":"open","ping_status":"closed","sticky":false,"template":"","format":"standard","meta":[],"categories":[12],"tags":[],"_links":{"self":[{"href":"https:\/\/gazdasagportal.hu\/index.php\/wp-json\/wp\/v2\/posts\/76965"}],"collection":[{"href":"https:\/\/gazdasagportal.hu\/index.php\/wp-json\/wp\/v2\/posts"}],"about":[{"href":"https:\/\/gazdasagportal.hu\/index.php\/wp-json\/wp\/v2\/types\/post"}],"author":[{"embeddable":true,"href":"https:\/\/gazdasagportal.hu\/index.php\/wp-json\/wp\/v2\/users\/1"}],"replies":[{"embeddable":true,"href":"https:\/\/gazdasagportal.hu\/index.php\/wp-json\/wp\/v2\/comments?post=76965"}],"version-history":[{"count":1,"href":"https:\/\/gazdasagportal.hu\/index.php\/wp-json\/wp\/v2\/posts\/76965\/revisions"}],"predecessor-version":[{"id":76966,"href":"https:\/\/gazdasagportal.hu\/index.php\/wp-json\/wp\/v2\/posts\/76965\/revisions\/76966"}],"wp:attachment":[{"href":"https:\/\/gazdasagportal.hu\/index.php\/wp-json\/wp\/v2\/media?parent=76965"}],"wp:term":[{"taxonomy":"category","embeddable":true,"href":"https:\/\/gazdasagportal.hu\/index.php\/wp-json\/wp\/v2\/categories?post=76965"},{"taxonomy":"post_tag","embeddable":true,"href":"https:\/\/gazdasagportal.hu\/index.php\/wp-json\/wp\/v2\/tags?post=76965"}],"curies":[{"name":"wp","href":"https:\/\/api.w.org\/{rel}","templated":true}]}}