{"id":76961,"date":"2016-03-27T07:17:00","date_gmt":"2016-03-27T06:17:00","guid":{"rendered":"http:\/\/gazdasagportal.hu\/?p=76961"},"modified":"2016-03-27T07:17:34","modified_gmt":"2016-03-27T06:17:34","slug":"san-francisco-polgarmestere-megtiltja-a-varos-lakoinak-hogy-eszak-karolinaba-utazzanak","status":"publish","type":"post","link":"https:\/\/gazdasagportal.hu\/index.php\/san-francisco-polgarmestere-megtiltja-a-varos-lakoinak-hogy-eszak-karolinaba-utazzanak\/","title":{"rendered":"San Francisco polg\u00e1rmestere megtiltja a v\u00e1ros lak\u00f3inak, hogy \u00c9szak-Karolin\u00e1ba utazzanak"},"content":{"rendered":"<p><strong>San Francisco polg\u00e1rmestere, Ed Lee k\u00f6zlem\u00e9nyben tiltotta meg a v\u00e1ros lak\u00f3inak, hogy \u00c9szak-Karolin\u00e1ba  utazzanak. A polg\u00e1rmester \u00fagy fogalmazott, hogy akinek nem okvetlen\u00fcl sz\u00fcks\u00e9ges, el kell ker\u00fclnie az \u00e1llamot. <\/strong><br \/>\n<!--more--><\/p>\n<div class=\"ads-in-post1\"><div id=\"gazdasagportal.hu_fullbanner_wideboard\"><\/div>\r\n<\/div>\n<p>    D\u00f6nt\u00e9s\u00e9t  Ed  Lee azt k\u00f6vet\u0151en hozta, hogy \u00c9szak-Karolin\u00e1ban a t\u00f6rv\u00e9nyhoz\u00e1s hat\u00e1lyon k\u00edv\u00fcl helyezte a homoszexu\u00e1lisok \u00e9s leszbikusok megk\u00fcl\u00f6nb\u00f6ztet\u00e9s\u00e9t tilt\u00f3 t\u00f6rv\u00e9nyt.<br \/>\n    &#8222;Mi, San Francisco lak\u00f3i egys\u00e9gesen el\u00edt\u00e9lj\u00fck az \u00e9szak-karolinai diszkriminat\u00edv t\u00f6rv\u00e9nyt, amely nem v\u00e9delmezi t\u00f6bb\u00e9 valamennyi amerikai polg\u00e1r, k\u00f6zt\u00fck a homoszexu\u00e1lisok \u00e9s a leszbikusok jogait&#8221; &#8211; fogalmazott k\u00f6zlem\u00e9ny\u00e9ben a polg\u00e1rmester. Egy\u00fattal bejelentette, hogy a v\u00e1rosi k\u00f6zalkalmazottaknak megtiltja az utaz\u00e1st \u00c9szak-Karolin\u00e1ba, hacsak ezt az utaz\u00e1st nem indokolj\u00e1k k\u00fcl\u00f6nleges k\u00f6zeg\u00e9szs\u00e9g\u00fcgyi vagy biztons\u00e1gi okok.<br \/>\n    K\u00f6zben Florida \u00e1llam korm\u00e1nyz\u00f3ja, Rick Scott azt a t\u00f6rv\u00e9nyt \u00edrta al\u00e1, amely megsz\u00fcnteti a k\u00f6zp\u00e9nzb\u0151l ny\u00fajtott t\u00e1mogat\u00e1st azoknak a klinik\u00e1knak, amelyek abortuszt v\u00e9geznek. A d\u00e9li Florida ezzel azon sz\u00f6vets\u00e9gi \u00e1llamok sor\u00e1ba l\u00e9pett, amelyek \u00faj t\u00f6rv\u00e9nyekkel szab\u00e1lyozz\u00e1k &#8211; szigor\u00edtj\u00e1k &#8211; a m\u0171vi magzatelhajt\u00e1st.         Az Egyes\u00fclt \u00c1llamok Legfels\u0151 B\u00edr\u00f3s\u00e1ga egy\u00e9bk\u00e9nt 1973-ban d\u00f6nt\u00f6tt az abortusz legaliz\u00e1l\u00e1s\u00e1r\u00f3l.(MTI)<\/p>\n","protected":false},"excerpt":{"rendered":"<p>San Francisco polg\u00e1rmestere, Ed Lee k\u00f6zlem\u00e9nyben tiltotta meg a v\u00e1ros lak\u00f3inak, hogy \u00c9szak-Karolin\u00e1ba utazzanak. A polg\u00e1rmester \u00fagy fogalmazott, hogy akinek nem okvetlen\u00fcl sz\u00fcks\u00e9ges, el kell ker\u00fclnie az \u00e1llamot.<\/p>\n","protected":false},"author":1,"featured_media":0,"comment_status":"open","ping_status":"closed","sticky":false,"template":"","format":"standard","meta":[],"categories":[13],"tags":[],"_links":{"self":[{"href":"https:\/\/gazdasagportal.hu\/index.php\/wp-json\/wp\/v2\/posts\/76961"}],"collection":[{"href":"https:\/\/gazdasagportal.hu\/index.php\/wp-json\/wp\/v2\/posts"}],"about":[{"href":"https:\/\/gazdasagportal.hu\/index.php\/wp-json\/wp\/v2\/types\/post"}],"author":[{"embeddable":true,"href":"https:\/\/gazdasagportal.hu\/index.php\/wp-json\/wp\/v2\/users\/1"}],"replies":[{"embeddable":true,"href":"https:\/\/gazdasagportal.hu\/index.php\/wp-json\/wp\/v2\/comments?post=76961"}],"version-history":[{"count":2,"href":"https:\/\/gazdasagportal.hu\/index.php\/wp-json\/wp\/v2\/posts\/76961\/revisions"}],"predecessor-version":[{"id":76967,"href":"https:\/\/gazdasagportal.hu\/index.php\/wp-json\/wp\/v2\/posts\/76961\/revisions\/76967"}],"wp:attachment":[{"href":"https:\/\/gazdasagportal.hu\/index.php\/wp-json\/wp\/v2\/media?parent=76961"}],"wp:term":[{"taxonomy":"category","embeddable":true,"href":"https:\/\/gazdasagportal.hu\/index.php\/wp-json\/wp\/v2\/categories?post=76961"},{"taxonomy":"post_tag","embeddable":true,"href":"https:\/\/gazdasagportal.hu\/index.php\/wp-json\/wp\/v2\/tags?post=76961"}],"curies":[{"name":"wp","href":"https:\/\/api.w.org\/{rel}","templated":true}]}}