{"id":76954,"date":"2016-03-26T16:02:32","date_gmt":"2016-03-26T15:02:32","guid":{"rendered":"http:\/\/gazdasagportal.hu\/?p=76954"},"modified":"2016-03-26T09:04:13","modified_gmt":"2016-03-26T08:04:13","slug":"terrorizmus-masodlagos-hogy-kulfoldon-kinek-tetszik-a-magyar-terv","status":"publish","type":"post","link":"https:\/\/gazdasagportal.hu\/index.php\/terrorizmus-masodlagos-hogy-kulfoldon-kinek-tetszik-a-magyar-terv\/","title":{"rendered":"Terrorizmus &#8211; M\u00e1sodlagos, hogy k\u00fclf\u00f6ld\u00f6n kinek tetszik a magyar terv"},"content":{"rendered":"<p><strong>A korm\u00e1nyzati kommunik\u00e1ci\u00f3\u00e9rt felel\u0151s \u00e1llamtitk\u00e1r szerint m\u00e1sodlagos, hogy k\u00fclf\u00f6ld\u00f6n kinek tetszik vagy kinek nem a korm\u00e1ny terrorizmus elleni k\u00fczdelm\u00e9r\u0151l sz\u00f3l\u00f3 terve, az els\u0151dleges, hogy a magyarok biztons\u00e1g\u00e1t szavatolni tudj\u00e1k.<\/strong><!--more--><\/p>\n<div class=\"ads-in-post1\"><div id=\"gazdasagportal.hu_fullbanner_wideboard\"><\/div>\r\n<\/div>\n<p>    Tuzson Bence az M1 aktu\u00e1lis csatorna p\u00e9ntek esti m\u0171sor\u00e1ban azt mondta, neh\u00e9z m\u00e9rlegelni, hogy Magyarorsz\u00e1gon mekkora es\u00e9lye van egy terrort\u00e1mad\u00e1snak, de ennek es\u00e9ly\u00e9t minimaliz\u00e1lni kell. Elmond\u00e1sa szerint a terrorist\u00e1k a gyenge pontokat keresik, \u00e9s nem szabad, hogy Magyarorsz\u00e1g az legyen, ez\u00e9rt er\u0151s v\u00e9delmi rendszerre van sz\u00fcks\u00e9g.<br \/>\n    Ki\u00e9rt arra is, hogy a korm\u00e1nynak ehhez meg kell kapnia a sz\u00fcks\u00e9ges eszk\u00f6z\u00f6ket, ez\u00e9rt fontos &#8211; mondta -, hogy a parlament elfogadja az err\u0151l sz\u00f3l\u00f3 k\u00e9tharmados t\u00f6rv\u00e9nyt.(MTI)<\/p>\n","protected":false},"excerpt":{"rendered":"<p>A korm\u00e1nyzati kommunik\u00e1ci\u00f3\u00e9rt felel\u0151s \u00e1llamtitk\u00e1r szerint m\u00e1sodlagos, hogy k\u00fclf\u00f6ld\u00f6n kinek tetszik vagy kinek nem a korm\u00e1ny terrorizmus elleni k\u00fczdelm\u00e9r\u0151l sz\u00f3l\u00f3 terve, az els\u0151dleges, hogy a magyarok biztons\u00e1g\u00e1t szavatolni tudj\u00e1k.<\/p>\n","protected":false},"author":1,"featured_media":0,"comment_status":"open","ping_status":"closed","sticky":false,"template":"","format":"standard","meta":[],"categories":[4],"tags":[],"_links":{"self":[{"href":"https:\/\/gazdasagportal.hu\/index.php\/wp-json\/wp\/v2\/posts\/76954"}],"collection":[{"href":"https:\/\/gazdasagportal.hu\/index.php\/wp-json\/wp\/v2\/posts"}],"about":[{"href":"https:\/\/gazdasagportal.hu\/index.php\/wp-json\/wp\/v2\/types\/post"}],"author":[{"embeddable":true,"href":"https:\/\/gazdasagportal.hu\/index.php\/wp-json\/wp\/v2\/users\/1"}],"replies":[{"embeddable":true,"href":"https:\/\/gazdasagportal.hu\/index.php\/wp-json\/wp\/v2\/comments?post=76954"}],"version-history":[{"count":1,"href":"https:\/\/gazdasagportal.hu\/index.php\/wp-json\/wp\/v2\/posts\/76954\/revisions"}],"predecessor-version":[{"id":76955,"href":"https:\/\/gazdasagportal.hu\/index.php\/wp-json\/wp\/v2\/posts\/76954\/revisions\/76955"}],"wp:attachment":[{"href":"https:\/\/gazdasagportal.hu\/index.php\/wp-json\/wp\/v2\/media?parent=76954"}],"wp:term":[{"taxonomy":"category","embeddable":true,"href":"https:\/\/gazdasagportal.hu\/index.php\/wp-json\/wp\/v2\/categories?post=76954"},{"taxonomy":"post_tag","embeddable":true,"href":"https:\/\/gazdasagportal.hu\/index.php\/wp-json\/wp\/v2\/tags?post=76954"}],"curies":[{"name":"wp","href":"https:\/\/api.w.org\/{rel}","templated":true}]}}