{"id":76952,"date":"2016-03-26T14:40:15","date_gmt":"2016-03-26T13:40:15","guid":{"rendered":"http:\/\/gazdasagportal.hu\/?p=76952"},"modified":"2016-03-26T09:02:07","modified_gmt":"2016-03-26T08:02:07","slug":"nav-igy-is-lehet-adot-csokkenteni","status":"publish","type":"post","link":"https:\/\/gazdasagportal.hu\/index.php\/nav-igy-is-lehet-adot-csokkenteni\/","title":{"rendered":"NAV: Igy is lehet ad\u00f3t cs\u00f6kkenteni"},"content":{"rendered":"<p><strong>A n\u00e9peg\u00e9szs\u00e9g\u00fcgyi term\u00e9kad\u00f3t (neta) janu\u00e1r 1. \u00f3ta cs\u00f6kkenteni lehet az eg\u00e9szs\u00e9gmeg\u0151rz\u0151 programok k\u00f6lts\u00e9geivel legfeljebb az ad\u00f3 \u00f6sszeg\u00e9nek 10 sz\u00e1zal\u00e9k\u00e1ig &#8211; h\u00edvja fel a figyelmet a Nemzeti Ad\u00f3- \u00e9s V\u00e1mhivatal (NAV) a honlapj\u00e1n k\u00f6zz\u00e9tett t\u00e1j\u00e9koztat\u00f3ban.<br \/>\n<\/strong><!--more--><\/p>\n<div class=\"ads-in-post1\"><div id=\"gazdasagportal.hu_fullbanner_wideboard\"><\/div>\r\n<\/div>\n    Eg\u00e9szs\u00e9gmeg\u0151rz\u0151 programnak min\u0151s\u00fcl az ad\u00f3alany k\u00f6lts\u00e9gekkel j\u00e1r\u00f3, vagy a n\u00e9peg\u00e9szs\u00e9g\u00fcgyi szerv eg\u00e9szs\u00e9ges \u00e9tkez\u00e9sre, \u00e9letm\u00f3dra, a sportol\u00e1s el\u0151seg\u00edt\u00e9s\u00e9re, \u00f6szt\u00f6nz\u00e9s\u00e9re ir\u00e1nyul\u00f3 tev\u00e9kenys\u00e9ge, akci\u00f3ja, programja, amely b\u00e1rmely mag\u00e1nszem\u00e9ly \u00e1ltal, ingyenesen el\u00e9rhet\u0151. Az ad\u00f3cs\u00f6kkent\u00e9s b\u00e1rmely er\u0151kifejt\u00e9ssel j\u00e1r\u00f3 szabadid\u0151s tev\u00e9kenys\u00e9g n\u00e9pszer\u0171s\u00edt\u00e9s\u00e9re ir\u00e1nyul\u00f3 tev\u00e9kenys\u00e9g kapcs\u00e1n alkalmazhat\u00f3.<br \/>\n    Ha az ad\u00f3alanynak nincs saj\u00e1t programja, n\u00e9peg\u00e9szs\u00e9g\u00fcgyi szerv \u00e1ltal szervezett eg\u00e9szs\u00e9gmeg\u0151rz\u0151 programhoz is csatlakozhat, vagyis \u00e9lhet az ad\u00f3cs\u00f6kkent\u00e9ssel akkor is, ha p\u00e9ld\u00e1ul havonta meghat\u00e1rozott p\u00e9nz\u00f6sszeget \u00e1tutal a n\u00e9peg\u00e9szs\u00e9g\u00fcgyi szerv sz\u00e1ml\u00e1j\u00e1ra az \u00e1ltala szervezett program k\u00f6lts\u00e9geihez val\u00f3 hozz\u00e1j\u00e1rul\u00e1s c\u00edm\u00e9n. Ekkor az aktu\u00e1lis ad\u00f3meg\u00e1llap\u00edt\u00e1si id\u0151szakra fizetend\u0151 ad\u00f3t az ugyanazon id\u0151szakban \u00e1tutalt\/befizetett \u00f6sszeggel lehet cs\u00f6kkenteni (a fizetend\u0151 ad\u00f3 \u00f6sszeg\u00e9nek 10 sz\u00e1zal\u00e9k\u00e1ig).<br \/>\n    Ak\u00e1r saj\u00e1t, ak\u00e1r n\u00e9peg\u00e9szs\u00e9g\u00fcgyi szerv \u00e1ltal ind\u00edtott programr\u00f3l van azonban sz\u00f3, az ad\u00f3cs\u00f6kkent\u00e9s kiz\u00e1r\u00f3lag akkor vehet\u0151 ig\u00e9nybe, ha az b\u00e1rmely mag\u00e1nszem\u00e9ly \u00e1ltal ingyenesen hozz\u00e1f\u00e9rhet\u0151, el\u00e9rhet\u0151, teh\u00e1t nem alkalmazhat\u00f3 p\u00e9ld\u00e1ul az ad\u00f3alany saj\u00e1t munkav\u00e1llal\u00f3inak szervezett rendezv\u00e9nyei eset\u00e9ben. Azon tev\u00e9kenys\u00e9g, rendezv\u00e9ny, amely &#8211; ak\u00e1r csak jelk\u00e9pes \u00f6sszeg\u0171 &#8211; nevez\u00e9si\/r\u00e9szv\u00e9teli d\u00edj ellen\u00e9ben vehet\u0151 ig\u00e9nybe, nem min\u0151s\u00fcl eg\u00e9szs\u00e9gmeg\u0151rz\u0151 programnak. A nem szabadt\u00e9ren megrendezett programok eset\u00e9ben a l\u00e9tsz\u00e1mkorl\u00e1toz\u00e1s nem kiz\u00e1r\u00f3 t\u00e9nyez\u0151, a rendezv\u00e9nnyel kapcsolatos k\u00f6lts\u00e9gek levonhat\u00f3k a net\u00e1b\u00f3l. Ha azonban az ad\u00f3alany p\u00e9ld\u00e1ul a ker\u00e9kp\u00e1roz\u00e1st n\u00e9pszer\u0171s\u00edt\u0151 programja keret\u00e9ben a ker\u00e9kp\u00e1r m\u00e1rk\u00e1j\u00e1t n\u00e9pszer\u0171s\u00edt\u0151 tev\u00e9kenys\u00e9get is folytat, az ut\u00f3bbival kapcsolatban felmer\u00fclt k\u00f6lts\u00e9gek nem vonhat\u00f3k le.<br \/>\n    Az ad\u00f3hat\u00f3s\u00e1g arra is felh\u00edvja a figyelmet, hogy az ad\u00f3ellen\u0151rz\u00e9s alkalm\u00e1val sz\u00e1ml\u00e1val, sz\u00e1mviteli bizonylattal vagy m\u00e1s okirattal (p\u00e9ld\u00e1ul szerz\u0151d\u00e9ssel) kell igazolni az ad\u00f3cs\u00f6kkent\u00e9s sor\u00e1n elsz\u00e1molt k\u00f6lts\u00e9gek hiteless\u00e9g\u00e9t. Olyan nyilv\u00e1ntart\u00e1st \u00e9rdemes vezetni, amelyb\u0151l az ad\u00f3meg\u00e1llap\u00edt\u00e1si id\u0151szakban az eg\u00e9szs\u00e9gmeg\u0151rz\u0151 programmal kapcsolatban felmer\u00fclt k\u00f6lts\u00e9gek\/r\u00e1ford\u00edt\u00e1sok egy\u00e9rtelm\u0171en beazonos\u00edthat\u00f3ak, \u00f6sszegszer\u0171en meghat\u00e1rozhat\u00f3ak \u00e9s hitelesek.<br \/>\n    Az ad\u00f3cs\u00f6kkent\u00e9st kiz\u00e1r\u00f3lag abban az ad\u00f3meg\u00e1llap\u00edt\u00e1si id\u0151szakban lehet alkalmazni, amikor a k\u00f6lts\u00e9gek, r\u00e1ford\u00edt\u00e1sok felmer\u00fcltek, vagyis csak arr\u00f3l az id\u0151szakr\u00f3l sz\u00f3l\u00f3 ad\u00f3bevall\u00e1sban lehet \u00e9rv\u00e9nyes\u00edteni. Ha nem sz\u00e1molt\u00e1k el a kedvezm\u00e9nyt, ut\u00f3lag, \u00f6nellen\u0151rz\u00e9ssel lehet \u00e9rv\u00e9nyes\u00edteni.<br \/>\n    A NAV egy konkr\u00e9t p\u00e9ld\u00e1t is ismertet az ad\u00f3cs\u00f6kkent\u00e9sre. E szerint az ad\u00f3alanynak az ad\u00f3-meg\u00e1llap\u00edt\u00e1si id\u0151szakban 7,6 milli\u00f3 forint neta-fizet\u00e9si k\u00f6telezetts\u00e9ge keletkezett, azonban ugyanezen id\u0151szakban 13,2 milli\u00f3 forint k\u00f6lts\u00e9ge is felmer\u00fclt eg\u00e9szs\u00e9gmeg\u0151rz\u0151 programokkal kapcsolatban. Ha \u00e9l az \u00faj kedvezm\u00e9nnyel, az egy\u00e9bk\u00e9nt fizetend\u0151 ad\u00f3 \u00f6sszeg\u00e9nek maximum 10 sz\u00e1zal\u00e9k\u00e1val, vagyis legfeljebb 760 ezer forinttal cs\u00f6kkentheti a fizetend\u0151 ad\u00f3 \u00f6sszeg\u00e9t, vagyis 7,6 milli\u00f3 forint helyett 6,84 milli\u00f3 forint net\u00e1t kell fizetnie. Az ad\u00f3cs\u00f6kkent\u00e9s sor\u00e1n el nem sz\u00e1molt 12,44 milli\u00f3 forintos k\u00f6lts\u00e9gr\u00e9szt nem lehet figyelembe venni a k\u00f6vetkez\u0151 ad\u00f3meg\u00e1llap\u00edt\u00e1si id\u0151szakokban fizetend\u0151 ad\u00f3 cs\u00f6kkent\u00e9s\u00e9hez.(MTI)<\/p>\n","protected":false},"excerpt":{"rendered":"<p>A n\u00e9peg\u00e9szs\u00e9g\u00fcgyi term\u00e9kad\u00f3t (neta) janu\u00e1r 1. \u00f3ta cs\u00f6kkenteni lehet az eg\u00e9szs\u00e9gmeg\u0151rz\u0151 programok k\u00f6lts\u00e9geivel legfeljebb az ad\u00f3 \u00f6sszeg\u00e9nek 10 sz\u00e1zal\u00e9k\u00e1ig &#8211; h\u00edvja fel a figyelmet a Nemzeti Ad\u00f3- \u00e9s V\u00e1mhivatal (NAV) a honlapj\u00e1n k\u00f6zz\u00e9tett t\u00e1j\u00e9koztat\u00f3ban.<\/p>\n","protected":false},"author":1,"featured_media":0,"comment_status":"open","ping_status":"closed","sticky":false,"template":"","format":"standard","meta":[],"categories":[20],"tags":[],"_links":{"self":[{"href":"https:\/\/gazdasagportal.hu\/index.php\/wp-json\/wp\/v2\/posts\/76952"}],"collection":[{"href":"https:\/\/gazdasagportal.hu\/index.php\/wp-json\/wp\/v2\/posts"}],"about":[{"href":"https:\/\/gazdasagportal.hu\/index.php\/wp-json\/wp\/v2\/types\/post"}],"author":[{"embeddable":true,"href":"https:\/\/gazdasagportal.hu\/index.php\/wp-json\/wp\/v2\/users\/1"}],"replies":[{"embeddable":true,"href":"https:\/\/gazdasagportal.hu\/index.php\/wp-json\/wp\/v2\/comments?post=76952"}],"version-history":[{"count":1,"href":"https:\/\/gazdasagportal.hu\/index.php\/wp-json\/wp\/v2\/posts\/76952\/revisions"}],"predecessor-version":[{"id":76953,"href":"https:\/\/gazdasagportal.hu\/index.php\/wp-json\/wp\/v2\/posts\/76952\/revisions\/76953"}],"wp:attachment":[{"href":"https:\/\/gazdasagportal.hu\/index.php\/wp-json\/wp\/v2\/media?parent=76952"}],"wp:term":[{"taxonomy":"category","embeddable":true,"href":"https:\/\/gazdasagportal.hu\/index.php\/wp-json\/wp\/v2\/categories?post=76952"},{"taxonomy":"post_tag","embeddable":true,"href":"https:\/\/gazdasagportal.hu\/index.php\/wp-json\/wp\/v2\/tags?post=76952"}],"curies":[{"name":"wp","href":"https:\/\/api.w.org\/{rel}","templated":true}]}}