{"id":76926,"date":"2016-03-26T04:22:59","date_gmt":"2016-03-26T03:22:59","guid":{"rendered":"http:\/\/gazdasagportal.hu\/?p=76926"},"modified":"2016-03-25T22:43:45","modified_gmt":"2016-03-25T21:43:45","slug":"elve-akartak-elfogni-a-terrorszervezet-masodik-szamu-vezetojet","status":"publish","type":"post","link":"https:\/\/gazdasagportal.hu\/index.php\/elve-akartak-elfogni-a-terrorszervezet-masodik-szamu-vezetojet\/","title":{"rendered":"\u00c9lve akart\u00e1k elfogni a terrorszervezet m\u00e1sodik sz\u00e1m\u0171 vezet\u0151j\u00e9t"},"content":{"rendered":"<p><strong>\u00dajabb r\u00e9szleteket k\u00f6z\u00f6lt az amerikai m\u00e9dia p\u00e9nteken az Iszl\u00e1m \u00c1llam (I\u00c1) nev\u0171 terrorszervezet m\u00e1sodik sz\u00e1m\u00fa vezet\u0151j\u00e9nek Sz\u00edri\u00e1ban t\u00f6rt\u00e9nt likvid\u00e1l\u00e1s\u00e1val kapcsolatban Ashton Carter v\u00e9delmi miniszter aznapi bejelent\u00e9s\u00e9t k\u00f6vet\u0151en, \u00edgy p\u00e9ld\u00e1ul azt, hogy az amerikaiak \u00e9lve akart\u00e1k elfogni Abd ar-Rahm\u00e1n Musztafa al-Kadulit.<\/strong><!--more--><\/p>\n<div class=\"ads-in-post1\"><div id=\"gazdasagportal.hu_fullbanner_wideboard\"><\/div>\r\n<\/div>\n<p>    K\u00e9t amerikai telev\u00edzi\u00f3s csatorna is id\u00e9zett magukat megnevezni nem k\u00edv\u00e1n\u00f3 v\u00e9delmi miniszt\u00e9riumi tiszts\u00e9gvisel\u0151ket, akik azt \u00e1ll\u00edtott\u00e1k: az amerikai katonai vezet\u00e9s sz\u00e1nd\u00e9ka az volt, hogy \u00e9lve fogj\u00e1k el al-Kadulit, aki az Iszl\u00e1m \u00c1llam (I\u00c1) vezet\u0151je, Abu Bakr al-Bagdadi helyettes\u00e9nek, egyben a terrorszervezet &#8222;p\u00e9nz\u00fcgyminiszter\u00e9nek&#8221; tartottak.<br \/>\n    A forr\u00e1sok arr\u00f3l sz\u00e1moltak be a CNN \u00e9s a Fox h\u00edrtelev\u00edzi\u00f3knak, hogy az amerikai k\u00fcl\u00f6nleges hadm\u0171veletek er\u0151i helikopterrel k\u00f6vett\u00e9k az al-Kadulit sz\u00e1ll\u00edt\u00f3 g\u00e9pkocsit, az utols\u00f3 pillanatban azonban t\u00f6rt\u00e9nhetett valami, ami arra k\u00e9sztette \u0151ket, hogy t\u00fczet nyissanak a j\u00e1rm\u0171re. Az id\u00e9zett tiszts\u00e9gvisel\u0151 azonban nem k\u00edv\u00e1nta kifejteni, hogy mi volt az, ami az eredeti tervek megv\u00e1ltoztat\u00e1s\u00e1ra k\u00e9sztette a k\u00fcl\u00f6nleges er\u0151ket, amelyek egy\u00e9bk\u00e9nt m\u00e1r napok \u00f3ta figyelt\u00e9k al-Kaduli mozg\u00e1s\u00e1t.<br \/>\n    Ashton Carter Washingtonban sajt\u00f3t\u00e1j\u00e9koztat\u00f3 keret\u00e9ben k\u00f6z\u00f6lte, hogy az Iszl\u00e1m \u00c1llam (I\u00c1) terrorszervezet t\u00f6bb kulcsfontoss\u00e1g\u00fa vezet\u0151j\u00e9vel, k\u00f6zt\u00fck a csoport m\u00e1sodik sz\u00e1m\u00fa vez\u00e9r\u00e9vel v\u00e9geztek a h\u00e9ten az amerikai fegyveres er\u0151k Irakban, illetve Sz\u00edri\u00e1ban.<br \/>\n    Carter k\u00f6z\u00f6lte azt is, hogy v\u00e1rhat\u00f3an m\u00e9g t\u00f6bb amerikai katon\u00e1t k\u00fcldenek Irakba a k\u00f6zelj\u00f6v\u0151ben. Hozz\u00e1tette, hogy m\u00e9g nem sz\u00fcletett meg a d\u00f6nt\u00e9s.<br \/>\n    A d\u00e9lel\u0151tti sajt\u00f3t\u00e1j\u00e9koztat\u00f3n szint\u00e9n megsz\u00f3lal\u00f3 Joseph Dunford t\u00e1bornok, a vez\u00e9rkari f\u0151n\u00f6k\u00f6k egyes\u00edtett bizotts\u00e1g\u00e1nak eln\u00f6ke m\u00e1r elmondta, hogy a koal\u00edci\u00f3s er\u0151k egyre ink\u00e1bb teret nyernek, s sz\u00e9p sorban &#8222;levad\u00e1ssz\u00e1k&#8221; az Iszl\u00e1m \u00c1llam vezet\u0151it, a CNN h\u00edrtelev\u00edzi\u00f3 azonban d\u00e9lut\u00e1n tov\u00e1bbi r\u00e9szletekkel is szolg\u00e1lt. A h\u00edrcsatorna megsz\u00f3laltatta a helysz\u00ednr\u0151l Joseph Warren ezredest, az operat\u00edv er\u0151k parancsnok\u00e1t, aki elmondta, hogy Abu Bakr al-Bagdadi, az Iszl\u00e1m \u00c1llam vezet\u0151je lass\u00fa ember ugyan, de okos, \u00f3vatosan \u00e9s nagy k\u00f6r\u00fcltekint\u00e9ssel mozog, s annak ellen\u00e9re, hogy t\u00edzmilli\u00f3 doll\u00e1ros v\u00e9rd\u00edjat t\u0171ztek ki a fej\u00e9re, neh\u00e9z lesz elfogni.<br \/>\n    A h\u00edrcsatorna megsz\u00f3laltatott egy terrorszak\u00e9rt\u0151t is, aki elmondta, hogy a most likvid\u00e1lt al-Kaduli kor\u00e1bban az al-Kaida terrorszervezet m\u00e1sodik sz\u00e1m\u00fa vezet\u0151j\u00e9nek, Abu Musz\u00e1b al-Zark\u00e1vinak a jobbkeze volt, az iraki hat\u00f3s\u00e1gok le is tart\u00f3ztatt\u00e1k, \u00e1m 2012-ben szabadon bocs\u00e1tott\u00e1k, s ekkor csatlakozott az Iszl\u00e1m \u00c1llamhoz. Az egy\u00e9bk\u00e9nt fizikatan\u00e1r v\u00e9gzetts\u00e9g\u0171 al-Kadulit Al-Bagdadi helyettesek\u00e9nt tartott\u00e1k ugyan sz\u00e1mon, de mivel t\u00fcrkm\u00e9n volt, ez val\u00f3sz\u00edn\u0171leg akad\u00e1lyt jelentett volna abban, hogy \u0151 k\u00f6vesse al-Bagdadit a terrorszervezet \u00e9l\u00e9n.(MTI)<\/p>\n","protected":false},"excerpt":{"rendered":"<p>\u00dajabb r\u00e9szleteket k\u00f6z\u00f6lt az amerikai m\u00e9dia p\u00e9nteken az Iszl\u00e1m \u00c1llam (I\u00c1) nev\u0171 terrorszervezet m\u00e1sodik sz\u00e1m\u00fa vezet\u0151j\u00e9nek Sz\u00edri\u00e1ban t\u00f6rt\u00e9nt likvid\u00e1l\u00e1s\u00e1val kapcsolatban Ashton Carter v\u00e9delmi miniszter aznapi bejelent\u00e9s\u00e9t k\u00f6vet\u0151en, \u00edgy p\u00e9ld\u00e1ul azt, hogy az amerikaiak \u00e9lve akart\u00e1k elfogni Abd ar-Rahm\u00e1n Musztafa al-Kadulit.<\/p>\n","protected":false},"author":1,"featured_media":0,"comment_status":"open","ping_status":"closed","sticky":false,"template":"","format":"standard","meta":[],"categories":[12],"tags":[],"_links":{"self":[{"href":"https:\/\/gazdasagportal.hu\/index.php\/wp-json\/wp\/v2\/posts\/76926"}],"collection":[{"href":"https:\/\/gazdasagportal.hu\/index.php\/wp-json\/wp\/v2\/posts"}],"about":[{"href":"https:\/\/gazdasagportal.hu\/index.php\/wp-json\/wp\/v2\/types\/post"}],"author":[{"embeddable":true,"href":"https:\/\/gazdasagportal.hu\/index.php\/wp-json\/wp\/v2\/users\/1"}],"replies":[{"embeddable":true,"href":"https:\/\/gazdasagportal.hu\/index.php\/wp-json\/wp\/v2\/comments?post=76926"}],"version-history":[{"count":1,"href":"https:\/\/gazdasagportal.hu\/index.php\/wp-json\/wp\/v2\/posts\/76926\/revisions"}],"predecessor-version":[{"id":76927,"href":"https:\/\/gazdasagportal.hu\/index.php\/wp-json\/wp\/v2\/posts\/76926\/revisions\/76927"}],"wp:attachment":[{"href":"https:\/\/gazdasagportal.hu\/index.php\/wp-json\/wp\/v2\/media?parent=76926"}],"wp:term":[{"taxonomy":"category","embeddable":true,"href":"https:\/\/gazdasagportal.hu\/index.php\/wp-json\/wp\/v2\/categories?post=76926"},{"taxonomy":"post_tag","embeddable":true,"href":"https:\/\/gazdasagportal.hu\/index.php\/wp-json\/wp\/v2\/tags?post=76926"}],"curies":[{"name":"wp","href":"https:\/\/api.w.org\/{rel}","templated":true}]}}