{"id":76890,"date":"2016-03-25T10:47:45","date_gmt":"2016-03-25T09:47:45","guid":{"rendered":"http:\/\/gazdasagportal.hu\/?p=76890"},"modified":"2016-03-25T10:47:45","modified_gmt":"2016-03-25T09:47:45","slug":"sztrajkbizottsag-alakult-a-sopronkovesdi-autolivben","status":"publish","type":"post","link":"https:\/\/gazdasagportal.hu\/index.php\/sztrajkbizottsag-alakult-a-sopronkovesdi-autolivben\/","title":{"rendered":"Sztr\u00e1jkbizotts\u00e1g alakult a sopronk\u00f6vesdi Autolivben"},"content":{"rendered":"<p><strong>Sztr\u00e1jkbizotts\u00e1g alakult cs\u00fct\u00f6rt\u00f6k este a sopronk\u00f6vesdi Autoliv Ipari \u00e9s Kereskedelmi Kft.-ben, miut\u00e1n a munkav\u00e1llal\u00f3kat t\u00f6m\u00f6r\u00edt\u0151 \u00e9rdekk\u00e9pviselet nem tudott meg\u00e1llapodni a nyugat-dun\u00e1nt\u00fali r\u00e9gi\u00f3 egyik legnagyobb, 2400 embert foglalkoztat\u00f3, aut\u00f3ipari besz\u00e1ll\u00edt\u00f3 v\u00e1llalat\u00e1nak vezet\u0151ivel az idei \u00e9vi b\u00e9remel\u00e9s m\u00e9rt\u00e9k\u00e9r\u0151l &#8211; t\u00e1j\u00e9koztatta a Vasas Szakszervezeti Sz\u00f6vets\u00e9g helyi eln\u00f6ke p\u00e9nteken az MTI-t.<\/strong><!--more--><\/p>\n<div class=\"ads-in-post1\"><div id=\"gazdasagportal.hu_fullbanner_wideboard\"><\/div>\r\n<\/div>\n<p>    Marsitsn\u00e9 Horv\u00e1th Marianna elmondta, hogy az \u00e9rdekk\u00e9pviselet 12 sz\u00e1zal\u00e9kos b\u00e9remel\u00e9st k\u00f6vetel, a munk\u00e1ltat\u00f3 2,5 sz\u00e1zal\u00e9kos b\u00e9remel\u00e9st javasolt a cs\u00fct\u00f6rt\u00f6ki egyeztet\u00e9sen. Az ilyen alacsony b\u00e9remel\u00e9st megal\u00e1z\u00f3nak tartj\u00e1k &#8211; hangs\u00falyozta.<br \/>\n    A szakszervezet ezen fel\u00fcl szeretn\u00e9 \u00e9rv\u00e9nyes\u00edteni az aut\u00f3ipari c\u00e9g kor\u00e1bbi vezet\u0151j\u00e9nek k\u00e9t \u00e9vvel ezel\u0151tt, mintegy 1500 ember el\u0151tt, egy nagygy\u0171l\u00e9s keret\u00e9ben tett, ugyanakkor \u00edr\u00e1sba nem foglalt \u00edg\u00e9ret\u00e9t, amely szerint a fizikai dolgoz\u00f3k 13. havi b\u00e9rt, a szellemi \u00e9s az indirekt fizikai dolgoz\u00f3k 13. havi b\u00e9rt \u00e9s \u00fcd\u00fcl\u00e9si p\u00e9nzt kapnak az idei \u00e9vben.<br \/>\n    Ezt a kor\u00e1bbi \u00edg\u00e9retet az \u00faj vezet\u00e9s nem t\u00e1mogatja &#8211; tette hozz\u00e1.<br \/>\n    Elmondta azt is, hogy m\u00e1r elkezdt\u00e9k az al\u00e1\u00edr\u00e1sok gy\u0171jt\u00e9s\u00e9t, a sztr\u00e1jkot p\u00e9ld\u00e1ul, az \u00e9jszakai m\u0171szak valamennyi dolgoz\u00f3ja t\u00e1mogatta.<br \/>\n    Marsitsn\u00e9 Horv\u00e1th Marianna hangs\u00falyozta: az Autolivben megalakult sztr\u00e1jkbizotts\u00e1g f\u00fcggetlen az Audi Hungaria Motor Kft.-n\u00e9l m\u00e1rcius 21-\u00e9n l\u00e9trej\u00f6tt sztr\u00e1jkbizotts\u00e1gt\u00f3l, ugyanakkor mint aut\u00f3ipari besz\u00e1ll\u00edt\u00f3 t\u00e1mogatj\u00e1k az ottani t\u00f6rekv\u00e9seket is.<br \/>\n    Az MTI kereste a v\u00e1llalat vezet\u0151s\u00e9g\u00e9t, egyel\u0151re sikertelen\u00fcl.<br \/>\n    Az Autoliv Ipari \u00e9s Kereskedelmi Kft. a stockholmi sz\u00e9khely\u0171 Autoliv-c\u00e9gcsoport tagja, amely biztons\u00e1gi \u00f6veket gy\u00e1rt j\u00e1rm\u0171vekhez. A c\u00e9g 1993 \u00f3ta van jelen Magyarorsz\u00e1gon.<br \/>\n    Moln\u00e1r \u00c1kos, a Vasas Szakszervezeti Sz\u00f6vets\u00e9g nyugat-dun\u00e1nt\u00fali region\u00e1lis vezet\u0151je elmondta, hogy \u00e1ltal\u00e1nos az el\u00e9gedetlens\u00e9g az aut\u00f3ipari dolgoz\u00f3k \u00e9s a besz\u00e1ll\u00edt\u00f3i k\u00f6r munkav\u00e1llal\u00f3i k\u00f6z\u00f6tt. Az okok k\u00f6z\u00f6tt a munkaer\u0151hi\u00e1nyt, a termel\u00e9si elv\u00e1r\u00e1sok folyamatos n\u00f6veked\u00e9s\u00e9t \u00e9s az alacsony b\u00e9reket jel\u00f6lte meg.<br \/>\n    A besz\u00e1ll\u00edt\u00f3i k\u00f6rben dolgoz\u00f3k alapb\u00e9re p\u00e9ld\u00e1ul 20-30 ezer forinttal alacsonyabb, mint az \u00e1gazat vezet\u0151 v\u00e1llalatain\u00e1l dolgoz\u00f3k\u00e9 &#8211; tette hozz\u00e1. Megl\u00e1t\u00e1sa szerint ez\u00e9rt a j\u00f6v\u0151ben t\u00f6bb besz\u00e1ll\u00edt\u00f3 is k\u00f6vetheti az Autoliv p\u00e9ld\u00e1j\u00e1t.(MTI)<\/p>\n","protected":false},"excerpt":{"rendered":"<p>Sztr\u00e1jkbizotts\u00e1g alakult cs\u00fct\u00f6rt\u00f6k este a sopronk\u00f6vesdi Autoliv Ipari \u00e9s Kereskedelmi Kft.-ben, miut\u00e1n a munkav\u00e1llal\u00f3kat t\u00f6m\u00f6r\u00edt\u0151 \u00e9rdekk\u00e9pviselet nem tudott meg\u00e1llapodni a nyugat-dun\u00e1nt\u00fali r\u00e9gi\u00f3 egyik legnagyobb, 2400 embert foglalkoztat\u00f3, aut\u00f3ipari besz\u00e1ll\u00edt\u00f3 v\u00e1llalat\u00e1nak vezet\u0151ivel az idei \u00e9vi b\u00e9remel\u00e9s m\u00e9rt\u00e9k\u00e9r\u0151l &#8211; t\u00e1j\u00e9koztatta a Vasas Szakszervezeti Sz\u00f6vets\u00e9g helyi eln\u00f6ke p\u00e9nteken az MTI-t.<\/p>\n","protected":false},"author":1,"featured_media":0,"comment_status":"open","ping_status":"closed","sticky":false,"template":"","format":"standard","meta":[],"categories":[19],"tags":[],"_links":{"self":[{"href":"https:\/\/gazdasagportal.hu\/index.php\/wp-json\/wp\/v2\/posts\/76890"}],"collection":[{"href":"https:\/\/gazdasagportal.hu\/index.php\/wp-json\/wp\/v2\/posts"}],"about":[{"href":"https:\/\/gazdasagportal.hu\/index.php\/wp-json\/wp\/v2\/types\/post"}],"author":[{"embeddable":true,"href":"https:\/\/gazdasagportal.hu\/index.php\/wp-json\/wp\/v2\/users\/1"}],"replies":[{"embeddable":true,"href":"https:\/\/gazdasagportal.hu\/index.php\/wp-json\/wp\/v2\/comments?post=76890"}],"version-history":[{"count":1,"href":"https:\/\/gazdasagportal.hu\/index.php\/wp-json\/wp\/v2\/posts\/76890\/revisions"}],"predecessor-version":[{"id":76891,"href":"https:\/\/gazdasagportal.hu\/index.php\/wp-json\/wp\/v2\/posts\/76890\/revisions\/76891"}],"wp:attachment":[{"href":"https:\/\/gazdasagportal.hu\/index.php\/wp-json\/wp\/v2\/media?parent=76890"}],"wp:term":[{"taxonomy":"category","embeddable":true,"href":"https:\/\/gazdasagportal.hu\/index.php\/wp-json\/wp\/v2\/categories?post=76890"},{"taxonomy":"post_tag","embeddable":true,"href":"https:\/\/gazdasagportal.hu\/index.php\/wp-json\/wp\/v2\/tags?post=76890"}],"curies":[{"name":"wp","href":"https:\/\/api.w.org\/{rel}","templated":true}]}}